{"id":289219,"date":"2025-08-01T14:41:09","date_gmt":"2025-08-01T14:41:09","guid":{"rendered":"https:\/\/www.europesays.com\/fr\/289219\/"},"modified":"2025-08-01T14:41:09","modified_gmt":"2025-08-01T14:41:09","slug":"les-parents-de-krisztina-rady-son-ex-femme-sopposent-a-la-reouverture-de-lenquete","status":"publish","type":"post","link":"https:\/\/www.europesays.com\/fr\/289219\/","title":{"rendered":"les parents de Krisztina R\u00e1dy, son ex-femme, s&rsquo;opposent \u00e0 la r\u00e9ouverture de l&rsquo;enqu\u00eate"},"content":{"rendered":"<p>            Par<br \/>\n        <strong><br \/>\n            <a href=\"https:\/\/actu.fr\/auteur\/redaction-bordeaux\" title=\"Consulter tous les articles de R\u00e9daction Bordeaux\" target=\"_blank\" rel=\"noopener\">R\u00e9daction Bordeaux<\/a><br \/>\n        <\/strong><\/p>\n<p>        Publi\u00e9 le<\/p>\n<p>            1 ao\u00fbt 2025 \u00e0 16h10        <\/p>\n<p>Les parents de Krisztina R\u00e1dy, l\u2019\u00e9pouse de Bertrand Cantat retrouv\u00e9e pendue chez elle en 2010, <strong>s\u2019opposent \u00e0 l\u2019enqu\u00eate<\/strong> sur \u00ab\u00a0d\u2019\u00e9ventuels faits de violences volontaires\u00a0\u00bb commis par leur ex-gendre <a href=\"https:\/\/actu.fr\/nouvelle-aquitaine\/bordeaux_33063\/apres-le-documentaire-sur-bertrand-cantat-le-parquet-de-bordeaux-rouvre-l-enquete-sur-la-mort-de-son-ex-femme_62952038.html\" target=\"_blank\" rel=\"noopener\">rouverte fin juillet par le parquet de Bordeaux,<\/a> a indiqu\u00e9 vendredi leur avocat.<\/p>\n<p class=\" wall-content\">Le procureur de Bordeaux a <a href=\"https:\/\/actu.fr\/nouvelle-aquitaine\/bordeaux_33063\/mort-de-krisztina-rady-ex-femme-de-cantat-ce-que-le-documentaire-netflix-a-revele-pour-relancer-l-enquete_62972311.html\" target=\"_blank\" rel=\"noopener\">motiv\u00e9 sa d\u00e9cision par les nouveaux \u00e9l\u00e9ments<\/a> apparus dans un r\u00e9cent documentaire sur <a href=\"https:\/\/actu.fr\/tag\/netflix\" target=\"_blank\" rel=\"noopener\">Netflix<\/a> consacr\u00e9 au chanteur de Noir D\u00e9sir, condamn\u00e9 en 2003 pour <strong>le meurtre de Marie Trintignant.<\/strong><\/p>\n<p>Ils \u00ab\u00a0souhaitent l\u2019apaisement\u00a0\u00bb<\/p>\n<p class=\" wall-content\">Quatre proc\u00e9dures sur les circonstances de <strong>la mort de Krisztina R\u00e1dy <\/strong>ont d\u00e9j\u00e0 \u00e9t\u00e9 ouvertes et class\u00e9es sans suite : la premi\u00e8re apr\u00e8s son d\u00e9c\u00e8s au domicile conjugal \u00e0 Bordeaux d\u00e9but 2010, puis en 2013, 2014 et 2018.<\/p>\n<p class=\" wall-content\">\u00ab\u00a0Aujourd\u2019hui <strong>les parents souhaitent l\u2019apaisement<\/strong> et ne comprennent pas l\u2019acharnement concernant ce dossier, notamment en pr\u00e9tendant que leur gendre aurait commis un suicide forc\u00e9\u00a0\u00bb, explique Me Tibor-Louis Leh dans un communiqu\u00e9 transmis \u00e0 l\u2019AFP.<\/p>\n<p class=\" wall-content\">Il fait notamment r\u00e9f\u00e9rence au documentaire <a href=\"https:\/\/www.netflix.com\/fr\/title\/81517758\" target=\"_blank\" rel=\"noopener\">De rockstar \u00e0 tueur : le cas Cantat,<\/a> \u00ab\u00a0particuli\u00e8rement \u00e0 charge\u00a0\u00bb, selon lui.<\/p>\n<p class=\" wall-content\">Le film \u00e9voque une lettre d\u2019adieu de Krisztina R\u00e1dy, d\u00e9voil\u00e9e cette semaine par <a href=\"https:\/\/www.parismatch.com\/People\/bonjour-et-au-revoir-ce-que-revele-la-lettre-dadieu-de-krisztina-rady-ex-femme-de-bertrand-cantat-254981\" target=\"_blank\" rel=\"noopener\">Paris Match, <\/a>o\u00f9 elle \u00e9crit: \u00ab\u00a0Merci aux cris incessants et aux <strong>accusations de Bertrand,<\/strong> d\u00e9positaire exclusif de souffrance\u00a0\u00bb. Mais elle cite \u00e9galement deux autres hommes, \u00ab\u00a0lamentables petits caporaux\u00a0\u00bb, et deux femmes qui l\u2019ont fait \u00ab\u00a0souffrir\u00a0\u00bb.<\/p>\n<p class=\" wall-content\">Me Leh \u00e9voque \u00e9galement une autre lettre d\u2019adieu, en possession des parents, laquelle \u00ab\u00a0ne fait aucune allusion \u00e0 Bertrand Cantat\u00a0\u00bb mais mentionne \u00ab\u00a0un <strong>contentieux financier<\/strong> d\u2019ordre professionnel\u00a0\u00bb.<\/p>\n<p class=\" wall-content\">\n<p class=\" wall-content\">Apr\u00e8s la mort de Krisztina, ses parents ont \u00e9voqu\u00e9 \u00e0 plusieurs reprises <strong>la \u00ab\u00a0violence\u00a0\u00bb de Cantat,<\/strong> qui \u00ab\u00a0d\u2019une certaine mani\u00e8re, terrorisait\u00a0\u00bb leur fille.<\/p>\n<p class=\" wall-content\">Mais d\u00e8s 2013, ils se sont dits, par le biais de leur avocat, convaincus que Bertrand Cantat \u00ab\u00a0n\u2019est vraisemblablement <strong>pas la seule personne impliqu\u00e9e\u00a0\u00bb<\/strong> et \u00ab\u00a0qu\u2019il y a beaucoup d\u2019autres raisons complexes pour lesquelles elle s\u2019est suicid\u00e9e\u00a0\u00bb.<\/p>\n<p class=\" wall-content\">\u00ab\u00a0Les causes du suicide sont <strong>multiples\u00a0\u00bb,<\/strong> a martel\u00e9 Me Leh vendredi.<br \/>Krisztina R\u00e1dy, femme de lettres, de th\u00e9\u00e2tre et traductrice, avait rencontr\u00e9 Bertrand Cantat en 1993, lors d\u2019un festival \u00e0 Budapest.<\/p>\n<p class=\" wall-content\">Mari\u00e9 en 1997, le couple a eu <strong>deux enfants<\/strong> et n\u2019a jamais divorc\u00e9 m\u00eame s\u2019il s\u2019est s\u00e9par\u00e9 lors de la naissance de leur fille, apr\u00e8s la rencontre entre le chanteur et Marie Trintignant.<\/p>\n<p class=\" wall-content\">Krisztina Rady avait apport\u00e9 un <strong>soutien inconditionnel<\/strong> \u00e0 Bertrand Cantat lors de son proc\u00e8s en Lituanie <a href=\"https:\/\/www.ina.fr\/ina-eclaire-actu\/feminicide-marie-trintignant-bertrand-cantat-vilnius-noir-desir\" target=\"_blank\" rel=\"noopener\">pour le meurtre de l\u2019actrice,<\/a> pour lequel il a \u00e9t\u00e9 condamn\u00e9 \u00e0 huit ans de prison.<\/p>\n<p class=\" wall-content\"><strong>Avec AFP<\/strong><\/p>\n<p class=\" wall-content\">Suivez toute l\u2019actualit\u00e9 de vos villes et m\u00e9dias favoris en vous inscrivant \u00e0 <a href=\"https:\/\/moncompte.actu.fr\" title=\"D\u00e9couvez Mon Actu\" rel=\"nofollow noopener\" data-trk=\"{&quot;cta&quot;:{&quot;action&quot;:&quot;https:\\\/\\\/moncompte.actu.fr&quot;,&quot;category&quot;:&quot;mon compte&quot;,&quot;from&quot;:&quot;article footer&quot;,&quot;name&quot;:&quot;Mon actu&quot;,&quot;type&quot;:&quot;cta&quot;}}\" target=\"_blank\">Mon Actu<\/a>.<\/p>\n","protected":false},"excerpt":{"rendered":"Par R\u00e9daction Bordeaux Publi\u00e9 le 1 ao\u00fbt 2025 \u00e0 16h10 Les parents de Krisztina R\u00e1dy, l\u2019\u00e9pouse de Bertrand&hellip;\n","protected":false},"author":2,"featured_media":57156,"comment_status":"","ping_status":"","sticky":false,"template":"","format":"standard","meta":{"footnotes":""},"categories":[2817],"tags":[1111,11,1997,1777,674,118,1011,27,303,12,3592,2219,25],"class_list":{"0":"post-289219","1":"post","2":"type-post","3":"status-publish","4":"format-standard","5":"has-post-thumbnail","7":"category-bordeaux","8":"tag-actu","9":"tag-actualites","10":"tag-bordeaux","11":"tag-eu","12":"tag-europe","13":"tag-faits-divers","14":"tag-fr","15":"tag-france","16":"tag-justice","17":"tag-news","18":"tag-noir-desir","19":"tag-nouvelle-aquitaine","20":"tag-republique-francaise"},"share_on_mastodon":{"url":"","error":""},"_links":{"self":[{"href":"https:\/\/www.europesays.com\/fr\/wp-json\/wp\/v2\/posts\/289219","targetHints":{"allow":["GET"]}}],"collection":[{"href":"https:\/\/www.europesays.com\/fr\/wp-json\/wp\/v2\/posts"}],"about":[{"href":"https:\/\/www.europesays.com\/fr\/wp-json\/wp\/v2\/types\/post"}],"author":[{"embeddable":true,"href":"https:\/\/www.europesays.com\/fr\/wp-json\/wp\/v2\/users\/2"}],"replies":[{"embeddable":true,"href":"https:\/\/www.europesays.com\/fr\/wp-json\/wp\/v2\/comments?post=289219"}],"version-history":[{"count":0,"href":"https:\/\/www.europesays.com\/fr\/wp-json\/wp\/v2\/posts\/289219\/revisions"}],"wp:featuredmedia":[{"embeddable":true,"href":"https:\/\/www.europesays.com\/fr\/wp-json\/wp\/v2\/media\/57156"}],"wp:attachment":[{"href":"https:\/\/www.europesays.com\/fr\/wp-json\/wp\/v2\/media?parent=289219"}],"wp:term":[{"taxonomy":"category","embeddable":true,"href":"https:\/\/www.europesays.com\/fr\/wp-json\/wp\/v2\/categories?post=289219"},{"taxonomy":"post_tag","embeddable":true,"href":"https:\/\/www.europesays.com\/fr\/wp-json\/wp\/v2\/tags?post=289219"}],"curies":[{"name":"wp","href":"https:\/\/api.w.org\/{rel}","templated":true}]}}