{"id":289220,"date":"2025-08-01T14:42:14","date_gmt":"2025-08-01T14:42:14","guid":{"rendered":"https:\/\/www.europesays.com\/fr\/289220\/"},"modified":"2025-08-01T14:42:14","modified_gmt":"2025-08-01T14:42:14","slug":"les-lectures-preferees-a-toulouse-et-en-france-haute-garonne","status":"publish","type":"post","link":"https:\/\/www.europesays.com\/fr\/289220\/","title":{"rendered":"Les lectures pr\u00e9f\u00e9r\u00e9es \u00e0 Toulouse et en France &#8211; Haute Garonne"},"content":{"rendered":"<p>                    <img width=\"2560\" height=\"1707\" src=\"https:\/\/www.europesays.com\/fr\/wp-content\/uploads\/2025\/08\/joel-muniz-XqXJJhK-c08-unsplash-scaled.jpg\" class=\"img-fluid landscape wp-post-image\" alt=\"&quot;Le Dernier Jour d'un Condamn\u00e9&quot; de Victor Hugo en t\u00eate des entes locales\" itemprop=\"image\" decoding=\"async\" fetchpriority=\"high\"  \/>                    <\/p>\n<p itemprop=\"name\">\n                                                \u00ab\u00a0Le Dernier Jour d&rsquo;un Condamn\u00e9\u00a0\u00bb de Victor Hugo en t\u00eate des entes locales<br \/>\n                         Cr\u00e9dits :<br \/>\n                            Unsplash\n                                                <\/p>\n<p><strong>Amazon d\u00e9voile les pr\u00e9f\u00e9rences de lecture estivales. Les romans psychologiques dominent tandis que Toulouse privil\u00e9gie les classiques.<\/strong>&#13;<br \/>\n&#13;<br \/>\nLe g\u00e9ant du commerce en ligne a r\u00e9v\u00e9l\u00e9 mardi les tendances litt\u00e9raires de l&rsquo;\u00e9t\u00e9 2025. Les thrillers psychologiques trustent le haut du classement national avec la s\u00e9rie de Freida McFadden \u00ab\u00a0La femme de m\u00e9nage\u00a0\u00bb, \u00ab\u00a0La Psy\u00a0\u00bb, \u00ab\u00a0La Prof\u00a0\u00bb et \u00ab\u00a0\u00c0 retardement\u00a0\u00bb de Franck Thilliez.&#13;<br \/>\n&#13;<br \/>\nToulouse se distingue par sa fid\u00e9lit\u00e9 aux grands classiques. \u00ab\u00a0Le Dernier Jour d&rsquo;un Condamn\u00e9\u00a0\u00bb de Victor Hugo figure en t\u00eate des ventes locales. Ce r\u00e9quisitoire contre la peine de mort continue de toucher les lecteurs de la Ville rose.&#13;<br \/>\n&#13;<br \/>\nParmi les autres livres pr\u00e9f\u00e9r\u00e9s des Fran\u00e7ais durant l&rsquo;\u00e9t\u00e9, on retrouve le tr\u00e8s c\u00e9l\u00e8bre Le Petit Prince d\u2019Antoine de Saint-Exup\u00e9ry, La Tr\u00e8s Catastrophique Visite du Zoo de Jo\u00ebl Dicker, Papa, Je Veux Lire Ton Histoire Edition FamiliaVie et Les heures fragiles de Virginie Grimaldi et Clamser \u00e0 Tataouine de Raphael Qu\u00e9nard.<\/p>\n<p>                Cet article est r\u00e9serv\u00e9 aux abonn\u00e9s.<\/p>\n<p class=\"signature\" itemscope=\"\" itemprop=\"Author\" itemtype=\"http:\/\/schema.org\/Person\">\n                MS31\n            <\/p>\n","protected":false},"excerpt":{"rendered":"\u00ab\u00a0Le Dernier Jour d&rsquo;un Condamn\u00e9\u00a0\u00bb de Victor Hugo en t\u00eate des entes locales Cr\u00e9dits : Unsplash Amazon d\u00e9voile&hellip;\n","protected":false},"author":2,"featured_media":289221,"comment_status":"","ping_status":"","sticky":false,"template":"","format":"standard","meta":{"footnotes":""},"categories":[2816],"tags":[1111,11,1777,674,1011,27,12,2680,301,25,2312],"class_list":{"0":"post-289220","1":"post","2":"type-post","3":"status-publish","4":"format-standard","5":"has-post-thumbnail","7":"category-toulouse","8":"tag-actu","9":"tag-actualites","10":"tag-eu","11":"tag-europe","12":"tag-fr","13":"tag-france","14":"tag-news","15":"tag-occitanie","16":"tag-premium","17":"tag-republique-francaise","18":"tag-toulouse"},"share_on_mastodon":{"url":"https:\/\/pubeurope.com\/@fr\/114954039745321680","error":""},"_links":{"self":[{"href":"https:\/\/www.europesays.com\/fr\/wp-json\/wp\/v2\/posts\/289220","targetHints":{"allow":["GET"]}}],"collection":[{"href":"https:\/\/www.europesays.com\/fr\/wp-json\/wp\/v2\/posts"}],"about":[{"href":"https:\/\/www.europesays.com\/fr\/wp-json\/wp\/v2\/types\/post"}],"author":[{"embeddable":true,"href":"https:\/\/www.europesays.com\/fr\/wp-json\/wp\/v2\/users\/2"}],"replies":[{"embeddable":true,"href":"https:\/\/www.europesays.com\/fr\/wp-json\/wp\/v2\/comments?post=289220"}],"version-history":[{"count":0,"href":"https:\/\/www.europesays.com\/fr\/wp-json\/wp\/v2\/posts\/289220\/revisions"}],"wp:featuredmedia":[{"embeddable":true,"href":"https:\/\/www.europesays.com\/fr\/wp-json\/wp\/v2\/media\/289221"}],"wp:attachment":[{"href":"https:\/\/www.europesays.com\/fr\/wp-json\/wp\/v2\/media?parent=289220"}],"wp:term":[{"taxonomy":"category","embeddable":true,"href":"https:\/\/www.europesays.com\/fr\/wp-json\/wp\/v2\/categories?post=289220"},{"taxonomy":"post_tag","embeddable":true,"href":"https:\/\/www.europesays.com\/fr\/wp-json\/wp\/v2\/tags?post=289220"}],"curies":[{"name":"wp","href":"https:\/\/api.w.org\/{rel}","templated":true}]}}