{"id":289226,"date":"2025-08-01T14:46:11","date_gmt":"2025-08-01T14:46:11","guid":{"rendered":"https:\/\/www.europesays.com\/fr\/289226\/"},"modified":"2025-08-01T14:46:11","modified_gmt":"2025-08-01T14:46:11","slug":"on-ma-enleve-ma-vie-le-mari-de-lactrice-kenza-fortas-a-ete-tue-par-balles-a","status":"publish","type":"post","link":"https:\/\/www.europesays.com\/fr\/289226\/","title":{"rendered":"\u00ab\u00a0On m\u2019a enlev\u00e9 ma vie\u00a0\u00bb\u00a0: le mari de l\u2019actrice Kenza Fortas a \u00e9t\u00e9 tu\u00e9 par balles \u00e0"},"content":{"rendered":"<p>Un jeune homme de 24\u00a0ans a \u00e9t\u00e9 <a href=\"https:\/\/rennes.maville.com\/actu\/actudet_--narchomicide-a-marseille-un-homme-de-24-ans-tue-par-balles-_53546-6917631_actu.Htm\" target=\"_blank\" rel=\"noopener\">tu\u00e9 par balles dans le 15e arrondissement de Marseille<\/a> (Bouches-du-Rh\u00f4ne)\u00a0dans la nuit du lundi\u00a028 au mardi 29\u00a0juillet 2025. Selon une information <a href=\"https:\/\/france3-regions.franceinfo.fr\/provence-alpes-cote-d-azur\/bouches-du-rhone\/marseille\/ils-m-ont-enleve-ma-raison-de-vivre-le-mari-de-l-actrice-kenza-fortas-tue-par-balle-dans-les-quartiers-nord-de-marseille-3195261.html\" target=\"_blank\" rel=\"noopener\">r\u00e9v\u00e9l\u00e9e par France 3\u00a0Provence-Alpes-C\u00f4te d&rsquo;Azur <\/a>, et confirm\u00e9e par <a href=\"https:\/\/www.leparisien.fr\/faits-divers\/le-gout-de-la-vie-est-fini-lactrice-kenza-fortas-annonce-la-mort-de-son-epoux-tue-par-balles-a-marseille-31-07-2025-KWCKQLSW7RHDTGFPHK3DF6TVOU.php\" target=\"_blank\" rel=\"noopener\">nos confr\u00e8res du Parisien <\/a>, la victime est le mari de la com\u00e9dienne marseillaise Kenza Fortas.<\/p>\n<p>\u00ab\u00a0Plus rien ne sera jamais comme avant\u00a0\u00bb<\/p>\n<p>L\u2019actrice principale du film Sh\u00e9h\u00e9razade (2018)\u00a0l\u2019a annonc\u00e9 sur son compte Snapchat dans les heures qui ont suivi le drame, <a href=\"https:\/\/www.public.fr\/ils-ont-fait-de-mon-bebe-un-orphelin-lactrice-kenza-fortas-annonce-la-mort-de-son-mari-tue-par-balles-a-marseille\" target=\"_blank\" rel=\"noopener\">comme l\u2019a rep\u00e9r\u00e9\u00a0Public <\/a>.\u00a0<strong>\u00ab\u00a0Hier, on m\u2019a enlev\u00e9 ma vie.\u00a0Plus rien ne sera jamais comme avant\u2026 Le go\u00fbt de la vie est fini, ils m\u2019ont enlev\u00e9 ma raison de vivre, ils ont fait de mon b\u00e9b\u00e9 un orphelin. C\u2019est injuste\u00a0\u00bb<\/strong>, a-t-elle d\u00e9clar\u00e9.<\/p>\n<p>La jeune femme de 24\u00a0ans, qui a obtenu le C\u00e9sar du meilleur espoir f\u00e9minin pour son r\u00f4le dans\u00a0Sh\u00e9h\u00e9razade, a ensuite rendu hommage \u00e0 son \u00e9poux. <strong>\u00ab\u00a0Ma vie, je sais que tu nous vois, que tu nous entends. Ma vie, tu avais un c\u0153ur blanc. Dieu seul sait \u00e0 quel point je t\u2019ai aim\u00e9 et \u00e0 quel point je t\u2019aimerai pour toujours\u00a0\u00bb<\/strong>, a-t-elle ajout\u00e9.<\/p>\n<p>Connu\u00a0pour des \u00ab\u00a0faits mineurs\u00a0\u00bb<\/p>\n<p>Une enqu\u00eate pour homicide volontaire a \u00e9t\u00e9 ouverte par le parquet de Marseille.\u00a0Les faits sont survenus dans la cit\u00e9 de la Bricarde, un quartier sensible qui abrite plusieurs points de deal, selon\u00a0<a href=\"https:\/\/www.laprovence.com\/article\/faits-divers-justice\/1044874289538514\/un-jeune-homme-tue-par-balle-devant-un-snack-a-la-bricarde-cette-nuit-a-marseille\" target=\"_self\" rel=\"noopener\">le quotidien r\u00e9gional La Provence.<\/a> Alert\u00e9s peu apr\u00e8s minuit, les secours ont retrouv\u00e9 le jeune homme touch\u00e9 au thorax et en arr\u00eat cardiorespiratoire. Ils n\u2019ont pas r\u00e9ussi \u00e0 le r\u00e9animer.<\/p>\n<p>D\u2019apr\u00e8s l\u2019AFP, il s\u2019agirait\u00a0du\u00a0neuvi\u00e8me <strong>\u00ab\u00a0narchomicide\u00a0\u00bb<\/strong> de l\u2019ann\u00e9e 2025 dans\u00a0les Bouches-du-Rh\u00f4ne. La victime \u00e9tait connue des services de police pour des <strong>\u00ab\u00a0faits mineurs\u00a0\u00bb<\/strong> comme recel, d\u00e9lits routiers et usage de stup\u00e9fiants, note France 3. Il aurait d\u00e9j\u00e0 \u00e9t\u00e9 victime d\u2019une tentative d\u2019homicide volontaire en 2024.\u00a0<\/p>\n<p>\u00a0<\/p>\n","protected":false},"excerpt":{"rendered":"Un jeune homme de 24\u00a0ans a \u00e9t\u00e9 tu\u00e9 par balles dans le 15e arrondissement de Marseille (Bouches-du-Rh\u00f4ne)\u00a0dans la&hellip;\n","protected":false},"author":2,"featured_media":289227,"comment_status":"","ping_status":"","sticky":false,"template":"","format":"standard","meta":{"footnotes":""},"categories":[2814],"tags":[2594,1111,11,7951,42820,2883,1777,674,42822,1011,27,42821,13109,884,12,882,25,2310,5911,4717],"class_list":{"0":"post-289226","1":"post","2":"type-post","3":"status-publish","4":"format-standard","5":"has-post-thumbnail","7":"category-marseille","8":"tag-actrice","9":"tag-actu","10":"tag-actualites","11":"tag-balles","12":"tag-enleve","13":"tag-ete","14":"tag-eu","15":"tag-europe","16":"tag-fortas","17":"tag-fr","18":"tag-france","19":"tag-kenza","20":"tag-mari","21":"tag-marseille","22":"tag-news","23":"tag-provence-alpes-cote-dazur","24":"tag-republique-francaise","25":"tag-toulon","26":"tag-tue","27":"tag-vie"},"share_on_mastodon":{"url":"https:\/\/pubeurope.com\/@fr\/114954055422409029","error":""},"_links":{"self":[{"href":"https:\/\/www.europesays.com\/fr\/wp-json\/wp\/v2\/posts\/289226","targetHints":{"allow":["GET"]}}],"collection":[{"href":"https:\/\/www.europesays.com\/fr\/wp-json\/wp\/v2\/posts"}],"about":[{"href":"https:\/\/www.europesays.com\/fr\/wp-json\/wp\/v2\/types\/post"}],"author":[{"embeddable":true,"href":"https:\/\/www.europesays.com\/fr\/wp-json\/wp\/v2\/users\/2"}],"replies":[{"embeddable":true,"href":"https:\/\/www.europesays.com\/fr\/wp-json\/wp\/v2\/comments?post=289226"}],"version-history":[{"count":0,"href":"https:\/\/www.europesays.com\/fr\/wp-json\/wp\/v2\/posts\/289226\/revisions"}],"wp:featuredmedia":[{"embeddable":true,"href":"https:\/\/www.europesays.com\/fr\/wp-json\/wp\/v2\/media\/289227"}],"wp:attachment":[{"href":"https:\/\/www.europesays.com\/fr\/wp-json\/wp\/v2\/media?parent=289226"}],"wp:term":[{"taxonomy":"category","embeddable":true,"href":"https:\/\/www.europesays.com\/fr\/wp-json\/wp\/v2\/categories?post=289226"},{"taxonomy":"post_tag","embeddable":true,"href":"https:\/\/www.europesays.com\/fr\/wp-json\/wp\/v2\/tags?post=289226"}],"curies":[{"name":"wp","href":"https:\/\/api.w.org\/{rel}","templated":true}]}}