{"id":28923,"date":"2025-04-16T09:27:03","date_gmt":"2025-04-16T09:27:03","guid":{"rendered":"https:\/\/www.europesays.com\/fr\/28923\/"},"modified":"2025-04-16T09:27:03","modified_gmt":"2025-04-16T09:27:03","slug":"soiree-agitee-pres-de-rouen-avec-des-rassemblements-sauvages-de-voitures-et-des-rodeos-urbains","status":"publish","type":"post","link":"https:\/\/www.europesays.com\/fr\/28923\/","title":{"rendered":"Soir\u00e9e agit\u00e9e pr\u00e8s de Rouen, avec des rassemblements sauvages de voitures et des rod\u00e9os urbains"},"content":{"rendered":"<p>            Par<br \/>\n        <strong><br \/>\n            <a href=\"https:\/\/actu.fr\/auteur\/fmass\" title=\"Consulter tous les articles de Fabien Massin\" target=\"_blank\" rel=\"noopener\">Fabien Massin<\/a><br \/>\n        <\/strong><\/p>\n<p>        Publi\u00e9 le<\/p>\n<p>            12 avr. 2025 \u00e0 12h49<br \/>\n        ; mis \u00e0 jour le 12 avr. 2025 \u00e0 13h50    <\/p>\n<p><strong>Soir\u00e9e agit\u00e9e<\/strong> \u00e0 plusieurs endroits du sud de la M\u00e9tropole de <a href=\"https:\/\/actu.fr\/normandie\/rouen_76540\" target=\"_blank\" rel=\"noopener\">Rouen (Seine-Maritime)<\/a>, vendredi 11 avril 2025.\u00a0<\/p>\n<p class=\" wall-content\">Des rassemblements sauvages \u2014 des \u00ab\u00a0rassos\u00a0\u00bb, comme il est dit dans le jargon \u2014 avec <a href=\"https:\/\/actu.fr\/tag\/rodeos-urbains\" target=\"_blank\" rel=\"noopener\">rod\u00e9os urbains<\/a> et vrombissements de voitures ont eu lieu \u00e0 trois endroits, dans les communes de <strong>Saint-Pierre-l\u00e8s-Elbeuf et Saint-Aubin-l\u00e8s-Elbeuf<\/strong>, apprend-on de source polici\u00e8re.\u00a0<\/p>\n<p>Un refus d\u2019obtemp\u00e9rer<\/p>\n<p class=\" wall-content\">Des \u00e9lus notamment ont donn\u00e9 l\u2019alerte aux forces de l\u2019ordre, qui sur place ont proc\u00e9d\u00e9 \u00e0 deux interpellations, dont l\u2019une pour un refus d\u2019obtemp\u00e9rer.<\/p>\n<blockquote class=\"tiktok-embed\" cite=\"https:\/\/www.tiktok.com\/@alexandre.beyer4\/video\/7492165971994627350\" data-video-id=\"7492165971994627350\" data-embed-from=\"oembed\" style=\"max-width:605px; min-width:325px;\"><p>\n<a target=\"_blank\" title=\"@alexandre.beyer4\" href=\"https:\/\/www.tiktok.com\/@alexandre.beyer4?refer=embed\" rel=\"noopener\">@alexandre.beyer4<\/a> <\/p>\n<p>fini le Captur rasso rouen bac<\/p>\n<p> <a target=\"_blank\" title=\"\u266c son original - \ud835\ude08\ud835\ude2d\ud835\ude26\ud835\ude39 \ud83c\udf53\" href=\"https:\/\/www.tiktok.com\/music\/son-original-7492165953856785174?refer=embed\" rel=\"noopener\">\u266c son original \u2013 \ud835\ude08\ud835\ude2d\ud835\ude26\ud835\ude39 \ud83c\udf53<\/a> <\/p>\n<\/blockquote>\n<p>Suivez l\u2019actualit\u00e9 de Rouen sur notre <a href=\"https:\/\/www.whatsapp.com\/channel\/0029VaKfnf99hXF2ddApFB1D\" target=\"_blank\" rel=\"noopener\">cha\u00eene WhatsApp<\/a> et sur notre <a href=\"https:\/\/www.tiktok.com\/@76actu.fr?lang=fr\" target=\"_blank\" rel=\"noopener\">compte TikTok<\/a><\/p>\n<p class=\" wall-content\">Suivez toute l\u2019actualit\u00e9 de vos villes et m\u00e9dias favoris en vous inscrivant \u00e0 <a href=\"https:\/\/moncompte.actu.fr\" title=\"D\u00e9couvez Mon Actu\" rel=\"nofollow noopener\" data-trk=\"{&quot;cta&quot;:{&quot;action&quot;:&quot;https:\\\/\\\/moncompte.actu.fr&quot;,&quot;category&quot;:&quot;mon compte&quot;,&quot;from&quot;:&quot;article footer&quot;,&quot;name&quot;:&quot;Mon actu&quot;,&quot;type&quot;:&quot;cta&quot;}}\" target=\"_blank\">Mon Actu<\/a>.<\/p>\n<p>                    <script async src=\"\/\/www.tiktok.com\/embed.js\"><\/script><\/p>\n","protected":false},"excerpt":{"rendered":"Par Fabien Massin Publi\u00e9 le 12 avr. 2025 \u00e0 12h49 ; mis \u00e0 jour le 12 avr. 2025&hellip;\n","protected":false},"author":2,"featured_media":28924,"comment_status":"","ping_status":"","sticky":false,"template":"","format":"standard","meta":{"footnotes":""},"categories":[9587],"tags":[1111,11,1777,674,118,1011,27,12,5161,1072,25,5575,9590],"class_list":{"0":"post-28923","1":"post","2":"type-post","3":"status-publish","4":"format-standard","5":"has-post-thumbnail","7":"category-rouen","8":"tag-actu","9":"tag-actualites","10":"tag-eu","11":"tag-europe","12":"tag-faits-divers","13":"tag-fr","14":"tag-france","15":"tag-news","16":"tag-normandie","17":"tag-police","18":"tag-republique-francaise","19":"tag-rodeos-urbains","20":"tag-rouen"},"share_on_mastodon":{"url":"https:\/\/pubeurope.com\/@fr\/114346933748298538","error":""},"_links":{"self":[{"href":"https:\/\/www.europesays.com\/fr\/wp-json\/wp\/v2\/posts\/28923","targetHints":{"allow":["GET"]}}],"collection":[{"href":"https:\/\/www.europesays.com\/fr\/wp-json\/wp\/v2\/posts"}],"about":[{"href":"https:\/\/www.europesays.com\/fr\/wp-json\/wp\/v2\/types\/post"}],"author":[{"embeddable":true,"href":"https:\/\/www.europesays.com\/fr\/wp-json\/wp\/v2\/users\/2"}],"replies":[{"embeddable":true,"href":"https:\/\/www.europesays.com\/fr\/wp-json\/wp\/v2\/comments?post=28923"}],"version-history":[{"count":0,"href":"https:\/\/www.europesays.com\/fr\/wp-json\/wp\/v2\/posts\/28923\/revisions"}],"wp:featuredmedia":[{"embeddable":true,"href":"https:\/\/www.europesays.com\/fr\/wp-json\/wp\/v2\/media\/28924"}],"wp:attachment":[{"href":"https:\/\/www.europesays.com\/fr\/wp-json\/wp\/v2\/media?parent=28923"}],"wp:term":[{"taxonomy":"category","embeddable":true,"href":"https:\/\/www.europesays.com\/fr\/wp-json\/wp\/v2\/categories?post=28923"},{"taxonomy":"post_tag","embeddable":true,"href":"https:\/\/www.europesays.com\/fr\/wp-json\/wp\/v2\/tags?post=28923"}],"curies":[{"name":"wp","href":"https:\/\/api.w.org\/{rel}","templated":true}]}}