{"id":289230,"date":"2025-08-01T14:48:12","date_gmt":"2025-08-01T14:48:12","guid":{"rendered":"https:\/\/www.europesays.com\/fr\/289230\/"},"modified":"2025-08-01T14:48:12","modified_gmt":"2025-08-01T14:48:12","slug":"pourquoi-ces-grands-arbres-en-pleine-ville-cours-albert-thomas-seront-bientot-abattus","status":"publish","type":"post","link":"https:\/\/www.europesays.com\/fr\/289230\/","title":{"rendered":"pourquoi ces grands arbres en pleine ville cours Albert Thomas seront bient\u00f4t abattus"},"content":{"rendered":"<p>            Par<br \/>\n        <strong><br \/>\n            <a href=\"https:\/\/actu.fr\/auteur\/julien-damboise\" title=\"Consulter tous les articles de Julien Damboise\" rel=\"nofollow noopener\" target=\"_blank\">Julien Damboise<\/a><br \/>\n        <\/strong><\/p>\n<p>        Publi\u00e9 le<\/p>\n<p>            1 ao\u00fbt 2025 \u00e0 16h29        <\/p>\n<p><strong>INFO ACTU LYON<\/strong>. Mauvaise nouvelle pour les habitants du quartier de Grange Blanche, entre les 3\u1d49 et 8e arrondissements de <a href=\"https:\/\/actu.fr\/auvergne-rhone-alpes\/lyon_69123\" rel=\"nofollow noopener\" target=\"_blank\">Lyon<\/a>. Une <strong>maladie<\/strong> touchant les arbres du secteur a \u00e9t\u00e9 d\u00e9tect\u00e9e et des sp\u00e9cimens vont devoir \u00eatre <strong>rapidement abattus<\/strong> sur un axe tr\u00e8s emprunt\u00e9. Un <a href=\"https:\/\/actu.fr\/tag\/travaux\" rel=\"nofollow noopener\" target=\"_blank\">chantier<\/a> qui va impacter la circulation dans le secteur.\u00a0<\/p>\n<p>    <a href=\"https:\/\/www.google.com\/maps\/embed?pb=!1m18!1m12!1m3!1d1785.0456777841803!2d4.87405942907929!3d45.74362122531453!2m3!1f0!2f0!3f0!3m2!1i1024!2i768!4f13.1!3m3!1m2!1s0x47f4c1dd5977fed1%3A0x811d7c712e817e3a!2sGrange%20Blanche%2C%2069003%20Lyon!5e1!3m2!1sfr!2sfr!4v1754036388898!5m2!1sfr!2sfr\" title=\"Ouvrie le lien\" rel=\"nofollow noopener\" target=\"_blank\">Cliquez ici pour visualiser le contenu<\/a><\/p>\n<p>Sept platanes abattus<\/p>\n<p class=\" wall-content\">Selon nos informations, un foyer de <strong>chancre du platane<\/strong> a \u00e9t\u00e9 d\u00e9tect\u00e9 sur une partie du cours Albert Thomas. En cause, un champignon responsable de cette maladie incurable sp\u00e9cifique aux platanes qui fait d\u00e9p\u00e9rir l\u2019arbre, dont le risque de chute est augment\u00e9.<\/p>\n<p class=\" wall-content\">La M\u00e9tropole de Lyon, apr\u00e8s un arr\u00eat\u00e9 pr\u00e9fectoral, doit donc intervenir et a pr\u00e9vu d\u2019<strong>abattre sept arbres<\/strong> en totalit\u00e9. Cela afin de tenter d\u2019emp\u00eacher la propagation. Les premiers coups de tron\u00e7onneuse sont programm\u00e9s d\u00e8s ce lundi 4 ao\u00fbt 2025.<\/p>\n<p class=\" wall-content\">Attention, les automobilistes, pi\u00e9tons et <a href=\"https:\/\/actu.fr\/auvergne-rhone-alpes\/lyon_69123\/pres-de-lyon-pas-assez-de-velo-v-ces-communes-agacees-parient-sur-un-autre-service-des-2026_62975404.html\" rel=\"nofollow noopener\" target=\"_blank\">cyclistes<\/a> qui passent par l\u00e0 seront impact\u00e9s par ce chantier.<\/p>\n<p>Le cours Albert Thomas ferm\u00e9<\/p>\n<p class=\" wall-content\">Selon la M\u00e9tropole, le cours Albert Thomas sera donc ferm\u00e9 jusqu\u2019au mercredi 6 ao\u00fbt inclus, <strong>entre les rues Feuillat et Professeur Calmette<\/strong>.<\/p>\n<p class=\" wall-content\">Le <a href=\"https:\/\/actu.fr\/tag\/stationnement\" rel=\"nofollow noopener\" target=\"_blank\">stationnement<\/a> sera interdit aux abords du chantier, tandis que les acc\u00e8s r\u00e9sidentiels seront \u00ab\u00a0impact\u00e9s et limit\u00e9s\u00a0\u00bb.<\/p>\n<p>    <img   decoding=\"async\" loading=\"lazy\" src=\"https:\/\/www.europesays.com\/fr\/wp-content\/uploads\/2025\/08\/arbres-abattus-elagage-lyon-960x640.jpeg\" alt=\"Il sera interdit de stationner durant plusieurs jours dans le secteur dans lequel les arbres doivent \u00eatre coup\u00e9s.\" width=\"960\" height=\"640\"\/><br \/>\n    Il sera interdit de stationner durant plusieurs jours dans le secteur dans lequel les arbres doivent \u00eatre coup\u00e9s. (\u00a9Julien Damboise \/ actu Lyon)Un nouveau projet \u00e0 venir<\/p>\n<p class=\" wall-content\">Toujours selon la collectivit\u00e9, la pr\u00e9sence de la maladie engendre l\u2019interdiction de replanter des platanes dans la m\u00eame zone pour \u00ab\u00a0un d\u00e9lai minimum de 10 ans\u00a0\u00bb.<\/p>\n<p class=\" wall-content\">Un <strong>nouveau projet de v\u00e9g\u00e9talisation<\/strong> de 140 m\u00b2, ainsi que la plantation de neuf arbres non sensibles au chancre color\u00e9, est promis par la M\u00e9tropole qui ne pr\u00e9cise pas de calendrier toutefois.<\/p>\n<p class=\" wall-content\">Suivez toute l\u2019actualit\u00e9 de vos villes et m\u00e9dias favoris en vous inscrivant \u00e0 <a href=\"https:\/\/moncompte.actu.fr\" title=\"D\u00e9couvez Mon Actu\" rel=\"nofollow noopener\" data-trk=\"{&quot;cta&quot;:{&quot;action&quot;:&quot;https:\\\/\\\/moncompte.actu.fr&quot;,&quot;category&quot;:&quot;mon compte&quot;,&quot;from&quot;:&quot;article footer&quot;,&quot;name&quot;:&quot;Mon actu&quot;,&quot;type&quot;:&quot;cta&quot;}}\" target=\"_blank\">Mon Actu<\/a>.<\/p>\n","protected":false},"excerpt":{"rendered":"Par Julien Damboise Publi\u00e9 le 1 ao\u00fbt 2025 \u00e0 16h29 INFO ACTU LYON. Mauvaise nouvelle pour les habitants&hellip;\n","protected":false},"author":2,"featured_media":289231,"comment_status":"","ping_status":"","sticky":false,"template":"","format":"standard","meta":{"footnotes":""},"categories":[1889],"tags":[1111,11,2430,1777,674,1011,27,2428,12,25,104,1352],"class_list":{"0":"post-289230","1":"post","2":"type-post","3":"status-publish","4":"format-standard","5":"has-post-thumbnail","7":"category-lyon","8":"tag-actu","9":"tag-actualites","10":"tag-auvergne-rhone-alpes","11":"tag-eu","12":"tag-europe","13":"tag-fr","14":"tag-france","15":"tag-lyon","16":"tag-news","17":"tag-republique-francaise","18":"tag-societe","19":"tag-urbanisme"},"share_on_mastodon":{"url":"https:\/\/pubeurope.com\/@fr\/114954063314556569","error":""},"_links":{"self":[{"href":"https:\/\/www.europesays.com\/fr\/wp-json\/wp\/v2\/posts\/289230","targetHints":{"allow":["GET"]}}],"collection":[{"href":"https:\/\/www.europesays.com\/fr\/wp-json\/wp\/v2\/posts"}],"about":[{"href":"https:\/\/www.europesays.com\/fr\/wp-json\/wp\/v2\/types\/post"}],"author":[{"embeddable":true,"href":"https:\/\/www.europesays.com\/fr\/wp-json\/wp\/v2\/users\/2"}],"replies":[{"embeddable":true,"href":"https:\/\/www.europesays.com\/fr\/wp-json\/wp\/v2\/comments?post=289230"}],"version-history":[{"count":0,"href":"https:\/\/www.europesays.com\/fr\/wp-json\/wp\/v2\/posts\/289230\/revisions"}],"wp:featuredmedia":[{"embeddable":true,"href":"https:\/\/www.europesays.com\/fr\/wp-json\/wp\/v2\/media\/289231"}],"wp:attachment":[{"href":"https:\/\/www.europesays.com\/fr\/wp-json\/wp\/v2\/media?parent=289230"}],"wp:term":[{"taxonomy":"category","embeddable":true,"href":"https:\/\/www.europesays.com\/fr\/wp-json\/wp\/v2\/categories?post=289230"},{"taxonomy":"post_tag","embeddable":true,"href":"https:\/\/www.europesays.com\/fr\/wp-json\/wp\/v2\/tags?post=289230"}],"curies":[{"name":"wp","href":"https:\/\/api.w.org\/{rel}","templated":true}]}}