{"id":289236,"date":"2025-08-01T14:52:12","date_gmt":"2025-08-01T14:52:12","guid":{"rendered":"https:\/\/www.europesays.com\/fr\/289236\/"},"modified":"2025-08-01T14:52:12","modified_gmt":"2025-08-01T14:52:12","slug":"la-gaite-lyrique-exsangue-apres-trois-mois-doccupation-lutte-toujours-pour-sa-survie","status":"publish","type":"post","link":"https:\/\/www.europesays.com\/fr\/289236\/","title":{"rendered":"La Ga\u00eet\u00e9-Lyrique, exsangue apr\u00e8s trois mois d\u2019occupation, lutte toujours pour sa survie"},"content":{"rendered":"<p>                         <img loading=\"lazy\" decoding=\"async\" src=\"https:\/\/www.europesays.com\/fr\/wp-content\/uploads\/2025\/08\/2c710bb_upload-1-qylej1rrjlyt-000-68at2g3.jpg\" alt=\"L\u2019entr\u00e9e de la Ga\u00eet\u00e9-Lyrique, \u00e0 Paris, le 30\u00a0juillet 2025.\"   width=\"664\" height=\"443\"\/>    L\u2019entr\u00e9e de la Ga\u00eet\u00e9-Lyrique, \u00e0 Paris, le 30\u00a0juillet 2025.  MARTIN LELIEVRE\/AFP                 <\/p>\n<p class=\"article__paragraph  \">Gr\u00e2ce \u00e0 Elon Musk, la Ga\u00eet\u00e9-Lyrique de Paris (3e\u00a0arrondissement) a travers\u00e9 gratuitement l\u2019Atlantique. Le 28\u00a0f\u00e9vrier, sur son r\u00e9seau social X, le temp\u00e9tueux milliardaire am\u00e9ricain s\u2019empare de <a href=\"https:\/\/www.lemonde.fr\/societe\/article\/2024\/12\/19\/a-paris-un-nombre-croissant-de-jeunes-en-mal-d-hebergement-d-urgence_6457333_3224.html\" rel=\"nofollow noopener\" target=\"_blank\">l\u2019occupation m\u00e9diatis\u00e9e du centre culturel par 250 jeunes migrants, le 10\u00a0d\u00e9cembre\u00a02024<\/a>, pour l\u2019\u00e9riger en incarnation d\u2019une \u00ab\u00a0empathie suicidaire\u00a0\u00bb qui m\u00e8nerait la civilisation au \u00ab\u00a0game over\u00a0\u00bb (\u00ab\u00a0fin de partie\u00a0\u00bb). En d\u2019autres termes, pour sauver le monde, on ne peut pas sauver tout le monde. Spot de pub mondial pour un \u00e9tablissement culturel qui n\u2019a rien demand\u00e9. Car elle estime que c\u2019est un devoir humanitaire \u2013 la Ga\u00eet\u00e9-Lyrique accueillera jusqu\u2019\u00e0 450\u00a0r\u00e9fugi\u00e9s rassembl\u00e9s par le Collectif des jeunes du parc de Belleville \u2013, mais n\u2019a d\u2019autre choix que de fermer boutique. <a href=\"https:\/\/www.lemonde.fr\/societe\/article\/2025\/03\/18\/a-la-gaite-lyrique-a-paris-46-interpellations-dans-le-cadre-de-l-evacuation-des-jeunes-exiles_6583042_3225.html\" rel=\"nofollow noopener\" target=\"_blank\">L\u2019\u00e9vacuation par la Pr\u00e9fecture de police, le 18\u00a0mars<\/a>, ne change rien, le lieu est trop us\u00e9, le trou dans sa tr\u00e9sorerie trop b\u00e9ant pour autoriser une r\u00e9ouverture au public.<\/p>\n<p>   Lire plus tard  <\/p>\n<p class=\"article__paragraph  \">D\u00e9sormais, des cadenas sordides entravent les portes de la Ga\u00eet\u00e9-Lyrique, toujours mise hors d\u2019\u00e9tat d\u2019agir. A l\u2019int\u00e9rieur, un grand vide et une directrice g\u00e9n\u00e9rale, Juliette Donadieu, encore groggy, qui se bat pour la survie d\u2019un lieu d\u00e9volu aux arts num\u00e9riques et \u00e0 la cr\u00e9ation contemporaine. Trois mois d\u2019occupation, sept mois de fermeture, 3\u00a0millions d\u2019euros de pertes d\u2019exploitation, mais une reprise d\u2019activit\u00e9 (tr\u00e8s) progressive depuis le 4\u00a0juin \u2013 deux concerts organis\u00e9s et une programmation \u00e9v\u00e9nementielle hors les murs \u2013 qui permet d\u2019\u00e9viter la cale s\u00e8che.<\/p>\n<p class=\"reading-mode-only \"><strong>Il vous reste 81.36% de cet article \u00e0 lire. La suite est r\u00e9serv\u00e9e aux abonn\u00e9s.<\/strong><\/p>\n","protected":false},"excerpt":{"rendered":"L\u2019entr\u00e9e de la Ga\u00eet\u00e9-Lyrique, \u00e0 Paris, le 30\u00a0juillet 2025. MARTIN LELIEVRE\/AFP Gr\u00e2ce \u00e0 Elon Musk, la Ga\u00eet\u00e9-Lyrique de&hellip;\n","protected":false},"author":2,"featured_media":289237,"comment_status":"","ping_status":"","sticky":false,"template":"","format":"standard","meta":{"footnotes":""},"categories":[1888],"tags":[1111,1928,11,1927,1777,674,1011,27,12,1926,626,1925,25],"class_list":{"0":"post-289236","1":"post","2":"type-post","3":"status-publish","4":"format-standard","5":"has-post-thumbnail","7":"category-paris","8":"tag-actu","9":"tag-actu-paris","10":"tag-actualites","11":"tag-actualites-paris","12":"tag-eu","13":"tag-europe","14":"tag-fr","15":"tag-france","16":"tag-news","17":"tag-news-paris","18":"tag-paris","19":"tag-paris-news","20":"tag-republique-francaise"},"share_on_mastodon":{"url":"https:\/\/pubeurope.com\/@fr\/114954079028715124","error":""},"_links":{"self":[{"href":"https:\/\/www.europesays.com\/fr\/wp-json\/wp\/v2\/posts\/289236","targetHints":{"allow":["GET"]}}],"collection":[{"href":"https:\/\/www.europesays.com\/fr\/wp-json\/wp\/v2\/posts"}],"about":[{"href":"https:\/\/www.europesays.com\/fr\/wp-json\/wp\/v2\/types\/post"}],"author":[{"embeddable":true,"href":"https:\/\/www.europesays.com\/fr\/wp-json\/wp\/v2\/users\/2"}],"replies":[{"embeddable":true,"href":"https:\/\/www.europesays.com\/fr\/wp-json\/wp\/v2\/comments?post=289236"}],"version-history":[{"count":0,"href":"https:\/\/www.europesays.com\/fr\/wp-json\/wp\/v2\/posts\/289236\/revisions"}],"wp:featuredmedia":[{"embeddable":true,"href":"https:\/\/www.europesays.com\/fr\/wp-json\/wp\/v2\/media\/289237"}],"wp:attachment":[{"href":"https:\/\/www.europesays.com\/fr\/wp-json\/wp\/v2\/media?parent=289236"}],"wp:term":[{"taxonomy":"category","embeddable":true,"href":"https:\/\/www.europesays.com\/fr\/wp-json\/wp\/v2\/categories?post=289236"},{"taxonomy":"post_tag","embeddable":true,"href":"https:\/\/www.europesays.com\/fr\/wp-json\/wp\/v2\/tags?post=289236"}],"curies":[{"name":"wp","href":"https:\/\/api.w.org\/{rel}","templated":true}]}}