{"id":289238,"date":"2025-08-01T14:53:11","date_gmt":"2025-08-01T14:53:11","guid":{"rendered":"https:\/\/www.europesays.com\/fr\/289238\/"},"modified":"2025-08-01T14:53:11","modified_gmt":"2025-08-01T14:53:11","slug":"la-mairie-empetree-dans-une-nouvelle-affaire-danimateur-scolaire-soupconne-de-violences-sexuelles","status":"publish","type":"post","link":"https:\/\/www.europesays.com\/fr\/289238\/","title":{"rendered":"La mairie emp\u00eatr\u00e9e dans une nouvelle affaire d\u2019animateur scolaire soup\u00e7onn\u00e9 de violences sexuelles"},"content":{"rendered":"<p><strong>r\u00e9currence &#8211; Un animateur p\u00e9riscolaire qui travaillait \u00e0 l\u2019\u00e9cole Parmentier, dans le 11e arrondissement de Paris, est soup\u00e7onn\u00e9 de violences sexuelles<\/strong><\/p>\n<p>Un animateur travaillant dans deux centres de loisir dans le 11e arrondissement de Paris a \u00e9t\u00e9 suspendu par la ville, apr\u00e8s des soup\u00e7ons d\u2019agression sexuelle, a appris 20 Minutes, confirmant une <a href=\"https:\/\/www.francebleu.fr\/infos\/faits-divers-justice\/info-ici-paris-idf-un-animateur-soupconne-de-violences-sexuelles-sur-mineur-dans-le-11eme-arrondissement-de-paris-8633975?at_medium=RSS%20feed&amp;at_campaign=ynews&amp;utm_source=yahoo&amp;utm_medium=rss&amp;utm_campaign=news_feed&amp;utm_content=in_article_link\" rel=\"nofollow noopener\" target=\"_blank\" data-ylk=\"slk:information d\u2019Ici Paris \u00cele-de-France;elm:context_link;itc:0;sec:content-canvas\" class=\"link \">information d\u2019Ici Paris \u00cele-de-France<\/a>. Il s\u2019agit des centres de loisirs de la maternelle Roquette et la maternelle Parmentier.<\/p>\n<p>L\u2019affaire est partie du d\u00e9p\u00f4t d\u2019une main courante le 18 juillet par un parent d\u2019\u00e9l\u00e8ve \u00e0 la suite de \u00ab propos inqui\u00e9tants de la part de son enfant \u00bb. Ce dernier avait fr\u00e9quent\u00e9 le centre de loisirs du mercredi \u00e0 l\u2019\u00e9cole maternelle 11 bis Parmentier durant l\u2019ann\u00e9e scolaire et le centre de loisirs de l\u2019\u00e9cole maternelle Roquette en juillet, d\u2019apr\u00e8s la mairie. L\u2019administration aurait ensuite \u00ab recoup\u00e9 \u00bb les \u00e9l\u00e9ments d\u2019identification, et les parents ont port\u00e9 plainte.<\/p>\n<p>Enqu\u00eate administrative<\/p>\n<p>\u00ab Sans attendre, une mesure de suspension, \u00e0 titre conservatoire et \u00e0 effet imm\u00e9diat, a \u00e9t\u00e9 prise \u00e0 l\u2019encontre d\u2019un animateur portant le pr\u00e9nom cit\u00e9 par l\u2019enfant. Il ne travaille plus au contact des enfants \u00bb, pr\u00e9cise le maire du 11e arrondissement, Fran\u00e7ois Vauglin. Les services d\u00e9partementaux ont \u00e9galement \u00e9t\u00e9 inform\u00e9s, pour permettre \u00e0 une \u00e9ventuelle enqu\u00eate administrative d\u2019\u00eatre ouverte. La Mairie de Paris promet de son c\u00f4t\u00e9 une enqu\u00eate administrative sur l\u2019\u00e9cole maternelle Parmentier : \u00ab L\u2019enqu\u00eate de police et l\u2019enqu\u00eate administrative devront permettre d\u2019apporter les \u00e9l\u00e9ments de r\u00e9ponse sur la mat\u00e9rialit\u00e9 des faits \u00bb, pr\u00e9cise-t-elle. Une permanence psychologique a \u00e9t\u00e9 mise e(&#8230;)<\/p>\n<p><a href=\"https:\/\/www.20minutes.fr\/paris\/4166303-20250801-paris-mairie-empetree-nouvelle-affaire-animateur-scolaire-soupconne-violences-sexuelles?at_medium=RSS%20feed&amp;at_campaign=ynews&amp;utm_source=yahoo&amp;utm_medium=rss&amp;utm_campaign=news_feed&amp;utm_content=read_more_link\" rel=\"nofollow noopener\" target=\"_blank\" data-ylk=\"slk:Lire la suite sur 20minutes;elm:context_link;itc:0;sec:content-canvas\" class=\"link \">Lire la suite sur 20minutes<\/a><\/p>\n<p>\u00c0 lire aussi :<br \/><a href=\"https:\/\/www.20minutes.fr\/societe\/4148617-20250414-paris-animateur-maternelle-suspendu-soupcons-violences-sexuelles?at_medium=RSS%20feed&amp;at_campaign=ynews&amp;utm_source=yahoo&amp;utm_medium=rss&amp;utm_campaign=news_feed&amp;utm_content=related_content_link\" rel=\"nofollow noopener\" target=\"_blank\" data-ylk=\"slk:Paris : Un animateur en maternelle suspendu pour des soup\u00e7ons de violences sexuelles;elm:context_link;itc:0;sec:content-canvas\" class=\"link \">Paris : Un animateur en maternelle suspendu pour des soup\u00e7ons de violences sexuelles<\/a><br \/><a href=\"https:\/\/www.20minutes.fr\/faits_divers\/2915603-20201124-paris-animateur-periscolaire-accuse-viol-agressions-sexuelles?at_medium=RSS%20feed&amp;at_campaign=ynews&amp;utm_source=yahoo&amp;utm_medium=rss&amp;utm_campaign=news_feed&amp;utm_content=related_content_link\" rel=\"nofollow noopener\" target=\"_blank\" data-ylk=\"slk:Paris : Un animateur p\u00e9riscolaire est accus\u00e9 de viol et d&#039;agressions sexuelles;elm:context_link;itc:0;sec:content-canvas\" class=\"link \">Paris : Un animateur p\u00e9riscolaire est accus\u00e9 de viol et d&rsquo;agressions sexuelles<\/a><\/p>\n","protected":false},"excerpt":{"rendered":"r\u00e9currence &#8211; Un animateur p\u00e9riscolaire qui travaillait \u00e0 l\u2019\u00e9cole Parmentier, dans le 11e arrondissement de Paris, est soup\u00e7onn\u00e9&hellip;\n","protected":false},"author":2,"featured_media":289239,"comment_status":"","ping_status":"","sticky":false,"template":"","format":"standard","meta":{"footnotes":""},"categories":[1888],"tags":[9073,1111,1928,11,1927,13633,24185,1777,674,1011,27,12,1926,626,1925,42823,25,799],"class_list":{"0":"post-289238","1":"post","2":"type-post","3":"status-publish","4":"format-standard","5":"has-post-thumbnail","7":"category-paris","8":"tag-11e-arrondissement-de-paris","9":"tag-actu","10":"tag-actu-paris","11":"tag-actualites","12":"tag-actualites-paris","13":"tag-centres-de-loisirs","14":"tag-enquete-administrative","15":"tag-eu","16":"tag-europe","17":"tag-fr","18":"tag-france","19":"tag-news","20":"tag-news-paris","21":"tag-paris","22":"tag-paris-news","23":"tag-parmentier","24":"tag-republique-francaise","25":"tag-violences-sexuelles"},"share_on_mastodon":{"url":"https:\/\/pubeurope.com\/@fr\/114954082904695877","error":""},"_links":{"self":[{"href":"https:\/\/www.europesays.com\/fr\/wp-json\/wp\/v2\/posts\/289238","targetHints":{"allow":["GET"]}}],"collection":[{"href":"https:\/\/www.europesays.com\/fr\/wp-json\/wp\/v2\/posts"}],"about":[{"href":"https:\/\/www.europesays.com\/fr\/wp-json\/wp\/v2\/types\/post"}],"author":[{"embeddable":true,"href":"https:\/\/www.europesays.com\/fr\/wp-json\/wp\/v2\/users\/2"}],"replies":[{"embeddable":true,"href":"https:\/\/www.europesays.com\/fr\/wp-json\/wp\/v2\/comments?post=289238"}],"version-history":[{"count":0,"href":"https:\/\/www.europesays.com\/fr\/wp-json\/wp\/v2\/posts\/289238\/revisions"}],"wp:featuredmedia":[{"embeddable":true,"href":"https:\/\/www.europesays.com\/fr\/wp-json\/wp\/v2\/media\/289239"}],"wp:attachment":[{"href":"https:\/\/www.europesays.com\/fr\/wp-json\/wp\/v2\/media?parent=289238"}],"wp:term":[{"taxonomy":"category","embeddable":true,"href":"https:\/\/www.europesays.com\/fr\/wp-json\/wp\/v2\/categories?post=289238"},{"taxonomy":"post_tag","embeddable":true,"href":"https:\/\/www.europesays.com\/fr\/wp-json\/wp\/v2\/tags?post=289238"}],"curies":[{"name":"wp","href":"https:\/\/api.w.org\/{rel}","templated":true}]}}