{"id":289242,"date":"2025-08-01T14:55:12","date_gmt":"2025-08-01T14:55:12","guid":{"rendered":"https:\/\/www.europesays.com\/fr\/289242\/"},"modified":"2025-08-01T14:55:12","modified_gmt":"2025-08-01T14:55:12","slug":"paris-assure-navoir-aucun-moyen-de-requisitionner-les-stocks","status":"publish","type":"post","link":"https:\/\/www.europesays.com\/fr\/289242\/","title":{"rendered":"Paris assure n&rsquo;avoir \u00ab aucun moyen \u00bb de \u00ab r\u00e9quisitionner les stocks \u00bb"},"content":{"rendered":"<p>La France a assur\u00e9 vendredi n&rsquo;avoir \u00ab aucun moyen de r\u00e9quisitionner \u00bb les stocks de contraceptifs f\u00e9minins que l&rsquo;administration am\u00e9ricaine souhaite d\u00e9truire <a href=\"https:\/\/www.ledauphine.com\/sante\/2025\/07\/31\/une-petition-contre-la-destruction-de-contraceptifs-par-l-administration-trump-voit-le-jour\" target=\"_blank\" rel=\"nofollow noopener\">au grand dam des associations f\u00e9ministes<\/a> qui d\u00e9noncent un \u00ab immense g\u00e2chis \u00bb.\u00a0<\/p>\n<p>\u00a0Politique anti-avortement de Washington<\/p>\n<p>\u00ab Dans la mesure o\u00f9 les contraceptifs\u00a0ne sont pas des m\u00e9dicaments d\u2019int\u00e9r\u00eat th\u00e9rapeutique majeur (MITM) et qu&rsquo;en l&rsquo;esp\u00e8ce nous ne sommes pas dans le cadre d&rsquo;une tension d&rsquo;approvisionnement, nous n\u2019avons aucun moyen pour r\u00e9quisitionner les stocks \u00bb, a indiqu\u00e9 le minist\u00e8re de la Sant\u00e9. Il a pr\u00e9cis\u00e9 ne pas avoir d&rsquo;information sur l&rsquo;endroit o\u00f9 doivent \u00eatre incin\u00e9r\u00e9s ces contraceptifs, certains m\u00e9dias ayant \u00e9voqu\u00e9 une destruction pr\u00e9vue en France.<\/p>\n<p>Le minist\u00e8re a pr\u00e9cis\u00e9 ne pas avoir d&rsquo;information sur l&rsquo;endroit o\u00f9 doivent \u00eatre incin\u00e9r\u00e9s ces contraceptifs, certains m\u00e9dias anglo-saxons ayant \u00e9voqu\u00e9 une destruction pr\u00e9vue en France.<\/p>\n<p>L&rsquo;administration am\u00e9ricaine, engag\u00e9e dans des coupes drastiques de son aide humanitaire et dans une politique anti-avortement, a confirm\u00e9 mi-juillet vouloir d\u00e9truire des contraceptifs f\u00e9minins, essentiellement des implants et des st\u00e9rilets, stock\u00e9s dans un entrep\u00f4t en Belgique.\u00a0<\/p>\n<p>\u00ab\u00a0On ignore o\u00f9 se trouvent les camions\u00a0\u00bb<\/p>\n<p>Ces produits, qui \u00e9taient destin\u00e9s aux femmes vivant notamment en Afrique subsaharienne, \u00e9taient issus de contrats de l&rsquo;USAID, l&rsquo;agence am\u00e9ricaine pour le d\u00e9veloppement international, pass\u00e9s sous la pr\u00e9sidence de <a href=\"https:\/\/www.ledauphine.com\/p\/joe-biden\" target=\"_blank\" rel=\"nofollow noopener\">Joe Biden<\/a>.<\/p>\n<p>Selon plusieurs m\u00e9dias, ces contraceptifs, dont la valeur s&rsquo;\u00e9l\u00e8verait \u00e0 pr\u00e8s de 10 millions de dollars, devaient \u00eatre incin\u00e9r\u00e9s \u00ab \u00e0 la fin juillet \u00bb en France par une entreprise sp\u00e9cialis\u00e9e dans la destruction des d\u00e9chets m\u00e9dicaux. Une information que l&rsquo;AFP n&rsquo;a toutefois pas \u00e0 ce stade pu confirmer de source officielle.<\/p>\n<p>\u00ab On a \u00e9t\u00e9 inform\u00e9s d&rsquo;un d\u00e9but de d\u00e9stockage de ces cartons de contraceptifs mais on ignore o\u00f9 se trouvent les camions et s&rsquo;ils sont arriv\u00e9s en France \u00bb, avait d\u00e9clar\u00e9 jeudi \u00e0 l&rsquo;AFP la pr\u00e9sidente du Planning familial Sarah Durocher. \u00ab Nous appelons toutes les entreprises d&rsquo;incin\u00e9ration \u00e0 s&rsquo;opposer \u00e0 cette d\u00e9cision insens\u00e9e \u00bb.\u00a0<\/p>\n<p>\u00ab Je ne vois pas qui en France peut accepter que cela se fasse \u00bb, <a href=\"https:\/\/www.ledauphine.com\/sante\/2025\/07\/26\/destruction-de-contraceptifs-par-washington-les-ecologistes-interpellent-macron\" target=\"_blank\" rel=\"nofollow noopener\">avait estim\u00e9 la num\u00e9ro un des Verts<\/a>, <a href=\"https:\/\/www.ledauphine.com\/p\/marine-tondelier\" target=\"_blank\" rel=\"nofollow noopener\">Marine Tondelier<\/a>, sur BFMTV-RMC.\u00a0\u00ab Il faut absolument qu&rsquo;on sache o\u00f9 \u00e7a va \u00eatre incin\u00e9r\u00e9. \u00bb<\/p>\n<p>Plusieurs organisations internationales engag\u00e9es sur la question de la contraception ont indiqu\u00e9 avoir propos\u00e9, sans succ\u00e8s, \u00e0 l&rsquo;administration am\u00e9ricaine de lui racheter et de reconditionner les stocks de contraceptifs.\u00a0La Belgique a fait savoir qu&rsquo;elle avait engag\u00e9 des d\u00e9marches diplomatiques aupr\u00e8s des autorit\u00e9s am\u00e9ricaines\u00a0et dit explorer toutes les \u00ab pistes possibles pour \u00e9viter la destruction de ces produits \u00bb.\u00a0<\/p>\n","protected":false},"excerpt":{"rendered":"La France a assur\u00e9 vendredi n&rsquo;avoir \u00ab aucun moyen de r\u00e9quisitionner \u00bb les stocks de contraceptifs f\u00e9minins que&hellip;\n","protected":false},"author":2,"featured_media":289243,"comment_status":"","ping_status":"","sticky":false,"template":"","format":"standard","meta":{"footnotes":""},"categories":[1888],"tags":[11,1777,674,107,1011,27,329,12,626,25,71,104],"class_list":{"0":"post-289242","1":"post","2":"type-post","3":"status-publish","4":"format-standard","5":"has-post-thumbnail","7":"category-paris","8":"tag-actualites","9":"tag-eu","10":"tag-europe","11":"tag-fil-info","12":"tag-fr","13":"tag-france","14":"tag-france-monde","15":"tag-news","16":"tag-paris","17":"tag-republique-francaise","18":"tag-sante","19":"tag-societe"},"share_on_mastodon":{"url":"https:\/\/pubeurope.com\/@fr\/114954090885031979","error":""},"_links":{"self":[{"href":"https:\/\/www.europesays.com\/fr\/wp-json\/wp\/v2\/posts\/289242","targetHints":{"allow":["GET"]}}],"collection":[{"href":"https:\/\/www.europesays.com\/fr\/wp-json\/wp\/v2\/posts"}],"about":[{"href":"https:\/\/www.europesays.com\/fr\/wp-json\/wp\/v2\/types\/post"}],"author":[{"embeddable":true,"href":"https:\/\/www.europesays.com\/fr\/wp-json\/wp\/v2\/users\/2"}],"replies":[{"embeddable":true,"href":"https:\/\/www.europesays.com\/fr\/wp-json\/wp\/v2\/comments?post=289242"}],"version-history":[{"count":0,"href":"https:\/\/www.europesays.com\/fr\/wp-json\/wp\/v2\/posts\/289242\/revisions"}],"wp:featuredmedia":[{"embeddable":true,"href":"https:\/\/www.europesays.com\/fr\/wp-json\/wp\/v2\/media\/289243"}],"wp:attachment":[{"href":"https:\/\/www.europesays.com\/fr\/wp-json\/wp\/v2\/media?parent=289242"}],"wp:term":[{"taxonomy":"category","embeddable":true,"href":"https:\/\/www.europesays.com\/fr\/wp-json\/wp\/v2\/categories?post=289242"},{"taxonomy":"post_tag","embeddable":true,"href":"https:\/\/www.europesays.com\/fr\/wp-json\/wp\/v2\/tags?post=289242"}],"curies":[{"name":"wp","href":"https:\/\/api.w.org\/{rel}","templated":true}]}}