{"id":289244,"date":"2025-08-01T14:56:09","date_gmt":"2025-08-01T14:56:09","guid":{"rendered":"https:\/\/www.europesays.com\/fr\/289244\/"},"modified":"2025-08-01T14:56:09","modified_gmt":"2025-08-01T14:56:09","slug":"comment-les-services-secrets-russes-voient-lapres-zelensky","status":"publish","type":"post","link":"https:\/\/www.europesays.com\/fr\/289244\/","title":{"rendered":"comment les services secrets russes voient l\u2019apr\u00e8s-Zelensky"},"content":{"rendered":"\n<p>Le 29\u00a0juillet, le SVR, le service de renseignement ext\u00e9rieur russe, est sorti de la discr\u00e9tion que l\u2019on attend de ce genre d\u2019institution en publiant un curieux communiqu\u00e9 de presse. Selon ce texte, le SVR disposerait d\u2019informations confidentielles sur une rencontre r\u00e9cente, \u201cdans une station alpine\u201d, entre des repr\u00e9sentants am\u00e9ricains et britanniques et trois personnalit\u00e9s ukrainiennes de premier plan\u00a0: le directeur du cabinet pr\u00e9sidentiel, Andriy Yermak, le patron des services sp\u00e9ciaux de l\u2019arm\u00e9e, Kyrylo Boudanov, et l\u2019ancien commandant des forces arm\u00e9es ukrainiennes, Valeriy Zaloujny.<\/p>\n<p>Cette r\u00e9union ultraconfidentielle aurait eu pour objectif de pr\u00e9parer \u201cl\u2019apr\u00e8s-Zelensky\u201d, selon le SVR, ses participants s\u2019\u00e9tant mis d\u2019accord sur les modalit\u00e9s de d\u00e9part du pr\u00e9sident actuel. \u201cTous les participants \u00e0 la r\u00e9union ont convenu que la question \u00e9tait m\u00fbre depuis longtemps\u201d, y lit-on. \u201cLe remplacement de Zelensky est devenu, en substance, une condition essentielle \u00e0 la relance des relations de Kiev avec ses partenaires occidentaux, en premier lieu Washington, et \u00e0 la poursuite de l\u2019aide occidentale \u00e0 l\u2019Ukraine dans son opposition \u00e0 la Russie.\u201d<\/p>\n<p>On apprend ensuite, <a class=\"ithalc\" data-ithal=\"lien_externe\" data-ithalc=\"[nav_article]\" target=\"_blank\" href=\"https:\/\/lenta.ru\/news\/2025\/07\/29\/ermak-i-budanov-vzyali-pod-kozyrek-rossiyskaya-razvedka-zayavila-o-taynoy-vstreche-v-alpah-po-smescheniyu-zelenskogo\/\" rel=\"noopener\">r\u00e9sume le journal en ligne russe <strong>Lenta.ru<\/strong><\/a><strong>,<\/strong> qu\u2019Am\u00e9ricains et Britanniques ont annonc\u00e9 aux repr\u00e9sentants ukrainiens leur d\u00e9cisio<\/p>\n","protected":false},"excerpt":{"rendered":"Le 29\u00a0juillet, le SVR, le service de renseignement ext\u00e9rieur russe, est sorti de la discr\u00e9tion que l\u2019on attend&hellip;\n","protected":false},"author":2,"featured_media":289245,"comment_status":"","ping_status":"","sticky":false,"template":"","format":"standard","meta":{"footnotes":""},"categories":[1591],"tags":[11,674,1887,1892,131,12,1885,1886,132,220,134],"class_list":{"0":"post-289244","1":"post","2":"type-post","3":"status-publish","4":"format-standard","5":"has-post-thumbnail","7":"category-russie","8":"tag-actualites","9":"tag-europe","10":"tag-federation-de-russie","11":"tag-gu00e9opolitique","12":"tag-guerre-en-ukraine","13":"tag-news","14":"tag-russia","15":"tag-russian-federation","16":"tag-russie","17":"tag-ukraine","18":"tag-volodymyr-zelensky"},"share_on_mastodon":{"url":"https:\/\/pubeurope.com\/@fr\/114954094736810052","error":""},"_links":{"self":[{"href":"https:\/\/www.europesays.com\/fr\/wp-json\/wp\/v2\/posts\/289244","targetHints":{"allow":["GET"]}}],"collection":[{"href":"https:\/\/www.europesays.com\/fr\/wp-json\/wp\/v2\/posts"}],"about":[{"href":"https:\/\/www.europesays.com\/fr\/wp-json\/wp\/v2\/types\/post"}],"author":[{"embeddable":true,"href":"https:\/\/www.europesays.com\/fr\/wp-json\/wp\/v2\/users\/2"}],"replies":[{"embeddable":true,"href":"https:\/\/www.europesays.com\/fr\/wp-json\/wp\/v2\/comments?post=289244"}],"version-history":[{"count":0,"href":"https:\/\/www.europesays.com\/fr\/wp-json\/wp\/v2\/posts\/289244\/revisions"}],"wp:featuredmedia":[{"embeddable":true,"href":"https:\/\/www.europesays.com\/fr\/wp-json\/wp\/v2\/media\/289245"}],"wp:attachment":[{"href":"https:\/\/www.europesays.com\/fr\/wp-json\/wp\/v2\/media?parent=289244"}],"wp:term":[{"taxonomy":"category","embeddable":true,"href":"https:\/\/www.europesays.com\/fr\/wp-json\/wp\/v2\/categories?post=289244"},{"taxonomy":"post_tag","embeddable":true,"href":"https:\/\/www.europesays.com\/fr\/wp-json\/wp\/v2\/tags?post=289244"}],"curies":[{"name":"wp","href":"https:\/\/api.w.org\/{rel}","templated":true}]}}