{"id":289246,"date":"2025-08-01T14:57:11","date_gmt":"2025-08-01T14:57:11","guid":{"rendered":"https:\/\/www.europesays.com\/fr\/289246\/"},"modified":"2025-08-01T14:57:11","modified_gmt":"2025-08-01T14:57:11","slug":"la-premiere-fois-quils-voyaient-locean-40-scouts-ukrainiens-en-visite-dans-le-finistere-ont-ete-recus-en-mairie-de-landerneau","status":"publish","type":"post","link":"https:\/\/www.europesays.com\/fr\/289246\/","title":{"rendered":"\u00ab\u00a0La premi\u00e8re fois qu\u2019ils voyaient l\u2019oc\u00e9an\u00a0\u00bb\u00a0: 40 scouts ukrainiens, en visite dans le Finist\u00e8re, ont \u00e9t\u00e9 re\u00e7us en mairie de Landerneau"},"content":{"rendered":"<p>Des enfants qui sautent sur l\u2019\u00e9norme banc jaune, devant la mairie et le drapeau de leur pays. Ce vendredi 1er ao\u00fbt 2025, en matin\u00e9e, 40 scouts ukrainiens ont \u00e9t\u00e9 re\u00e7us \u00e0 Landerneau, par Patrick Leclerc, avant un pique-nique et une visite de la ville. Le groupe, nomm\u00e9 Ilja Muromez, un h\u00e9ros national, campe \u00e0 Land\u00e9vennec depuis le 25 juillet et d\u00e9couvre des paysages jamais vus auparavant. \u00ab\u00a0Le littoral, c\u2019est impressionnant, t\u00e9moigne dans sa langue natale Paulina, cheffe scoute avec Ivan et Maria. Les promenades sont toujours diff\u00e9rentes et la nature tr\u00e8s verte\u00a0\u00bb. Ce projet, organis\u00e9 par Maryna Kliuchnikova, membre de l\u2019Organisation nationale des scouts d\u2019Ukraine, est le quatri\u00e8me voyage en dehors de leur pays natal. \u00ab\u00a0C\u2019est un grand moment de s\u00e9curit\u00e9 pour les enfants, et donc de joie car ils peuvent s\u2019amuser dans la s\u00e9r\u00e9nit\u00e9\u00a0\u00bb, explique l\u2019Ukrainienne, habitante de Cardiff aujourd\u2019hui.<\/p>\n<p>Des retrouvailles entre les exil\u00e9s et ceux qui sont rest\u00e9s<\/p>\n<p>Comme elle, de nombreux enfants ont d\u00fb fuir le pays suite au d\u00e9clenchement de la guerre, ce qui a dispers\u00e9 des amiti\u00e9s. \u00ab\u00a0Ce sont des enfants qui se connaissent depuis tout-petits, indique Virginia Soukup, fondatrice de l\u2019association \u00ab\u00a0Landerneau aux enfants ukrainiens\u00a0\u00bb. La moiti\u00e9 habite encore \u00e0 Kiev et l\u2019autre moiti\u00e9 \u00e0 travers l\u2019Europe, en Autriche, en Allemagne\u2026 Certains \u00e9taient plus flexibles et ont pu partir tout de suite, d\u2019autres restent pour des raisons concr\u00e8tes, comme des grands-parents qui ne peuvent pas se d\u00e9placer\u00a0\u00bb. Ces camps font donc figure de retrouvailles et cr\u00e9ent une ambiance joyeuse, d\u00e9cupl\u00e9e par le contexte. \u00ab\u00a0On vit dans la for\u00eat, en campant pr\u00e8s de l\u2019abbaye de Land\u00e9vennec, raconte Ivan. On a des occupations concr\u00e8tes comme de l\u2019orientation, de la m\u00e9decine et, le soir, on allume un feu et beaucoup de jeunes jouent de la guitare\u00a0\u00bb.<\/p>\n<p>Une enfance comme tout le monde<\/p>\n<p>Ces jeunes scouts orthodoxes, \u00e2g\u00e9s de 12 \u00e0 18 ans, sillonnent le Finist\u00e8re jusqu\u2019au 6 ao\u00fbt et d\u00e9couvraient Landerneau ce vendredi. Patrick Leclerc leur a pr\u00e9sent\u00e9 la ville et la F\u00eate du Bruit, nom qui a fait sourire les \u00e9claireurs. Michel Riou a ensuite offert \u00e0 chacun un sac et un carnet \u00e0 remplir sur l\u2019historique de la ville. \u00ab\u00a0Ce s\u00e9jour est comme un havre de paix, pointe Virginia Soukup. Pour beaucoup, c\u2019\u00e9tait la premi\u00e8re fois qu\u2019ils voyaient l\u2019oc\u00e9an. Quand ils se sont baign\u00e9s, ils \u00e9taient fous de joie. C\u2019est important de les \u00e9loigner un peu de la guerre et qu\u2019ils aient une enfance, comme tout le monde\u00a0\u00bb, conclut la Landern\u00e9enne.<\/p>\n","protected":false},"excerpt":{"rendered":"Des enfants qui sautent sur l\u2019\u00e9norme banc jaune, devant la mairie et le drapeau de leur pays. Ce&hellip;\n","protected":false},"author":2,"featured_media":289247,"comment_status":"","ping_status":"","sticky":false,"template":"","format":"standard","meta":{"footnotes":""},"categories":[1590],"tags":[11,1777,674,1146,4075,9815,32958,12,11880,220],"class_list":{"0":"post-289246","1":"post","2":"type-post","3":"status-publish","4":"format-standard","5":"has-post-thumbnail","7":"category-ukraine","8":"tag-actualites","9":"tag-eu","10":"tag-europe","11":"tag-guerre","12":"tag-jeunesse","13":"tag-landerneau","14":"tag-landevennec","15":"tag-news","16":"tag-solidarite-ukraine","17":"tag-ukraine"},"share_on_mastodon":{"url":"https:\/\/pubeurope.com\/@fr\/114954098654822744","error":""},"_links":{"self":[{"href":"https:\/\/www.europesays.com\/fr\/wp-json\/wp\/v2\/posts\/289246","targetHints":{"allow":["GET"]}}],"collection":[{"href":"https:\/\/www.europesays.com\/fr\/wp-json\/wp\/v2\/posts"}],"about":[{"href":"https:\/\/www.europesays.com\/fr\/wp-json\/wp\/v2\/types\/post"}],"author":[{"embeddable":true,"href":"https:\/\/www.europesays.com\/fr\/wp-json\/wp\/v2\/users\/2"}],"replies":[{"embeddable":true,"href":"https:\/\/www.europesays.com\/fr\/wp-json\/wp\/v2\/comments?post=289246"}],"version-history":[{"count":0,"href":"https:\/\/www.europesays.com\/fr\/wp-json\/wp\/v2\/posts\/289246\/revisions"}],"wp:featuredmedia":[{"embeddable":true,"href":"https:\/\/www.europesays.com\/fr\/wp-json\/wp\/v2\/media\/289247"}],"wp:attachment":[{"href":"https:\/\/www.europesays.com\/fr\/wp-json\/wp\/v2\/media?parent=289246"}],"wp:term":[{"taxonomy":"category","embeddable":true,"href":"https:\/\/www.europesays.com\/fr\/wp-json\/wp\/v2\/categories?post=289246"},{"taxonomy":"post_tag","embeddable":true,"href":"https:\/\/www.europesays.com\/fr\/wp-json\/wp\/v2\/tags?post=289246"}],"curies":[{"name":"wp","href":"https:\/\/api.w.org\/{rel}","templated":true}]}}