{"id":289248,"date":"2025-08-01T14:58:11","date_gmt":"2025-08-01T14:58:11","guid":{"rendered":"https:\/\/www.europesays.com\/fr\/289248\/"},"modified":"2025-08-01T14:58:11","modified_gmt":"2025-08-01T14:58:11","slug":"les-taux-obligataires-chutent-apres-des-creations-demplois-faibles","status":"publish","type":"post","link":"https:\/\/www.europesays.com\/fr\/289248\/","title":{"rendered":"les taux obligataires chutent apr\u00e8s des cr\u00e9ations d&#8217;emplois faibles"},"content":{"rendered":"<p class=\"fig-paragraph\">Les taux obligataires am\u00e9ricains ont nettement recul\u00e9 vendredi, apr\u00e8s la publication de cr\u00e9ations d&#8217;emplois atones aux\u00a0<a href=\"http:\/\/www.lefigaro.fr\/flash-eco\/etats-unis-le-taux-de-chomage-progresse-peu-d-emplois-crees-ces-derniers-mois-20250801\" data-fig-type=\"NewsFlash\" data-gtm-custom-categorie=\"navigation\" data-gtm-custom-action=\"crossclick\" data-gtm-custom-label=\"Contextuel\" data-gtm-event=\"customEventSPE\" data-fig-domain=\"LEFIGARO\" target=\"_blank\" rel=\"noopener\">\u00c9tats-Unis<\/a>\u00a0et un taux de ch\u00f4mage en progression au mois de juillet. Vers 13H45 GMT, le rendement des emprunts d&rsquo;\u00c9tat am\u00e9ricains \u00e0 10 ans se d\u00e9tendait fortement \u00e0 4,24%, contre 4,37% \u00e0 la cl\u00f4ture jeudi. Le deux ans, plus sensible \u00e0 la conjoncture mon\u00e9taire, reculait \u00e0 3,74%, contre 3,95%.<\/p>\n<p class=\"fig-paragraph\">En cause: la sant\u00e9 du march\u00e9 de l&#8217;emploi am\u00e9ricain s&rsquo;est d\u00e9grad\u00e9e en juillet, avec un taux de ch\u00f4mage en progression \u00e0 4,2%, contre 4,1% en juin. Les cr\u00e9ations d&#8217;emplois se sont, elles, \u00e9tablies \u00e0 73.000 le mois pr\u00e9c\u00e9dent, selon le rapport mensuel du minist\u00e8re du Travail, soit moins qu&rsquo;attendu par les analystes. Surtout, les cr\u00e9ations d&#8217;emplois pendant les mois de mai et de juin ont \u00e9t\u00e9 fortement r\u00e9vis\u00e9es \u00e0 la baisse. Les chiffres corrig\u00e9s (19.000 en mai et 14.000 en juin) s&rsquo;affichent ainsi au plus bas depuis la pand\u00e9mie de Covid-19.<\/p>\n<p>                                    <a class=\"fig-a11y-skip a11y-hidden\" href=\"#fig-a11y-skip-main-inarticle\"><br \/>\n        Passer la publicit\u00e9<br \/>\n    <\/a><\/p>\n<p class=\"fig-paragraph\">La d\u00e9t\u00e9rioration du march\u00e9 du travail d\u00e9coule d&rsquo;une \u00abincertitude politique persistante, de l&rsquo;impact des droits de douane et du tassement des flux migratoires\u00bb souhait\u00e9 par le gouvernement, avait point\u00e9, avant la publication, Gregory Daco, \u00e9conomiste chez EY, dans une note. \u00abLe rapport sur l&#8217;emploi de juillet montre que la Fed (banque centrale am\u00e9ricaine, NDLR) est en retard sur les baisses de taux\u00bb, note Patrick O&rsquo;Hare, de Briefing.com.<\/p>\n<p class=\"fig-paragraph\">Deux responsables de la Fed ont d&rsquo;ailleurs regrett\u00e9 vendredi, dans des communiqu\u00e9s, la d\u00e9cision de maintenir les taux inchang\u00e9s lors de la derni\u00e8re r\u00e9union de politique mon\u00e9taire, estimant qu&rsquo;une baisse trop tardive risque de peser sur l&rsquo;activit\u00e9 \u00e9conomique et l&#8217;emploi.<\/p>\n","protected":false},"excerpt":{"rendered":"Les taux obligataires am\u00e9ricains ont nettement recul\u00e9 vendredi, apr\u00e8s la publication de cr\u00e9ations d&#8217;emplois atones aux\u00a0\u00c9tats-Unis\u00a0et un taux&hellip;\n","protected":false},"author":2,"featured_media":289249,"comment_status":"","ping_status":"","sticky":false,"template":"","format":"standard","meta":{"footnotes":""},"categories":[1589],"tags":[11,341,32994,73,1866,12,1864,1865,1863,308],"class_list":{"0":"post-289248","1":"post","2":"type-post","3":"status-publish","4":"format-standard","5":"has-post-thumbnail","7":"category-etats-unis","8":"tag-actualites","9":"tag-emploi","10":"tag-emprunt","11":"tag-etats-unis","12":"tag-etats-unis-damerique","13":"tag-news","14":"tag-united-states","15":"tag-united-states-of-america","16":"tag-us","17":"tag-usa"},"share_on_mastodon":{"url":"https:\/\/pubeurope.com\/@fr\/114954102555087843","error":""},"_links":{"self":[{"href":"https:\/\/www.europesays.com\/fr\/wp-json\/wp\/v2\/posts\/289248","targetHints":{"allow":["GET"]}}],"collection":[{"href":"https:\/\/www.europesays.com\/fr\/wp-json\/wp\/v2\/posts"}],"about":[{"href":"https:\/\/www.europesays.com\/fr\/wp-json\/wp\/v2\/types\/post"}],"author":[{"embeddable":true,"href":"https:\/\/www.europesays.com\/fr\/wp-json\/wp\/v2\/users\/2"}],"replies":[{"embeddable":true,"href":"https:\/\/www.europesays.com\/fr\/wp-json\/wp\/v2\/comments?post=289248"}],"version-history":[{"count":0,"href":"https:\/\/www.europesays.com\/fr\/wp-json\/wp\/v2\/posts\/289248\/revisions"}],"wp:featuredmedia":[{"embeddable":true,"href":"https:\/\/www.europesays.com\/fr\/wp-json\/wp\/v2\/media\/289249"}],"wp:attachment":[{"href":"https:\/\/www.europesays.com\/fr\/wp-json\/wp\/v2\/media?parent=289248"}],"wp:term":[{"taxonomy":"category","embeddable":true,"href":"https:\/\/www.europesays.com\/fr\/wp-json\/wp\/v2\/categories?post=289248"},{"taxonomy":"post_tag","embeddable":true,"href":"https:\/\/www.europesays.com\/fr\/wp-json\/wp\/v2\/tags?post=289248"}],"curies":[{"name":"wp","href":"https:\/\/api.w.org\/{rel}","templated":true}]}}