{"id":28925,"date":"2025-04-16T09:29:06","date_gmt":"2025-04-16T09:29:06","guid":{"rendered":"https:\/\/www.europesays.com\/fr\/28925\/"},"modified":"2025-04-16T09:29:06","modified_gmt":"2025-04-16T09:29:06","slug":"toujours-rien-contre-la-municipalite","status":"publish","type":"post","link":"https:\/\/www.europesays.com\/fr\/28925\/","title":{"rendered":"TOUJOURS RIEN CONTRE LA MUNICIPALIT\u00c9"},"content":{"rendered":"<p>Posted On 14 avril 2025 <\/p>\n<p style=\"text-align: justify;\"><a href=\"https:\/\/grenoble-le-changement.fr\/2025\/03\/27\/grenoble-1ere-pour-les-ilots-de-chaleur-cest-pas-ma-faute-piolle\/\" target=\"_blank\" rel=\"noopener\">Premi\u00e8re pour les ilots de chaleur<\/a>, derni\u00e8re <a href=\"https:\/\/grenoble-le-changement.fr\/2023\/07\/12\/nature-en-ville-grenoble-27-eme-sur-31\/\" target=\"_blank\" rel=\"noopener\">pour les espaces nature par habitant<\/a> mais la municipalit\u00e9 de Grenoble ne retient toujours pas l<a href=\"https:\/\/grenoble-le-changement.fr\/2017\/04\/04\/evasion-fiscale-alternatiba-oublie-eric-piolle\/\" target=\"_blank\" rel=\"noopener\">&lsquo;attention d&rsquo;Alternatiba<\/a>, d&rsquo;Extinction-Rebellion ou ANV COP21 ni des \u00ab\u00a0soul\u00e8vements de la Terre\u00a0\u00bb&#8230; Le premier et le dernier sont d&rsquo;ailleurs log\u00e9s par elle : \u00e0 l&rsquo;esplanade pour Alternatiba et <a href=\"https:\/\/grenoble-le-changement.fr\/2024\/02\/22\/38-rue-dalembert-les-privileges-honteux-de-lextreme-gauche\/\" target=\"_blank\" rel=\"noopener\">au 38 rue d&rsquo;Alembert<\/a> pour les soul\u00e8vements, gr\u00e2ce \u00e0 un bail de&#8230; 40 ans accord\u00e9 par la ville. 300 \u20ac par mois pour 800 M2&#8230;<\/p>\n<p style=\"text-align: justify;\">Par contre \u00ab\u00a0<a href=\"https:\/\/grenoble-le-changement.fr\/2018\/08\/22\/alternatiba-attac-solidaires-du-maire-actionnaire-a-singapour\/\" target=\"_blank\" rel=\"noopener\">des militants d\u2019Alternatiba<\/a> ANV-Cop21 et de Scientifiques en r\u00e9bellion ont men\u00e9 une action de d\u00e9sob\u00e9issance civile devant des agences Axa de Grenoble apr\u00e8s la publication des r\u00e9sultats financiers du g\u00e9ant de l\u2019assurance pour l\u2019ann\u00e9e 2024. Ce pour d\u00e9noncer son implication dans le financement de projets li\u00e9s aux \u00e9nergies fossiles\u2026 et son \u00ab hypocrisie climatique \u00bb\u00a0\u00bb <a target=\"_blank\" href=\"https:\/\/www.placegrenet.fr\/2025\/02\/28\/grenoble-action-de-militants-contre-lassureur-axa-accuse-dentretenir-lhypocrisie-climatique\/647314\" rel=\"noopener\">rend compte place Gre&rsquo;Net.\u00a0<\/a><\/p>\n<p><img decoding=\"async\" data-id=\"68914\" src=\"https:\/\/i2.wp.com\/grenoble-le-changement.fr\/wp-content\/uploads\/2023\/10\/Alternatiba-Namur-Belair-.png?w=678&amp;ssl=1\" alt=\"\" class=\"wp-image-68914 jetpack-lazy-image\" data-recalc-dims=\"1\" data-lazy-src=\"https:\/\/www.europesays.com\/fr\/wp-content\/uploads\/2025\/04\/Alternatiba-Namur-Belair-.png\" \/><\/p>\n<p><img decoding=\"async\" data-id=\"64371\" src=\"https:\/\/grenoble-le-changement.fr\/wp-content\/uploads\/2023\/07\/Alternatiba-Attac-BNP-Paribas-24-scaled-1.webp\" alt=\"\" class=\"wp-image-64371 jetpack-lazy-image\" data-lazy-src=\"https:\/\/www.europesays.com\/fr\/wp-content\/uploads\/2025\/04\/Alternatiba-Attac-BNP-Paribas-24-scaled-1.webp\" \/><br \/>\nGilles Namur et Margot Belair, les seuls \u00e9lus (Rouge\/Verts) invit\u00e9s \u00e0 l&rsquo;inauguration du si\u00e8ge d&rsquo;Alternatiba offert par la ville \u00e0 l&rsquo;esplanade (\u00e0 gauche). Et \u00e0 droite, attaque des agences bancaires grenobloises sans mettre en cause Piolle \u00e0 SIngapour ! <\/p>\n<p><strong>PAS \u00ab\u00a0D&rsquo;HYPOCRISIE CLIMATIQUE\u00a0\u00bb DE LA PART DE LA VILLE DE GRENOBLE<\/strong><\/p>\n<p style=\"text-align: justify;\">Mais pas \u00ab\u00a0d&rsquo;hypocrisie climatique \u00a0\u00bb de la part de la ville de Grenoble. Au dernier Conseil Municipal, apr\u00e8s 3 ans de d\u00e9n\u00e9gations, Eric Piolle a fini par reconnaitre que Grenoble \u00e9tait bien devenue en 2022 la premi\u00e8re des grandes villes pour la cr\u00e9ation d&rsquo;ilots de chaleur dus \u00e0 l&rsquo;urbanisation. Mais il a expliqu\u00e9\u00a0 laborieusement \u00e0 Alain Carignon qu&rsquo;il n&rsquo;y \u00e9tait pour rien. L&rsquo;\u00e9tude du CNRS \u00ab\u00a0est bas\u00e9e sur des donn\u00e9es ant\u00e9rieures \u00e0 2018\u00a0\u00bb a t-il lanc\u00e9 en d\u00e9fense. M\u00eame si c&rsquo;\u00e9tait exact &#8211; ce qui reste \u00e0 prouver car on voit mal pourquoi le CNRS ne prendrait pas en compte les donn\u00e9es les plus r\u00e9centes ! &#8211; il a oubli\u00e9 qu&rsquo;il est Maire depuis 2014.\u00a0<\/p>\n<p style=\"text-align: justify;\"><strong>POURQUOI CHERCHER LOIN CE QU&rsquo;ON A SUR PLACE ?<\/strong>\u00a0<\/p>\n<p style=\"text-align: justify;\">Mais pourquoi donc Alternatiba, Extinction Rebellion, les \u00ab\u00a0scientifiques en rebellion\u00a0\u00bb, soul\u00e8vement de la Terre&#8230; <a href=\"https:\/\/grenoble-le-changement.fr\/2025\/04\/12\/pas-daction-en-justice-contre-les-insuffisances-de-la-municipalite\/\" target=\"_blank\" rel=\"noopener\">vont-ils chercher si loin des insuffisances<\/a> et hypocrisies climatiques alors qu&rsquo;ils disposent sous leurs yeux d&rsquo;exemples probants, de mati\u00e8re \u00e0 intervention sur lesquelles leur influence serait plus d\u00e9cisive ? Ils reproduisent le \u00ab\u00a0d\u00e9tecteur de failles\u00a0\u00bb (!) <a href=\"https:\/\/grenoble-le-changement.fr\/raymond-avrillier-le-tartuffe-rouge-verts-bouge-encore\/\" target=\"_blank\" rel=\"noopener\">Raymond Avrillier qui n&rsquo;a rien vu<\/a> localement de ses amis \u00e9lus Rouge\/Verts condamn\u00e9s, poursuivis ou d\u00e9mis : <a href=\"https:\/\/grenoble-le-changement.fr\/2023\/09\/07\/eric-piolle-condamne-la-fin-du-regne\/\" target=\"_blank\" rel=\"noopener\">Piolle<\/a>, <a href=\"https:\/\/grenoble-le-changement.fr\/2025\/03\/17\/affaires-piolle-martin-ferrari-pourquoi-le-parquet-freine-des-quatre-fers\/\" target=\"_blank\" rel=\"noopener\">Martin<\/a>, <a href=\"https:\/\/grenoble-le-changement.fr\/2024\/07\/04\/klauss-habfast-adjoint-au-maire-condamne-pour-favoritisme\/\" target=\"_blank\" rel=\"noopener\">Habfast<\/a>, <a href=\"https:\/\/grenoble-le-changement.fr\/2022\/11\/19\/c-ferrari-a-t-il-abuse-de-sa-voiture-de-president-de-la-metropole\/\" target=\"_blank\" rel=\"noopener\">Ferrari<\/a>, <a href=\"https:\/\/grenoble-le-changement.fr\/2025\/04\/05\/hier-un-vice-president-de-la-metropole-destitue-par-la-majorite-de-gauche\/\" target=\"_blank\" rel=\"noopener\">Semanaz&#8230;<\/a><\/p>\n<p style=\"text-align: justify;\"><strong>LES RENVOIS D&rsquo;ASCENSEUR PERMANENTS\u00a0<\/strong><\/p>\n<p style=\"text-align: justify;\">Aucune question aux \u00e9lus Verts\/LFI avec lesquels ils trinquent au contraire. <a href=\"https:\/\/grenoble-le-changement.fr\/2023\/07\/03\/alternatiba-anticor-et-cie-comment-piolle-prepare-la-campagne-municipale\/\" target=\"_blank\" rel=\"noopener\">Les renvois d&rsquo;ascenseurs sont d&rsquo;ailleurs permanents.<\/a> Outre les locaux offerts, la municipalit\u00e9 accepte la privatisation des espaces publics pour eux comme on l&rsquo;a vu avec le jardin de ville et le stationnement des voitures rue Hector Berlioz o\u00f9 c&rsquo;est interdit. En \u00e9change Alternatiba \u00ab\u00a0note\u00a0\u00bb la municipalit\u00e9 !\u00a0 Et elle obtient un score de&#8230; 75% pour ses objectifs de transition \u00e9cologique.\u00a0<\/p>\n<p style=\"text-align: justify;\"><strong>LES 100 % DE SUCC\u00c8S PHOTOVOLTA\u00cfQUE : ET LES 2,4 MILLIONS D&rsquo;EUROS POUR ABC ?\u00a0<\/strong><\/p>\n<p style=\"text-align: justify;\">Avec 100 % pour le photovolta\u00efque (!) n&rsquo;int\u00e9grant pas <a href=\"https:\/\/grenoble-le-changement.fr\/2024\/06\/22\/presquile-les-scandales-de-la-folie-verte-eclatent\/\" target=\"_blank\" rel=\"noopener\">les 2,4 Millions d&rsquo;euros jet\u00e9s sur le toit de l&rsquo;immeuble ABC de la presqu&rsquo;ile<\/a> pour un syst\u00e8me qui ne fonctionnera jamais et qu&rsquo;on n&rsquo;a m\u00eame pas les moyens de d\u00e9monter, la laideur de cette \u00ab\u00a0for\u00eat de panneaux\u00a0\u00bb demeurant en friche pour les g\u00e9n\u00e9rations futures.<\/p>\n<p><img decoding=\"async\" data-id=\"74221\" src=\"https:\/\/i2.wp.com\/grenoble-le-changement.fr\/wp-content\/uploads\/2024\/06\/alternatiba-scaled.jpg?w=678&amp;ssl=1\" alt=\"\" class=\"wp-image-74221 jetpack-lazy-image\" data-recalc-dims=\"1\" data-lazy-src=\"https:\/\/www.europesays.com\/fr\/wp-content\/uploads\/2025\/04\/alternatiba-scaled.jpg\" \/><\/p>\n<p><img decoding=\"async\" data-id=\"71429\" src=\"https:\/\/grenoble-le-changement.fr\/wp-content\/uploads\/2024\/01\/alternatiba-rue-H-berlioz-stationnement-interdit-.webp\" alt=\"\" class=\"wp-image-71429 jetpack-lazy-image\" data-lazy-src=\"https:\/\/www.europesays.com\/fr\/wp-content\/uploads\/2025\/04\/alternatiba-rue-H-berlioz-stationnement-interdit-.webp\" \/><br \/>\nL&rsquo;espace public est tr\u00e8s souvent privatis\u00e9 : le jardin de ville et la rue Hector Berlioz o\u00f9 le stationnement est interdit pour Alternatiba qui aime bien la voiture ! <\/p>\n<p><strong>CR\u00c9\u00c9R UN CLIMAT FAVORABLE POUR L. RUFFIN <\/strong><\/p>\n<p style=\"text-align: justify;\"><a href=\"https:\/\/grenoble-le-changement.fr\/2025\/04\/13\/la-comm-et-les-promesses-avant-les-elections-comme-en-2020\/\" target=\"_blank\" rel=\"noopener\">Avec l&rsquo;approche des \u00e9lections municipales<\/a> toute cette n\u00e9buleuse intervient de plus en plus dans le champ politique afin de cr\u00e9er un climat culturel favorable <a href=\"https:\/\/grenoble-le-changement.fr\/2025\/02\/02\/laurence-ruffin-margot-belair-et-lucille-lheureux-veulent-succeder-a-piolle\/\" target=\"_blank\" rel=\"noopener\">\u00e0 Laurence Ruffin<\/a>, la <a href=\"https:\/\/grenoble-le-changement.fr\/2024\/11\/16\/laurence-ruffin-savance-pour-les-municipales-du-piolle-au-feminin\/\" target=\"_blank\" rel=\"noopener\">candidate de Piolle.<\/a> Ainsi par exemple, l&rsquo;offensive m\u00e9diatique contre les technologies abuse d&rsquo;une fausse s\u00e9mantique: \u00ab\u00a0de l&rsquo;eau pas des puces\u00a0\u00bb est \u00e9videmment ridicule. Qui voudrait se priver d&rsquo;eau ?\u00a0<\/p>\n<p style=\"text-align: justify;\"><strong>LA CARICATURE DE TOUTES \u00ab\u00a0LES LUTTES\u00a0\u00bb<\/strong><\/p>\n<p style=\"text-align: justify;\">On retrouve ici la caricature de toutes \u00ab\u00a0les luttes\u00a0\u00bb de ces franges, telle celle men\u00e9e en son temps contre le nucl\u00e9aire qui m\u00e9langeait le civil et le militaire, jouait sur les peurs et ont produit les effets catastrophiques que l&rsquo;on connait pour le prix de l&rsquo;\u00e9nergie. Les am\u00e9ricains nous vendent le gaz de schiste\u00a0 &#8211; que les verts ont fait interdire en France &#8211; quatre fois plus cher qu&rsquo;\u00e0 leurs ressortissants.<\/p>\n<p style=\"text-align: justify;\"><strong>TOTALEMENT D\u00c9PENDANTS DES AUTRES<\/strong><\/p>\n<p style=\"text-align: justify;\">Avec les puces, le r\u00e9sultat serait le m\u00eame: avec le d\u00e9veloppement de l&rsquo;\u00e9lectrique, de le 6G, de l&rsquo;intelligence artificielle, nous serions totalement d\u00e9pendants des autres qui fixeraient leur prix et leurs conditions. L&rsquo;action de Stop Micro et Soul\u00e8vements de la Terre a d\u00e9j\u00e0 r\u00e9ussi \u00e0 stopper l&rsquo;extension de SOITEC. Ces groupuscules s&rsquo;attaquent \u00e0 ST Micro et \u00e0 la fili\u00e8re aux 25 000 emplois directs et indirects.\u00a0<\/p>\n<p><img decoding=\"async\" data-id=\"78976\" src=\"https:\/\/i1.wp.com\/grenoble-le-changement.fr\/wp-content\/uploads\/2025\/01\/Ruffin-florence.png?w=678&amp;ssl=1\" alt=\"\" class=\"wp-image-78976 jetpack-lazy-image\" data-recalc-dims=\"1\" data-lazy-src=\"https:\/\/www.europesays.com\/fr\/wp-content\/uploads\/2025\/04\/Ruffin-florence.png\" \/><\/p>\n<p><img decoding=\"async\" data-id=\"76866\" src=\"https:\/\/i2.wp.com\/grenoble-le-changement.fr\/wp-content\/uploads\/2024\/10\/non-neyrpic-verts-scaled.jpeg?w=678&amp;ssl=1\" alt=\"\" class=\"wp-image-76866 jetpack-lazy-image\" data-recalc-dims=\"1\" data-lazy-src=\"https:\/\/www.europesays.com\/fr\/wp-content\/uploads\/2025\/04\/non-neyrpic-verts-scaled.jpeg\" \/><br \/>\nLaurence Ruffin, la candidate de Piolle et Neyrpic : pas une fois les officines des Verts ne pointent la responsabilit\u00e9 des \u00e9lus rose\/rouge\/Verts qui l&rsquo;ont permise &#8230;<\/p>\n<p><strong>POURQUOI RIEN SUR E. PIOLLE ACTIONNAIRE \u00c0 SINGAPOUR ?<\/strong><\/p>\n<p style=\"text-align: justify;\">Malgr\u00e9 leurs moyens, leurs efforts, ils rament de plus en plus pour imposer une culture ambiante dominante. Ca craque sur tous les plans. Pourquoi s&rsquo;attaquer aux agences bancaires \u00e0 Grenoble et ne rien exiger d&rsquo;Eric Piolle \u00e0 Singapour <a href=\"https:\/\/grenoble-le-changement.fr\/2021\/04\/21\/piolle-a-singapour-nouvelles-revelations-de-marianne\/\" target=\"_blank\" rel=\"noopener\">qui reconnait que la soci\u00e9t\u00e9 dont il est actionnaire dans un paradis<\/a> fiscal vend <a href=\"https:\/\/grenoble-le-changement.fr\/2021\/03\/02\/piolle-a-singapour-nouvelles-revelations\/\" target=\"_blank\" rel=\"noopener\">des logiciels de s\u00e9curit\u00e9 financi\u00e8re \u00e0 des banques ?<\/a><\/p>\n<p style=\"text-align: justify;\"><strong>POURQUOI LA CHARTE ANTICOR PAS APPLIQU\u00c9E \u00c0 PIOLLE ?<\/strong><\/p>\n<p style=\"text-align: justify;\"><a href=\"https:\/\/grenoble-le-changement.fr\/2024\/07\/28\/affaires-e-piolle-e-martin-r-avrillier-et-anticor-aux-abonnes-absents\/\" target=\"_blank\" rel=\"noopener\">Pourquoi aucun de ces r\u00e9volt\u00e9s<\/a> n&rsquo;a t-il encore exig\u00e9 qu&rsquo;Eric Piolle <a href=\"https:\/\/grenoble-le-changement.fr\/2023\/09\/07\/eric-piolle-condamne-la-fin-du-regne\/\" target=\"_blank\" rel=\"noopener\">condamn\u00e9 pour favoritisme<\/a> respecte la <a href=\"https:\/\/grenoble-le-changement.fr\/2023\/09\/20\/anticor-et-la-demission-de-piolle-une-histoire-grenobloise\/\" target=\"_blank\" rel=\"noopener\">charte Anticor qu&rsquo;il a sign\u00e9<\/a> et d\u00e9missionne ? D&rsquo;autant qu&rsquo;il est la cible <a href=\"https:\/\/grenoble-le-changement.fr\/2025\/03\/17\/affaires-piolle-martin-ferrari-pourquoi-le-parquet-freine-des-quatre-fers\/\" target=\"_blank\" rel=\"noopener\">d&rsquo;une nouvelle information judiciaire<\/a> pour un \u00e9ventuel versement illicite d&rsquo;argent public \u00e0 l&rsquo;actuelle D\u00e9put\u00e9e LFI, Elisa Martin. Imagine-t-on ce qu&rsquo;il en serait pour un Maire de droite de la part de tous ces groupuscules ?\u00a0<\/p>\n<p style=\"text-align: justify;\"><strong>L. RUFFIN DEVAIT \u00caTRE LA B\u00c9N\u00c9FICIAIRE DES OP\u00c9RATIONS MUNICIPALES<\/strong><\/p>\n<p style=\"text-align: justify;\">Mais le dossier de la sant\u00e9 est probablement le plus embl\u00e9matique de cette connivence folle au d\u00e9triment de l&rsquo;int\u00e9r\u00eat du plus grand nombre. La municipalit\u00e9 redouble \u00ab\u00a0d&rsquo;actions\u00a0\u00bb de com&rsquo; avec Antoine Back (Verts\/LFI) et sa s\u00e9curit\u00e9 sociale de la sant\u00e9 <a href=\"https:\/\/grenoble-le-changement.fr\/2025\/03\/25\/230-000-e-pour-une-centaine-de-paniers-repas-a-la-fin-de-lannee\/\" target=\"_blank\" rel=\"noopener\">qui jette 500 000 \u20ac aux orties dont la moiti\u00e9 \u00e0 des proches pour des d\u00e9penses de fonctionnement<\/a> et Pierre-Andr\u00e9 Juven (Verts\/LFI) qui a mis en place la <a href=\"https:\/\/grenoble-le-changement.fr\/2025\/03\/29\/lurbanisme-et-la-sante-la-municipalite-garantit-2040\/\" target=\"_blank\" rel=\"noopener\">tartufferie des \u00ab\u00a0quartiers favorables \u00e0 la sant\u00e9 en 2040\u00a0\u00bb <\/a>le tout \u00e9tant chapeaut\u00e9 par leur candidate Rouge\/Verts, Laurence Ruffin, b\u00e9n\u00e9ficiaire politique de cet argent public, \u00e0 l&rsquo;occasion d&rsquo;une conf\u00e9rence sur la sant\u00e9 \u00e0 la Maison du tourisme. Pas de bol, elle n&rsquo;a pas pu se tenir.<\/p>\n<p><a href=\"https:\/\/grenoble-le-changement.fr\/wp-content\/uploads\/2025\/04\/Capture-de\u0301cran-2025-01-22-a\u0300-20.53.08.webp\" target=\"_blank\" rel=\"noopener\"><img decoding=\"async\" data-id=\"81275\" src=\"https:\/\/grenoble-le-changement.fr\/wp-content\/uploads\/2025\/04\/Capture-de\u0301cran-2025-01-22-a\u0300-20.53.08.webp\" alt=\"\" class=\"wp-image-81275 jetpack-lazy-image\" data-lazy-src=\"https:\/\/www.europesays.com\/fr\/wp-content\/uploads\/2025\/04\/Capture-de\u0301cran-2025-01-22-a\u0300-20.53.08.webp\" \/><\/a><\/p>\n<p><a href=\"https:\/\/i2.wp.com\/grenoble-le-changement.fr\/wp-content\/uploads\/2025\/04\/Capture-de\u0301cran-2025-04-13-a\u0300-15.30.09.png?ssl=1\" rel=\"lightbox[81273] noopener\" target=\"_blank\"><img decoding=\"async\" data-id=\"81274\" src=\"https:\/\/i2.wp.com\/grenoble-le-changement.fr\/wp-content\/uploads\/2025\/04\/Capture-de\u0301cran-2025-04-13-a\u0300-15.30.09.png?w=678&amp;ssl=1\" alt=\"\" class=\"wp-image-81274 jetpack-lazy-image\" data-recalc-dims=\"1\" data-lazy-src=\"https:\/\/i2.wp.com\/grenoble-le-changement.fr\/wp-content\/uploads\/2025\/04\/Capture-de\u0301cran-2025-04-13-a\u0300-15.30.09.png?w=678&amp;is-pending-load=1#038;ssl=1\" \/><\/a><br \/>\n\u00c0 gauche Laurence Ruffin n&rsquo;a pas pu tenir sa r\u00e9union sur la sant\u00e9 \u00e0 la Maison du Tourisme, et \u00e0 droite Piolle \u00e9tait cette semaine \u00e0 Toulouse pour sa campagne de porte parole des Verts o\u00f9 il parlait de &#8230; la lutte contre la drogue !<\/p>\n<p><strong>LA SANT\u00c9 DES FAMILLES MENAC\u00c9E PAR L&rsquo;INSALUBRIT\u00c9 DES LOGEMENTS PUBLICS.<\/strong><\/p>\n<p style=\"text-align: justify;\">Ce lourd dispositif sur argent public tombe \u00e0 l&rsquo;eau. Les r\u00e9v\u00e9lations sur l&rsquo;usine \u00e0 gaz d&rsquo;Antoine Back, la description de ces appartements insalubres qui menacent la sant\u00e9 des enfants, lou\u00e9s par les organismes pr\u00e9sid\u00e9s par les \u00e9lus de la majorit\u00e9 municipale rendent path\u00e9tiques ou m\u00eame donnent un caract\u00e8re cynique \u00e0 la com&rsquo; de Pierre-Andr\u00e9 Juven et de la majorit\u00e9 municipale sur les \u00ab\u00a0quartiers favorables \u00e0 la sant\u00e9 en 2040\u00a0\u00bb. Alain Carignon a alert\u00e9 \u00e0 ce sujet <a target=\"_blank\" href=\"https:\/\/www.youtube.com\/shorts\/RHbH0-2tOMA\" rel=\"noopener\">en montrant la situation v\u00e9cue en 2025 par les familles.\u00a0<\/a><\/p>\n<p style=\"text-align: justify;\">Les postes des agents affect\u00e9s \u00e0 ces op\u00e9rations, les budgets qui vont avec manquent cruellement aux habitants qui voudraient vivre dans des conditions sanitaires satisfaisantes.\u00a0<\/p>\n<p style=\"text-align: justify;\"><strong>L. RUFFIN AURAIT DU SURFER SUR CETTE PENS\u00c9E UNIQUE IMPOS\u00c9E<\/strong><\/p>\n<p style=\"text-align: justify;\">Les grenoblois ne doivent pas s&rsquo;y tromper : l&rsquo;articulation entre les lourds financements de la ville affect\u00e9s \u00e0 ces cr\u00e9neaux et les actions de la n\u00e9buleuse rouge Verte <a href=\"https:\/\/grenoble-le-changement.fr\/2023\/04\/12\/la-verite-sur-les-liens-secrets-de-piolle-avec-lextreme-gauche\/\" target=\"_blank\" rel=\"noopener\">et de l&rsquo;extr\u00eame gauche<\/a> a pour objet d&rsquo;aboutir \u00e0 une pens\u00e9e unique impos\u00e9e. Sur laquelle Laurence Ruffin n&rsquo;aurait qu&rsquo;\u00e0 surfer.\u00a0<\/p>\n<p style=\"text-align: justify;\">La secte Verts\/Ades, le cabinet du Maire et tous les agents contractuels qui ont \u00e9t\u00e9 plac\u00e9s \u00e0 diff\u00e9rents niveaux des services et des Maisons des habitants autour de \u00ab\u00a0la relation citoyenne\u00a0\u00bb, sont en coh\u00e9rence avec cet objectif.\u00a0<\/p>\n<p><a href=\"https:\/\/i0.wp.com\/grenoble-le-changement.fr\/wp-content\/uploads\/2025\/04\/Capture-de\u0301cran-2025-04-13-a\u0300-15.52.21.png?ssl=1\" rel=\"lightbox[81273] noopener\" target=\"_blank\"><img decoding=\"async\" data-id=\"81278\" src=\"https:\/\/i0.wp.com\/grenoble-le-changement.fr\/wp-content\/uploads\/2025\/04\/Capture-de\u0301cran-2025-04-13-a\u0300-15.52.21.png?resize=678%2C507&amp;ssl=1\" alt=\"\" class=\"wp-image-81278 jetpack-lazy-image\" data-recalc-dims=\"1\" data-lazy-src=\"https:\/\/i0.wp.com\/grenoble-le-changement.fr\/wp-content\/uploads\/2025\/04\/Capture-de\u0301cran-2025-04-13-a\u0300-15.52.21.png?resize=678%2C507&amp;is-pending-load=1#038;ssl=1\" \/><\/a><\/p>\n<p><a href=\"https:\/\/i0.wp.com\/grenoble-le-changement.fr\/wp-content\/uploads\/2025\/04\/Capture-de\u0301cran-2025-04-13-a\u0300-15.51.51.png?ssl=1\" rel=\"lightbox[81273] noopener\" target=\"_blank\"><img decoding=\"async\" data-id=\"81277\" src=\"https:\/\/i0.wp.com\/grenoble-le-changement.fr\/wp-content\/uploads\/2025\/04\/Capture-de\u0301cran-2025-04-13-a\u0300-15.51.51.png?resize=678%2C505&amp;ssl=1\" alt=\"\" class=\"wp-image-81277 jetpack-lazy-image\" data-recalc-dims=\"1\" data-lazy-src=\"https:\/\/i0.wp.com\/grenoble-le-changement.fr\/wp-content\/uploads\/2025\/04\/Capture-de\u0301cran-2025-04-13-a\u0300-15.51.51.png?resize=678%2C505&amp;is-pending-load=1#038;ssl=1\" \/><\/a><br \/>\nPendant ce temps, hier, samedi 12 avril \u00e0 Grenoble, Jouhaux (\u00e0 gauche) et \u00e0 l&rsquo;Abbaye \u00ab\u00a0l&rsquo;urbanisme transitoire\u00a0\u00bb de Yann Mongaburu (Verts\/Ades) qui dure depuis 3 ans (\u00e0 droite) <\/p>\n<p><strong>CES STORY VIRTUELLES TROP LOURDES NE MARCHENT PLUS<\/strong><\/p>\n<p style=\"text-align: justify;\">Mais le moteur est gripp\u00e9. Toutes <a href=\"https:\/\/grenoble-le-changement.fr\/2025\/04\/13\/la-comm-et-les-promesses-avant-les-elections-comme-en-2020\/\" target=\"_blank\" rel=\"noopener\">ces story virtuelles mont\u00e9es permettant de gagner<\/a> en 2014, de confirmer en 2020, marchaient du fait de la nouveaut\u00e9 et de l&rsquo;absence de tout bilan. Elles \u00e9taient aussi moins lourdingues avec des op\u00e9rateurs tels Erwan Lecoeur qui officie maintenant ailleurs en se faisant passer pour un observateur universitaire du Rassemblement National (!) ou<a href=\"https:\/\/grenoble-le-changement.fr\/2024\/11\/29\/enzo-lesourt-verts-lfi-et-le-fonctionnement-de-la-municipalite-cest-degueulasse\/\" target=\"_blank\" rel=\"noopener\"> Enzo Lesourt, l&rsquo;ex deuxi\u00e8me cerveau<\/a> auquel Piolle doit tant et qu&rsquo;il a si mal remerci\u00e9.\u00a0<\/p>\n<p style=\"text-align: justify;\">La m\u00e9canique actuelle rencontre d&rsquo;\u00e9normes rat\u00e9s et la majorit\u00e9 municipale ne parvient plus \u00e0 imposer sa lecture du r\u00e9el ni son histoire \u00ab\u00a0comme une s\u00e9rie t\u00e9l\u00e9\u00a0\u00bb <a href=\"https:\/\/grenoble-le-changement.fr\/2018\/09\/21\/e-lecoeur-le-directeur-de-campagne-de-e-piolle-surpaye\/\" target=\"_blank\" rel=\"noopener\">(Erwan Lecoeur, ex directeur de la com&rsquo;).<\/a><\/p>\n<p style=\"text-align: justify;\"><strong>UN SONDAGE EST ANNONC\u00c9 <\/strong><\/p>\n<p style=\"text-align: justify;\">Le landernau politique bruisse d&rsquo;un sondage qui serait lanc\u00e9 par un groupe de presse avant l&rsquo;\u00e9t\u00e9 et serait rendu public contrairement \u00e0 celui r\u00e9alis\u00e9 par la gauche. S&rsquo;il se confirme il permettra de b\u00e9n\u00e9ficier d&rsquo;une base scientifique pour mesurer l&rsquo;efficacit\u00e9 de toutes ces officines et de l&rsquo;agencement g\u00e9n\u00e9ral qui a \u00e9t\u00e9 mis en place <a href=\"https:\/\/grenoble-le-changement.fr\/2024\/11\/23\/laurence-ruffin-verts-lfi-petits-mensonges-et-gros-sabots\/\" target=\"_blank\" rel=\"noopener\">pour imposer au final Laurence Ruffin,<\/a> comme un aboutissement naturel.<\/p>\n<p style=\"text-align: justify;\">Une majorit\u00e9 de Grenoblois est-elle encore dupe ? R\u00e9ponse d&rsquo;\u00e9tape \u00e9ventuelle avec un sondage, mais surtout r\u00e9ponse d\u00e9finitive dans 12 mois.\u00a0 \u00a0<\/p>\n","protected":false},"excerpt":{"rendered":"Posted On 14 avril 2025 Premi\u00e8re pour les ilots de chaleur, derni\u00e8re pour les espaces nature par habitant&hellip;\n","protected":false},"author":2,"featured_media":28926,"comment_status":"","ping_status":"","sticky":false,"template":"","format":"standard","meta":{"footnotes":""},"categories":[9566],"tags":[1111,11,10127,9601,10128,10129,10130,2430,9604,10131,10132,9607,10133,1777,674,10134,1011,27,2731,10135,10136,12,10137,10138,10139,10140,25,10141,10142,10143,10144],"class_list":{"0":"post-28925","1":"post","2":"type-post","3":"status-publish","4":"format-standard","5":"has-post-thumbnail","7":"category-grenoble","8":"tag-actu","9":"tag-actualites","10":"tag-ades","11":"tag-alain-carignon","12":"tag-alternatiba","13":"tag-antoine-back","14":"tag-anv-cop21","15":"tag-auvergne-rhone-alpes","16":"tag-christophe-ferrari","17":"tag-elisa-martin","18":"tag-enzo-lesourt","19":"tag-eric-piolle","20":"tag-erwan-lecoeur","21":"tag-eu","22":"tag-europe","23":"tag-exctinction-rebellion","24":"tag-fr","25":"tag-france","26":"tag-grenoble","27":"tag-klauss-habfsat","28":"tag-laurence-ruffin","29":"tag-news","30":"tag-neyrpic","31":"tag-pierre-andre-juven","32":"tag-place-grenet","33":"tag-raymond-avrillier","34":"tag-republique-francaise","35":"tag-scientifiques-en-rebellion","36":"tag-soitec","37":"tag-thierry-semanaz","38":"tag-yann-monbaguru"},"share_on_mastodon":{"url":"https:\/\/pubeurope.com\/@fr\/114346942112903257","error":""},"_links":{"self":[{"href":"https:\/\/www.europesays.com\/fr\/wp-json\/wp\/v2\/posts\/28925","targetHints":{"allow":["GET"]}}],"collection":[{"href":"https:\/\/www.europesays.com\/fr\/wp-json\/wp\/v2\/posts"}],"about":[{"href":"https:\/\/www.europesays.com\/fr\/wp-json\/wp\/v2\/types\/post"}],"author":[{"embeddable":true,"href":"https:\/\/www.europesays.com\/fr\/wp-json\/wp\/v2\/users\/2"}],"replies":[{"embeddable":true,"href":"https:\/\/www.europesays.com\/fr\/wp-json\/wp\/v2\/comments?post=28925"}],"version-history":[{"count":0,"href":"https:\/\/www.europesays.com\/fr\/wp-json\/wp\/v2\/posts\/28925\/revisions"}],"wp:featuredmedia":[{"embeddable":true,"href":"https:\/\/www.europesays.com\/fr\/wp-json\/wp\/v2\/media\/28926"}],"wp:attachment":[{"href":"https:\/\/www.europesays.com\/fr\/wp-json\/wp\/v2\/media?parent=28925"}],"wp:term":[{"taxonomy":"category","embeddable":true,"href":"https:\/\/www.europesays.com\/fr\/wp-json\/wp\/v2\/categories?post=28925"},{"taxonomy":"post_tag","embeddable":true,"href":"https:\/\/www.europesays.com\/fr\/wp-json\/wp\/v2\/tags?post=28925"}],"curies":[{"name":"wp","href":"https:\/\/api.w.org\/{rel}","templated":true}]}}