{"id":289250,"date":"2025-08-01T14:59:11","date_gmt":"2025-08-01T14:59:11","guid":{"rendered":"https:\/\/www.europesays.com\/fr\/289250\/"},"modified":"2025-08-01T14:59:11","modified_gmt":"2025-08-01T14:59:11","slug":"en-images-co-op-lance-sa-propre-chaine-de-magasins-on-the-go-au-royaume-uni","status":"publish","type":"post","link":"https:\/\/www.europesays.com\/fr\/289250\/","title":{"rendered":"[En Images] Co-op lance sa propre cha\u00eene de magasins \u00ab\u00a0on the go\u00a0\u00bb au Royaume-Uni"},"content":{"rendered":"<p>        <img decoding=\"async\" src=\"https:\/\/www.retaildetail.be\/wp-content\/themes\/retaildetail\/assets\/sources\/images\/gallery_icon.svg\" alt=\"icon\" title=\"Galerie\"\/>    <\/p>\n<p>La cha\u00eene de supermarch\u00e9s britannique <strong>Co-op <\/strong>se lance sur le march\u00e9 en pleine croissance de la consommation directe avec un nouveau concept de magasin : Co-op On The Go. L\u2019ambition est d\u2019ouvrir des centaines de ces mini-magasins au cours des deux \u00e0 trois prochaines ann\u00e9es.<\/p>\n<p>\u00ab\u00a0Dark trading\u00a0\u00bb apr\u00e8s l\u2019heure de fermeture<\/p>\n<p>Le nouveau concept de magasin est, selon Co-op, une premi\u00e8re au Royaume-Uni. Avec une surface de vente d\u2019environ 55 \u00e0 90 m\u00e8tres carr\u00e9s, les magasins repr\u00e9sentent environ un quart de la taille des magasins Co-op traditionnels. L\u2019assortiment est ax\u00e9 sur la consommation imm\u00e9diate : du petit-d\u00e9jeuner aux d\u00eeners chauds, y compris des pizzas cuites sur place.<\/p>\n<p>Les nouveaux magasins sont ouverts de 7h00 \u00e0 19h00, r\u00e9pondant ainsi aux besoins des navetteurs et des citadins. Dans une phase ult\u00e9rieure, les magasins passeront en soir\u00e9e \u00e0 ce que la soci\u00e9t\u00e9 appelle le \u00ab\u00a0dark trading\u00a0\u00bb : sans ventes physiques, mais de la livraison rapide de pizzas, entre autres, via la plateforme de commerce rapide de Co-op.<\/p>\n<p>Le premier magasin a ouvert ses portes le 31 juillet \u00e0 Solihull. Au cours des mois \u00e0 venir, quinze autres implantations sont d\u00e9j\u00e0 pr\u00e9vus, avec pour objectif \u00e0 long terme d\u2019ouvrir plusieurs centaines de magasins dans les deux \u00e0 trois prochaines ann\u00e9es. Les magasins appara\u00eetront dans de nouveaux emplacements, mais \u00e9galement \u00e0 la place de certains supermarch\u00e9s existants et parfois comme implantation s\u00e9par\u00e9e au sein de supermarch\u00e9s existants.<\/p>\n","protected":false},"excerpt":{"rendered":"La cha\u00eene de supermarch\u00e9s britannique Co-op se lance sur le march\u00e9 en pleine croissance de la consommation directe&hellip;\n","protected":false},"author":2,"featured_media":289251,"comment_status":"","ping_status":"","sticky":false,"template":"","format":"standard","meta":{"footnotes":""},"categories":[1588],"tags":[11,1777,674,12,473,1853,1851,1850,1852],"class_list":{"0":"post-289250","1":"post","2":"type-post","3":"status-publish","4":"format-standard","5":"has-post-thumbnail","7":"category-royaume-uni","8":"tag-actualites","9":"tag-eu","10":"tag-europe","11":"tag-news","12":"tag-royaume-uni","13":"tag-royaume-uni-de-grande-bretagne-et-dirlande-du-nord","14":"tag-uk","15":"tag-united-kingdom","16":"tag-united-kingdom-of-great-britain-and-northern-ireland"},"share_on_mastodon":{"url":"https:\/\/pubeurope.com\/@fr\/114954106701563052","error":""},"_links":{"self":[{"href":"https:\/\/www.europesays.com\/fr\/wp-json\/wp\/v2\/posts\/289250","targetHints":{"allow":["GET"]}}],"collection":[{"href":"https:\/\/www.europesays.com\/fr\/wp-json\/wp\/v2\/posts"}],"about":[{"href":"https:\/\/www.europesays.com\/fr\/wp-json\/wp\/v2\/types\/post"}],"author":[{"embeddable":true,"href":"https:\/\/www.europesays.com\/fr\/wp-json\/wp\/v2\/users\/2"}],"replies":[{"embeddable":true,"href":"https:\/\/www.europesays.com\/fr\/wp-json\/wp\/v2\/comments?post=289250"}],"version-history":[{"count":0,"href":"https:\/\/www.europesays.com\/fr\/wp-json\/wp\/v2\/posts\/289250\/revisions"}],"wp:featuredmedia":[{"embeddable":true,"href":"https:\/\/www.europesays.com\/fr\/wp-json\/wp\/v2\/media\/289251"}],"wp:attachment":[{"href":"https:\/\/www.europesays.com\/fr\/wp-json\/wp\/v2\/media?parent=289250"}],"wp:term":[{"taxonomy":"category","embeddable":true,"href":"https:\/\/www.europesays.com\/fr\/wp-json\/wp\/v2\/categories?post=289250"},{"taxonomy":"post_tag","embeddable":true,"href":"https:\/\/www.europesays.com\/fr\/wp-json\/wp\/v2\/tags?post=289250"}],"curies":[{"name":"wp","href":"https:\/\/api.w.org\/{rel}","templated":true}]}}