{"id":289252,"date":"2025-08-01T15:00:15","date_gmt":"2025-08-01T15:00:15","guid":{"rendered":"https:\/\/www.europesays.com\/fr\/289252\/"},"modified":"2025-08-01T15:00:15","modified_gmt":"2025-08-01T15:00:15","slug":"en-allemagne-un-mysterieux-groupe-est-soupconne-de-saboter-des-voies-ferrees","status":"publish","type":"post","link":"https:\/\/www.europesays.com\/fr\/289252\/","title":{"rendered":"en Allemagne, un myst\u00e9rieux groupe est soup\u00e7onn\u00e9 de saboter des voies ferr\u00e9es"},"content":{"rendered":"<p>Qui sont ces oiseaux furieux\u00a0? En <a href=\"https:\/\/www.20minutes.fr\/dossier\/allemagne\" class=\"color-ultramarine c-link\" target=\"_blank\" rel=\"noopener\">Allemagne<\/a>, la police enqu\u00eate sur plusieurs incendies criminels pr\u00e9sum\u00e9s sur des <a href=\"https:\/\/www.20minutes.fr\/monde\/allemagne\/4165586-20250728-allemagne-sait-deraillement-train-fait-moins-trois-morts\" class=\"color-ultramarine c-link\" target=\"_blank\" rel=\"noopener\">lignes de train<\/a> de l\u2019ouest du pays. L\u2019un d\u2019entre eux, survenu jeudi sur un poste d\u2019aiguillage pr\u00e8s de D\u00fcsseldorf, a \u00e9t\u00e9 revendiqu\u00e9 par un groupe baptis\u00e9 \u00ab\u00a0Kommando Angry Birds\u00a0\u00bb dans une lettre publi\u00e9e sur la plateforme en ligne d\u2019extr\u00eame gauche Indymedia, dont la police v\u00e9rifie l\u2019authenticit\u00e9.<\/p>\n<p>Dans cette missive d\u2019une vingtaine de lignes, le groupe plaide pour un retour \u00e0 la nature. \u00ab\u00a0Rien ne peut fonctionner sans elle (la nature, N.D.L.R.), mais beaucoup de choses fonctionneraient infiniment mieux sans le syst\u00e8me industriel\u00a0\u00bb, dit-il notamment.<\/p>\n<\/p>\n<p>Perturbations du trafic<\/p>\n<p>L\u2019incendie a engendr\u00e9 d\u2019importantes perturbations <a href=\"https:\/\/www.20minutes.fr\/dossier\/train\" class=\"color-ultramarine c-link\" target=\"_blank\" rel=\"noopener\">du trafic ferroviaire<\/a> sur des lignes tr\u00e8s fr\u00e9quent\u00e9es du bassin industriel de la Ruhr, reliant par exemple le nord de l\u2019Europe \u00e0 la Suisse. Un second feu a eu lieu vendredi \u00e0 environ un kilom\u00e8tre du premier, a indiqu\u00e9 un porte-parole de la police. Les annulations de train, retards et d\u00e9viations devraient encore se poursuivre vendredi, ont indiqu\u00e9 les chemins de fer allemands, la Deutsche Bahn.<\/p>\n<p>Une enqu\u00eate a \u00e9t\u00e9 ouverte. \u00ab\u00a0Nous supposons une intention d\u00e9lib\u00e9r\u00e9e. Cela ressemble \u00e0 <a href=\"https:\/\/www.20minutes.fr\/dossier\/sabotage\" class=\"color-ultramarine c-link\" target=\"_blank\" rel=\"noopener\">du sabotage<\/a>\u00a0\u00bb, a d\u00e9clar\u00e9 un porte-parole de la police allemande \u00e0 l\u2019AFP.<\/p>\n<p>Sabotages pr\u00e9c\u00e9dents<\/p>\n<p>Ce n\u2019est pas la premi\u00e8re fois que les voies ferr\u00e9es allemandes sont la cible d\u2019actes de sabotage pr\u00e9sum\u00e9s. En septembre\u00a02023, la police avait ouvert une enqu\u00eate apr\u00e8s des incendies de conduits de c\u00e2bles pr\u00e8s de Hambourg (nord) dont le motif serait \u00ab\u00a0politique\u00a0\u00bb. <a href=\"https:\/\/www.20minutes.fr\/justice\/4103389-20240728-attaque-massive-sncf-malgre-lettre-revendication-enqueteurs-restent-tres-prudents-auteurs\" class=\"color-ultramarine c-link\" target=\"_blank\" rel=\"noopener\">Une lettre anonyme <\/a>publi\u00e9e sur le site Indymedia avait revendiqu\u00e9 l\u2019action, affirmant que le \u00ab\u00a0sabotage\u00a0\u00bb avait \u00e9t\u00e9 effectu\u00e9 pour protester contre \u00ab\u00a0l\u2019exploitation n\u00e9ocoloniale et l\u2019extraction de mati\u00e8res premi\u00e8res qui d\u00e9truisent la terre\u00a0\u00bb.<\/p>\n<p><a href=\"https:\/\/www.20minutes.fr\/dossier\/allemagne\" class=\"c-link c-btn c-btn--primary\" target=\"_blank\" rel=\"noopener\">Retrouvez tous nos articles sur l&rsquo;Allemagne<\/a><\/p>\n<p>En octobre\u00a02022, un sabotage de c\u00e2bles de liaison radio en deux endroits dans le nord de l\u2019Allemagne avait entra\u00een\u00e9 d\u2019importantes perturbations. Plusieurs responsables politiques avaient \u00e9voqu\u00e9 la possibilit\u00e9 d\u2019une responsabilit\u00e9 russe, dans le contexte de l\u2019invasion de l\u2019Ukraine, dont Berlin est l\u2019un des principaux soutiens.<\/p>\n","protected":false},"excerpt":{"rendered":"Qui sont ces oiseaux furieux\u00a0? En Allemagne, la police enqu\u00eate sur plusieurs incendies criminels pr\u00e9sum\u00e9s sur des lignes&hellip;\n","protected":false},"author":2,"featured_media":289253,"comment_status":"","ping_status":"","sticky":false,"template":"","format":"standard","meta":{"footnotes":""},"categories":[1587],"tags":[47,11,672,1804,1805,1803,1777,674,118,1801,74,12,1802,12999,926],"class_list":{"0":"post-289252","1":"post","2":"type-post","3":"status-publish","4":"format-standard","5":"has-post-thumbnail","7":"category-allemagne","8":"tag-actualite","9":"tag-actualites","10":"tag-allemagne","11":"tag-bundesrepublik-deutschland","12":"tag-de","13":"tag-deutschland","14":"tag-eu","15":"tag-europe","16":"tag-faits-divers","17":"tag-germany","18":"tag-monde","19":"tag-news","20":"tag-republique-federale-dallemagne","21":"tag-sabotage","22":"tag-train"},"share_on_mastodon":{"url":"https:\/\/pubeurope.com\/@fr\/114954110501365669","error":""},"_links":{"self":[{"href":"https:\/\/www.europesays.com\/fr\/wp-json\/wp\/v2\/posts\/289252","targetHints":{"allow":["GET"]}}],"collection":[{"href":"https:\/\/www.europesays.com\/fr\/wp-json\/wp\/v2\/posts"}],"about":[{"href":"https:\/\/www.europesays.com\/fr\/wp-json\/wp\/v2\/types\/post"}],"author":[{"embeddable":true,"href":"https:\/\/www.europesays.com\/fr\/wp-json\/wp\/v2\/users\/2"}],"replies":[{"embeddable":true,"href":"https:\/\/www.europesays.com\/fr\/wp-json\/wp\/v2\/comments?post=289252"}],"version-history":[{"count":0,"href":"https:\/\/www.europesays.com\/fr\/wp-json\/wp\/v2\/posts\/289252\/revisions"}],"wp:featuredmedia":[{"embeddable":true,"href":"https:\/\/www.europesays.com\/fr\/wp-json\/wp\/v2\/media\/289253"}],"wp:attachment":[{"href":"https:\/\/www.europesays.com\/fr\/wp-json\/wp\/v2\/media?parent=289252"}],"wp:term":[{"taxonomy":"category","embeddable":true,"href":"https:\/\/www.europesays.com\/fr\/wp-json\/wp\/v2\/categories?post=289252"},{"taxonomy":"post_tag","embeddable":true,"href":"https:\/\/www.europesays.com\/fr\/wp-json\/wp\/v2\/tags?post=289252"}],"curies":[{"name":"wp","href":"https:\/\/api.w.org\/{rel}","templated":true}]}}