{"id":289256,"date":"2025-08-01T15:02:11","date_gmt":"2025-08-01T15:02:11","guid":{"rendered":"https:\/\/www.europesays.com\/fr\/289256\/"},"modified":"2025-08-01T15:02:11","modified_gmt":"2025-08-01T15:02:11","slug":"rugby-dans-laude-federale-1-il-y-a-eu-une-volonte-de-nous-fragiliser-assene-didier-codorniou-au-sujet-de-la-composition-de-la-poule-de-laviron-gruissanais","status":"publish","type":"post","link":"https:\/\/www.europesays.com\/fr\/289256\/","title":{"rendered":"Rugby dans l\u2019Aude (F\u00e9d\u00e9rale 1)\u00a0: \u00ab\u00a0Il y a eu une volont\u00e9 de nous fragiliser\u00a0\u00bb, ass\u00e8ne Didier Codorniou au sujet de la composition de la poule de l\u2019Aviron Gruissanais"},"content":{"rendered":"<p>\n                                                                Le maire de Gruissan a livr\u00e9 son sentiment \u00e0 l\u2019occasion de l\u2019assembl\u00e9e g\u00e9n\u00e9rale du club. Jean-Pierre Grand (pr\u00e9sident sortant) et Stephan jolivet (nouveau pr\u00e9sident) ont proc\u00e9d\u00e9 \u00e0 la passation de pouvoir pr\u00e9vue depuis des mois. Dans la s\u00e9r\u00e9nit\u00e9, la reconnaissance et la bienveillance.\n                            <\/p>\n<p>\u00c0 la faveur de la derni\u00e8re assembl\u00e9e g\u00e9n\u00e9rale de l\u2019Aviron Gruissanais, le maire Didier Codorniou est\u00a0revenu sur la composition de la poule 2025-2026 et les longs d\u00e9placements \u00e0 venir du club\u00a0: Nuits-Saint-Georges (567\u00a0km), Annecy (509\u00a0km), Montm\u00e9lian (449\u00a0km),<strong> <\/strong>B\u00e9darrides (219\u00a0km), Ch\u00e2teaurenard (202\u00a0km), XV du Coudon (La Valette, 338\u00a0km), Berre-l\u2019Etang (245\u00a0km), Annonay (365\u00a0km), Vinay (358\u00a0km), Saint-Jean-en-Royans (344\u00a0km) et Agde, qui, \u00e0 moins de 70\u00a0km de la cit\u00e9 baln\u00e9aire audoise, d\u00e9tonne\u00a0dans cette\u00a0liste\u2026 \u00ab\u00a0La FFR et la Ligue ne nous ont pas faits de cadeau avec cette poule. Mais ce sera pour nous l\u2019occasion de muscler l\u2019\u00e9quipe en partant loin. Il y a eu une volont\u00e9 de nous fragiliser\u00a0\u00bb. Le club a d\u2019ailleurs propos\u00e9 \u00e0 cinq \u00e9quipes qui n\u2019ont pas non plus appr\u00e9ci\u00e9 ces longs d\u00e9placements\u00a0de jouer le samedi et par r\u00e9ciprocit\u00e9 de jouer le samedi \u00e0 Mateille.<\/p>\n<p>    Tous les mouvements<\/p>\n<p><strong>Arriv\u00e9es\u00a0: <\/strong>Romain Brison (pilier droit, Agde, F\u00e9d\u00e9rale 1), Simon Courcoul (pilier gauche, Berre l\u2019Etang, F\u00e9d\u00e9rale 1), Thibault Tauleigne (2e ligne, Tricastin, F\u00e9d\u00e9rale 1), Pierre Chastaing (ouvreur, N\u00eemes, Nationale 2), Guillaume Cazes (arri\u00e8re, Niort, F\u00e9d\u00e9rale 1), Th\u00e9o Mias (centre, Espoirs de Narbonne), Julien Caminati (centre, Mazamet, F\u00e9d\u00e9rale 1), Christophe Pibouleu (entra\u00eeneur des avants, reprise), Alessandro Sto\u00efca (entra\u00eeneur des trois quarts, entra\u00eenait les Espoirs de Gruissan),<\/p>\n<p><strong>D\u00e9parts\u00a0: <\/strong>Victor Live (centre, Arpal F\u00e9d\u00e9rale 2), Jean-Bernard Pujol (arri\u00e8re, arr\u00eat), Volodymyr Fedorets (pilier gauche, Berre, F\u00e9d\u00e9rale 1), Anthony Alvarez (pilier droit, Agde F\u00e9d\u00e9rale 1), Aur\u00e9lien Blanc (talonneur, Corbi\u00e8res XV), Manuel Plaza (2e ligne, Corbi\u00e8res XV), Luc Alozy (attaquant, Castelnaudary, F\u00e9d\u00e9rale 1), Jean-Baptiste Cuq (entra\u00eeneur des trois quarts, Agde, F\u00e9d\u00e9rale 1), Laurent Pous (entra\u00eeneur des avants, Argel\u00e8s-sur-Mer, ES Catalane, F\u00e9d\u00e9rale 3).<\/p>\n<p>Les mots du premier magistrat sont directs. On sait que beaucoup pensent dans l\u2019entourage du club que l\u2019Aviron paie l\u00e0\u00a0son soutien \u00e0 Didier Codorniou, \u00e0 l\u2019automne 2024, dans la course \u00e0 la pr\u00e9sidence de la FFR (Florian Grill l\u2019avait finalement emport\u00e9 avec 67\u00a0% des suffrages).\u00a0\u00ab\u00a0Il est\u00a0impensable de pouvoir avancer cette th\u00e8se\u00a0\u00bb, avait insist\u00e9\u00a0Xabi Etcheverry, responsable de toutes les comp\u00e9titions g\u00e9r\u00e9es par la F\u00e9d\u00e9ration Fran\u00e7aise de Rugby, dans notre \u00e9dition du 8\u00a0juillet 2025\u2026 Une certitude\u00a0: du c\u00f4t\u00e9 de l\u2019Aviron, le malaise est encore palpable.<\/p>\n<p class=\"std-elt__inline\">\n        <strong>\u00c0 lire aussi :<\/strong><br \/>\n        <a href=\"https:\/\/www.lindependant.fr\/2025\/07\/07\/rugby-dans-laude-federale-1-la-ffr-na-jamais-eu-lintention-de-nuire-a-gruissan-les-compositions-des-poules-sont-definitives-12811420.php\" rel=\"nofollow noopener\" target=\"_blank\">Rugby dans l\u2019Aude \u2013 F\u00e9d\u00e9rale 1\u00a0: \u00ab\u00a0La FFR n\u2019a jamais eu l\u2019intention de nuire \u00e0 Gruissan\u00a0\u00bb, \u00ab\u00a0Les compositions des poules sont d\u00e9finitives\u00a0\u00bb<\/a>\n    <\/p>\n<p>Lors de cette AG, tous les dossiers sont pass\u00e9s \u00e0 100 \u00e0 l\u2019heure notamment \u00ab\u00a0une 3e saison chaotique en F\u00e9d\u00e9rale 1 avec des r\u00e9sultats en dents de scie mais aussi 17 bless\u00e9s dans les deux groupes seniors\u00a0\u00bb, commente Marcel Rozain, secr\u00e9taire g\u00e9n\u00e9ral du club, car il y avait \u00e0 venir une longue s\u00e9quence \u00e9motion. Un tournant de l\u2019histoire de l\u2019Aviron autant que de la vie de Jean-Pierre Grand.<\/p>\n<p>    Le nouvel organigramme<\/p>\n<p><strong>Pr\u00e9sident d\u2019Honneur\u00a0: <\/strong>Jean-Pierre Grand. <strong>Pr\u00e9sident\u00a0:<\/strong> St\u00e9phan Jolivet. Pr\u00e9sident d\u00e9l\u00e9gu\u00e9\u00a0: Jean-Michel Tournu. Vice-pr\u00e9sidente d\u00e9l\u00e9gu\u00e9e au sportif\u00a0: Laetitia Sigrat. Vice-pr\u00e9sidente administrative\u00a0: Brigitte Rozain. Manager\u00a0: Renaud Palom\u00e9ra.<strong> Entra\u00eeneurs\u00a0: Christophe Pibouleu et Alessandro Sto\u00efca. <\/strong>Pr\u00e9parateur physique\u00a0: Nicolas Strauss.\u00a0<strong>Le club compte quatre arbitres<\/strong> avec Jonathan Gouzenne, Anthony Potel, Axel Gonin et Laure Gonzales.<\/p>\n<p>\u00ab\u00a0Apr\u00e8s 11 ann\u00e9es \u00e0 la pr\u00e9sidence de l\u2019AGR, j\u2019ai d\u00e9cid\u00e9 qu\u2019il \u00e9tait temps pour moi de passer le relais. C\u2019est une d\u00e9cision r\u00e9fl\u00e9chie et surtout sereine. Quelle aventure humaine et sportive. Incroyable ce que nous avons v\u00e9cu ensemble. Je garde en m\u00e9moire un moment fort grav\u00e9 \u00e0 jamais dans notre histoire, le titre de champion de France de F\u00e9d\u00e9rale 3 en 2018. Une fiert\u00e9 immense pour tout un club, tout un village et un t\u00e9moignage du travail collectif. Au-del\u00e0 des r\u00e9sultats, ce qui m\u2019a profond\u00e9ment marqu\u00e9, c\u2019est l\u2019humain, les rencontres, les engagements, les liens nou\u00e9s. Je tiens \u00e0 insister sur la relation exceptionnelle que j\u2019ai eue tout au long de mon mandat avec Monsieur le maire, Didier Codorniou. L\u2019Aviron a pu avancer gr\u00e2ce \u00e0 cette relation de proximit\u00e9, de respect mutuel et de passion partag\u00e9e. St\u00e9phan Jolivet repr\u00e9sente la continuit\u00e9 et je suis fier de le voir reprendre le flambeau\u00a0\u00bb a expliqu\u00e9 Jean-Pierre Grand.<\/p>\n<p>Son successeur St\u00e9phan Jolivet a alors une pens\u00e9e \u00e9mue pour son ami. \u00ab\u00a0J\u2019ai un grand remerciement pour Jean-Pierre qui a une passion et une rigueur exemplaire. Il a transform\u00e9 ce club avec un bilan remarquable sans dette. Merci pour ton engagement\u00a0\u00bb. Le maire Didier Codorniou n\u2019est pas en reste. \u00ab\u00a0Ce passage de t\u00e9moin est \u00e9l\u00e9gant\u00a0\u00bb. Puis se tournant vers les joueurs tous pr\u00e9sents m\u00eame les nouveaux, il leur tint ce langage\u00a0: \u00ab\u00a0N\u2019ayez pas peur d\u2019avoir de l\u2019ambition\u00a0\u00bb.<\/p>\n","protected":false},"excerpt":{"rendered":"Le maire de Gruissan a livr\u00e9 son sentiment \u00e0 l\u2019occasion de l\u2019assembl\u00e9e g\u00e9n\u00e9rale du club. Jean-Pierre Grand (pr\u00e9sident&hellip;\n","protected":false},"author":2,"featured_media":289257,"comment_status":"","ping_status":"","sticky":false,"template":"","format":"standard","meta":{"footnotes":""},"categories":[1586],"tags":[11,1777,674,1779,1011,27,12,25,1778,364],"class_list":{"0":"post-289256","1":"post","2":"type-post","3":"status-publish","4":"format-standard","5":"has-post-thumbnail","7":"category-europe","8":"tag-actualites","9":"tag-eu","10":"tag-europe","11":"tag-european-union","12":"tag-fr","13":"tag-france","14":"tag-news","15":"tag-republique-francaise","16":"tag-ue","17":"tag-union-europeenne"},"share_on_mastodon":{"url":"https:\/\/pubeurope.com\/@fr\/114954118412263955","error":""},"_links":{"self":[{"href":"https:\/\/www.europesays.com\/fr\/wp-json\/wp\/v2\/posts\/289256","targetHints":{"allow":["GET"]}}],"collection":[{"href":"https:\/\/www.europesays.com\/fr\/wp-json\/wp\/v2\/posts"}],"about":[{"href":"https:\/\/www.europesays.com\/fr\/wp-json\/wp\/v2\/types\/post"}],"author":[{"embeddable":true,"href":"https:\/\/www.europesays.com\/fr\/wp-json\/wp\/v2\/users\/2"}],"replies":[{"embeddable":true,"href":"https:\/\/www.europesays.com\/fr\/wp-json\/wp\/v2\/comments?post=289256"}],"version-history":[{"count":0,"href":"https:\/\/www.europesays.com\/fr\/wp-json\/wp\/v2\/posts\/289256\/revisions"}],"wp:featuredmedia":[{"embeddable":true,"href":"https:\/\/www.europesays.com\/fr\/wp-json\/wp\/v2\/media\/289257"}],"wp:attachment":[{"href":"https:\/\/www.europesays.com\/fr\/wp-json\/wp\/v2\/media?parent=289256"}],"wp:term":[{"taxonomy":"category","embeddable":true,"href":"https:\/\/www.europesays.com\/fr\/wp-json\/wp\/v2\/categories?post=289256"},{"taxonomy":"post_tag","embeddable":true,"href":"https:\/\/www.europesays.com\/fr\/wp-json\/wp\/v2\/tags?post=289256"}],"curies":[{"name":"wp","href":"https:\/\/api.w.org\/{rel}","templated":true}]}}