{"id":289266,"date":"2025-08-01T15:08:12","date_gmt":"2025-08-01T15:08:12","guid":{"rendered":"https:\/\/www.europesays.com\/fr\/289266\/"},"modified":"2025-08-01T15:08:12","modified_gmt":"2025-08-01T15:08:12","slug":"quand-califano-raconte-leclosion-de-bru-a-toulouse-et-se-souvient-dun-incroyable-competiteur","status":"publish","type":"post","link":"https:\/\/www.europesays.com\/fr\/289266\/","title":{"rendered":"quand Califano raconte l\u2019\u00e9closion de Bru \u00e0 Toulouse et se souvient d\u2019un \u00ab incroyable comp\u00e9titeur \u00bb"},"content":{"rendered":"<p>D\u00e9sormais \u00e0 la t\u00eate de l\u2019Union Bordeaux-B\u00e8gles, Yannick Bru a pendant longtemps incarn\u00e9 la robustesse et la puissance du pack du Stade Toulousain. A la fin des ann\u00e9es 90 et dans les ann\u00e9es 2000, le Gersois a su se faire une place au sein de l\u2019effectif XXL des Rouge et Noir. Pas n\u00e9cessairement le plus attendu, le talonneur a pourtant impressionn\u00e9 tout ses a\u00een\u00e9s, et pas des moindres.<\/p>\n<p>Dans les colonnes de <a href=\"https:\/\/www.rugbyrama.fr\/2025\/06\/26\/finale-top-14-il-a-amene-de-la-rigueur-recit-de-la-longue-histoire-toulousaine-de-yannick-bru-bordeaux-begles-12787755.php\" rel=\"nofollow noopener\" target=\"_blank\">Midi Olympique<\/a>, Christian Califano s\u2019est ainsi souvenu des premiers pas de Yannick Bru avec le Stade Toulousain.<\/p>\n<blockquote>\n<p>\u00ab\u00a0Son caract\u00e8re l\u2019a bien aid\u00e9.\u00a0Il ne se posait pas la question de savoir qui \u00e9tait titulaire ou qui ne l\u2019\u00e9tait pas. Il avait du respect pour les anciens en dehors du terrain, dans le vestiaire, mais sur le terrain chacun sa chance. Je me rappelle des premi\u00e8res oppositions o\u00f9 il n\u2019\u00e9tait pas du c\u00f4t\u00e9 des titulaires, on mettait les r\u00e9tros pour savoir o\u00f9 il \u00e9tait car on savait que \u00e7a pouvait piquer. Il s\u2019est impos\u00e9 comme un leader, un cadre en peu de temps. Il se donnait toujours des objectifs. Il n\u2019y avait jamais un entra\u00eenement o\u00f9 il \u00e9tait 60 ou 70 %. C\u2019\u00e9tait un incroyable comp\u00e9titeur\u00a0\u00bb<\/p>\n<\/blockquote>\n<p>\u00ab\u00a0Il \u00e9tait comme Fabien Pelous\u00a0\u00bb<\/p>\n<p>Pour l\u2019ancien l\u00e9gendaire pilier du XV de France, Yannick Bru avait de nombreuses qualit\u00e9s et une capacit\u00e9 \u00e0 \u00e9lever son niveau lors des rencontres d\u00e9cisives. Il le compare ainsi \u00e0 un certain Fabien Pelous.<\/p>\n<blockquote>\n<p>\u00ab\u00a0Il a \u00e9t\u00e9 moteur sur des matchs importants. C\u2019\u00e9tait un joueur complet, fort au lancer, solide en m\u00eal\u00e9e, bon sur le timing, qui avait gard\u00e9 ses qualit\u00e9s d\u2019ancien troisi\u00e8me ligne sur le jeu au sol et dans ses courses. Il \u00e9tait comme\u00a0Fabien Pelous, en \u00e9tant pragmatique, chirurgical sur le terrain. Il n\u2019avait pas besoin de gueuler car il savait faire preuve de pr\u00e9sence. C\u2019\u00e9tait un leader naturel.\u00a0\u00bb<\/p>\n<\/blockquote>\n<p>Partagez cette info avec vos amis et vos proches en cliquant ici<br \/>Pour r\u00e9sumer<\/p>\n<p>Christian Califano a racont\u00e9 pour Midi Olympique les premiers pas de Yannick Bru avec l\u2019effectif du Stade Toulousain. Le pilier se souvient d\u2019un joueur respectueux mais s\u00fbr de ses forces et avec une grande pr\u00e9cision.<\/p>\n<p> <img decoding=\"async\" width=\"76\" height=\"76\" loading=\"lazy\" src=\"https:\/\/www.europesays.com\/fr\/wp-content\/uploads\/2025\/04\/avatar-quinze.png\" alt=\"Arnaud D\u00e9chelotte\"\/><\/p>\n","protected":false},"excerpt":{"rendered":"D\u00e9sormais \u00e0 la t\u00eate de l\u2019Union Bordeaux-B\u00e8gles, Yannick Bru a pendant longtemps incarn\u00e9 la robustesse et la puissance&hellip;\n","protected":false},"author":2,"featured_media":289267,"comment_status":"","ping_status":"","sticky":false,"template":"","format":"standard","meta":{"footnotes":""},"categories":[1416],"tags":[1011,27,479,1468,60],"class_list":{"0":"post-289266","1":"post","2":"type-post","3":"status-publish","4":"format-standard","5":"has-post-thumbnail","7":"category-rugby","8":"tag-fr","9":"tag-france","10":"tag-rugby","11":"tag-rugby-football","12":"tag-sports"},"share_on_mastodon":{"url":"https:\/\/pubeurope.com\/@fr\/114954141981649585","error":""},"_links":{"self":[{"href":"https:\/\/www.europesays.com\/fr\/wp-json\/wp\/v2\/posts\/289266","targetHints":{"allow":["GET"]}}],"collection":[{"href":"https:\/\/www.europesays.com\/fr\/wp-json\/wp\/v2\/posts"}],"about":[{"href":"https:\/\/www.europesays.com\/fr\/wp-json\/wp\/v2\/types\/post"}],"author":[{"embeddable":true,"href":"https:\/\/www.europesays.com\/fr\/wp-json\/wp\/v2\/users\/2"}],"replies":[{"embeddable":true,"href":"https:\/\/www.europesays.com\/fr\/wp-json\/wp\/v2\/comments?post=289266"}],"version-history":[{"count":0,"href":"https:\/\/www.europesays.com\/fr\/wp-json\/wp\/v2\/posts\/289266\/revisions"}],"wp:featuredmedia":[{"embeddable":true,"href":"https:\/\/www.europesays.com\/fr\/wp-json\/wp\/v2\/media\/289267"}],"wp:attachment":[{"href":"https:\/\/www.europesays.com\/fr\/wp-json\/wp\/v2\/media?parent=289266"}],"wp:term":[{"taxonomy":"category","embeddable":true,"href":"https:\/\/www.europesays.com\/fr\/wp-json\/wp\/v2\/categories?post=289266"},{"taxonomy":"post_tag","embeddable":true,"href":"https:\/\/www.europesays.com\/fr\/wp-json\/wp\/v2\/tags?post=289266"}],"curies":[{"name":"wp","href":"https:\/\/api.w.org\/{rel}","templated":true}]}}