{"id":289268,"date":"2025-08-01T15:09:10","date_gmt":"2025-08-01T15:09:10","guid":{"rendered":"https:\/\/www.europesays.com\/fr\/289268\/"},"modified":"2025-08-01T15:09:10","modified_gmt":"2025-08-01T15:09:10","slug":"atp-atp-toronto-julien-varlet-categorique-au-sujet-de-medvedev-il-stagne-et-cest-meme-limite-sil-regresse-il-na-pas-progresse-depuis-2019","status":"publish","type":"post","link":"https:\/\/www.europesays.com\/fr\/289268\/","title":{"rendered":"ATP, ATP &#8211; Toronto > Julien Varlet cat\u00e9gorique au sujet de Medvedev : \u00ab Il stagne et c&rsquo;est m\u00eame limite s&rsquo;il r\u00e9gresse. Il n&rsquo;a pas progress\u00e9 depuis 2019 \u00bb"},"content":{"rendered":"<p>Battu d\u00e8s le troi\u00adsi\u00e8me tour au Masters 1000 de Toronto par le tenant du titre Australien Alexei Popyrin, Daniil Medvedev continue sur la pente descen\u00addante, <a href=\"https:\/\/www.welovetennis.fr\/videos\/lattitude-tres-limite-de-medvedev-apres-sa-defaite-des-le-3e-tour-popyrin-prefere-en-rire\" data-wpel-link=\"internal\" target=\"_blank\" rel=\"noopener\">et continue \u00e9gale\u00adment avec ses atti\u00adtudes parfois limites<\/a>.<\/p>\n<p>Dans l\u2019\u00e9mis\u00adsion <a href=\"https:\/\/x.com\/sansfilet\/status\/1951236152708497822?s=46&amp;t=cXQ0TSl1vfS6Z-1fL-GTeg\" data-wpel-link=\"external\" target=\"_blank\" rel=\"nofollow external noopener\">Sans Filet<\/a>, Julien Varlet est revenu sur la p\u00e9nible et lente baisse de niveau du Russe, qui n\u2019a plus gagn\u00e9 de titres depuis Rome 2023. Et il n\u2019a pas \u00e9t\u00e9 tendre avec l\u2019an\u00adcien num\u00e9ro un mondial.<\/p>\n<blockquote class=\"twitter-tweet\">\n<p lang=\"fr\" dir=\"ltr\">\ud83d\udcc9 \u00ab\u202fMedvedev r\u00e9gresse. Il ne fait plus peur et ne fait plus mal. Physiquement, c\u2019est compliqu\u00e9 et sa tech\u00adnique est fragile. La grande p\u00e9riode Daniil, c\u2019est fini.\u202f\u00bb<\/p>\n<p>\ud83d\udde3\ufe0f <a href=\"https:\/\/twitter.com\/JulienVarlet1?ref_src=twsrc%5Etfw\" data-wpel-link=\"external\" target=\"_blank\" rel=\"nofollow external noopener\">@JulienVarlet1<\/a> <a href=\"https:\/\/t.co\/lgmc32Hl0s\" data-wpel-link=\"external\" target=\"_blank\" rel=\"nofollow external noopener\">pic.twitter.com\/lgmc32Hl0s<\/a><\/p>\n<p>\u2014 Sans Filet \ud83d\udd1e (@SansFilet) <a href=\"https:\/\/twitter.com\/SansFilet\/status\/1951236152708497822?ref_src=twsrc%5Etfw\" data-wpel-link=\"external\" target=\"_blank\" rel=\"nofollow external noopener\">August 1,\u00a02025<\/a><\/p><\/blockquote>\n<p><strong>\u00ab\u202fMedvedev stagne, et c\u2019est m\u00eame limite si il r\u00e9gresse. Il ne fait plus peur. Il ne fait pas mal. Et puis quand tu es dans le doute, il y a deux choses qui t\u2019aident \u00e0 tenir la baraque. D\u2019abord ton physique. Mais il a telle\u00adment donn\u00e9 que \u00e7a commence \u00e0 \u00eatre compliqu\u00e9. Et puis surtout il y a la tech\u00adnique, et c\u2019est pas l\u00e0 o\u00f9 il est le meilleur. Donc d\u00e8s qu\u2019il est dans le doute, il joue auto\u00adma\u00adti\u00adque\u00adment moins bien. M\u00eame en 2019, quand il fait cette super partie de saison, il ne joue pas bien de le petit jeu, il ne volleye pas super bien. Et il n\u2019a pas progress\u00e9. M\u00eame si je l\u2019adore, je pense qu\u2019il faut oublier la p\u00e9riode Daniil Medvedev.\u202f\u00bb<\/strong><\/p>\n<p class=\"post-published-date\" style=\"color: silver; font-size: 75%; text-align: left;\">Publi\u00e9 le vendredi 1 ao\u00fbt 2025 \u00e0 14:25<\/p>\n<p><script async src=\"https:\/\/platform.twitter.com\/widgets.js\" charset=\"utf-8\"><\/script><\/p>\n","protected":false},"excerpt":{"rendered":"Battu d\u00e8s le troi\u00adsi\u00e8me tour au Masters 1000 de Toronto par le tenant du titre Australien Alexei Popyrin,&hellip;\n","protected":false},"author":2,"featured_media":21619,"comment_status":"","ping_status":"","sticky":false,"template":"","format":"standard","meta":{"footnotes":""},"categories":[1415],"tags":[1011,27,35661,6603,60,1467],"class_list":{"0":"post-289268","1":"post","2":"type-post","3":"status-publish","4":"format-standard","5":"has-post-thumbnail","7":"category-tennis","8":"tag-fr","9":"tag-france","10":"tag-medvedev","11":"tag-popyrin","12":"tag-sports","13":"tag-tennis"},"share_on_mastodon":{"url":"https:\/\/pubeurope.com\/@fr\/114954145801043736","error":""},"_links":{"self":[{"href":"https:\/\/www.europesays.com\/fr\/wp-json\/wp\/v2\/posts\/289268","targetHints":{"allow":["GET"]}}],"collection":[{"href":"https:\/\/www.europesays.com\/fr\/wp-json\/wp\/v2\/posts"}],"about":[{"href":"https:\/\/www.europesays.com\/fr\/wp-json\/wp\/v2\/types\/post"}],"author":[{"embeddable":true,"href":"https:\/\/www.europesays.com\/fr\/wp-json\/wp\/v2\/users\/2"}],"replies":[{"embeddable":true,"href":"https:\/\/www.europesays.com\/fr\/wp-json\/wp\/v2\/comments?post=289268"}],"version-history":[{"count":0,"href":"https:\/\/www.europesays.com\/fr\/wp-json\/wp\/v2\/posts\/289268\/revisions"}],"wp:featuredmedia":[{"embeddable":true,"href":"https:\/\/www.europesays.com\/fr\/wp-json\/wp\/v2\/media\/21619"}],"wp:attachment":[{"href":"https:\/\/www.europesays.com\/fr\/wp-json\/wp\/v2\/media?parent=289268"}],"wp:term":[{"taxonomy":"category","embeddable":true,"href":"https:\/\/www.europesays.com\/fr\/wp-json\/wp\/v2\/categories?post=289268"},{"taxonomy":"post_tag","embeddable":true,"href":"https:\/\/www.europesays.com\/fr\/wp-json\/wp\/v2\/tags?post=289268"}],"curies":[{"name":"wp","href":"https:\/\/api.w.org\/{rel}","templated":true}]}}