{"id":289269,"date":"2025-08-01T15:11:16","date_gmt":"2025-08-01T15:11:16","guid":{"rendered":"https:\/\/www.europesays.com\/fr\/289269\/"},"modified":"2025-08-01T15:11:16","modified_gmt":"2025-08-01T15:11:16","slug":"alex-rins-ne-doit-pas-attendre-le-v4-de-yamaha-pour-reagir","status":"publish","type":"post","link":"https:\/\/www.europesays.com\/fr\/289269\/","title":{"rendered":"\u00c1lex Rins ne doit pas attendre le V4 de Yamaha pour r\u00e9agir"},"content":{"rendered":"<p>Quand il est sur les circuits, <a href=\"https:\/\/fr.motorsport.com\/driver\/alex-rins\/109402\/\" target=\"_blank\" rel=\"noopener\">\u00c1lex Rins<\/a> essaye de conserver le sourire qu&rsquo;on lui a toujours connu. Pourtant, depuis deux ans, il doit lui falloir beaucoup d&rsquo;efforts pour l&rsquo;afficher. Plus exactement depuis le d\u00e9but de l&rsquo;\u00e9t\u00e9 2023, lorsqu&rsquo;il courait pour Honda par l&rsquo;interm\u00e9diaire du team LCR et qu&rsquo;il a subi le plus grave accident de sa carri\u00e8re, au Mugello. De cette chute il a h\u00e9rit\u00e9 d&rsquo;une blessure \u00e0 la jambe droite, toujours pas totalement gu\u00e9rie aujourd&rsquo;hui. \u00c0 l&rsquo;\u00e9poque, il avait aussi suivi son instinct et, dans un h\u00f4pital de Madrid o\u00f9 il attendait d&rsquo;\u00eatre op\u00e9r\u00e9, il avait sign\u00e9 pour Yamaha.<\/p>\n<p>Chaque fois qu&rsquo;on l&rsquo;interroge sur les cons\u00e9quences de cette double fracture tibia-p\u00e9ron\u00e9, \u00c1lex Rins assure que les s\u00e9quelles ne se font sentir que dans sa vie quotidienne et qu&rsquo;il peut continuer \u00e0 faire ce qu&rsquo;il a toujours fait sur sa moto. Il est vrai que depuis un mois et demi, on remarque qu&rsquo;il bo\u00eete moins. Le r\u00e9sultat, a-t-il r\u00e9v\u00e9l\u00e9 \u00e0 <strong>Motorsport.com<\/strong>, d&rsquo;un nouveau traitement \u00e0 base de facteurs de croissance qu&rsquo;il suit dans un centre m\u00e9dical italien sp\u00e9cialis\u00e9 dans les blessures de skieurs.<\/p>\n<p>Le temps a pourtant bel et bien pass\u00e9 depuis cette p\u00e9riode charni\u00e8re et, d&rsquo;un point de vue sportif, il ne lui en reste plus beaucoup pour convaincre. Moins, sans doute, que son voisin de stand, <a href=\"https:\/\/fr.motorsport.com\/driver\/fabio-quartararo\/109400\/\" target=\"_blank\" rel=\"noopener\">Fabio Quartararo<\/a>, qui est la pierre angulaire du programme Yamaha et obtient des r\u00e9sultats nettement plus favorables. Depuis qu&rsquo;ils font \u00e9quipe en effet, le Fran\u00e7ais a r\u00e9ussi \u00e0 obtenir un podium\u00a0\u2013\u00a0une deuxi\u00e8me place \u00e0 Jerez cette ann\u00e9e\u00a0\u2013, il s&rsquo;est class\u00e9 13 fois parmi les dix premiers et il a aussi d\u00e9croch\u00e9 quatre pole positions, dont trois de suite.<\/p>\n<p>\u00c1lex Rins, quant \u00e0 lui, compte pour meilleur r\u00e9sultat sa huiti\u00e8me place au GP de Malaisie l&rsquo;an dernier, ce qui n&rsquo;est que l&rsquo;une des trois fois o\u00f9 il a pu figurer dans le top 10. Sur la grille, on ne l&rsquo;a jamais vu plus haut que le huiti\u00e8me emplacement non plus, une qualification obtenue la saison derni\u00e8re en Catalogne.<\/p>\n<p>   <img decoding=\"async\" draggable=\"false\" src=\"https:\/\/www.europesays.com\/fr\/wp-content\/uploads\/2025\/08\/alex-rins-yamaha-factory-racin.jpg\" alt=\"Alex Rins, Yamaha Factory Racing\" width=\"1200\" height=\"800\" loading=\"lazy\"\/> <\/p>\n<p class=\"title\">\u00c1lex Rins garde le sourire mais vient de conna\u00eetre deux ann\u00e9es tr\u00e8s rudes.<\/p>\n<p class=\"photographer\">Photo de : Hazrin Yeob Men Shah \/ Icon Sportswire via Getty Images<\/p>\n<p>La sup\u00e9riorit\u00e9 de Ducati et l&rsquo;arriv\u00e9e prochaine d&rsquo;une nouvelle r\u00e9glementation font que les constructeurs r\u00e9fl\u00e9chissent depuis un certain temps d\u00e9j\u00e0 aux prototypes qui seront en piste en 2027 et qui feront table rase de la g\u00e9n\u00e9ration actuelle de MotoGP. Chez Yamaha, o\u00f9 l&rsquo;on cherche \u00e0 rem\u00e9dier au manque de traction et de vitesse qui affectent les pilotes, on travaille au d\u00e9veloppement d&rsquo;un moteur V4 dans l&rsquo;espoir de r\u00e9duire l&rsquo;\u00e9cart notable pris par celui qui est \u00e0 pr\u00e9sent le seul quatre cylindres en ligne de la grille.<\/p>\n<p>Quartararo veut attendre les essais de la prochaine intersaison, potentiellement avec ce nouveau moteur, pour d\u00e9cider de son avenir. En revanche, Rins ne va pas pouvoir attendre l&rsquo;introduction de ce changement.<\/p>\n<p>Lire aussi :<\/p>\n<p>Son contrat, comme celui de son co\u00e9quipier, expire fin 2026, n\u00e9anmoins ses pi\u00e8tres performances ont d\u00e9j\u00e0 suscit\u00e9 des rumeurs sur un hypoth\u00e9tique \u00e9change entre lui et un pilote du team Pramac. D&rsquo;apr\u00e8s nos informations, ni le pilote ni son manager n&rsquo;ont pour le moment re\u00e7u d&rsquo;indication en ce sens de la part des dirigeants de Yamaha. Il faut dire qu&rsquo;il n&rsquo;est pas courant du tout qu&rsquo;une \u00e9quipe japonaise puisse rompre son engagement avec un pilote, \u00e0 moins d&rsquo;un cas bien sp\u00e9cifique comme celui qui a concern\u00e9 <a href=\"https:\/\/fr.motorsport.com\/driver\/maverick-vinales\/96553\/\" target=\"_blank\" rel=\"noopener\">Maverick Vi\u00f1ales<\/a> en 2021.<\/p>\n<p>Pour autant, les deux parties ne font pas semblant de croire qu&rsquo;il ne se passe rien tant ses r\u00e9sultats sont \u00e9loign\u00e9s du niveau qu&rsquo;il affichait lorsqu&rsquo;il s&rsquo;est class\u00e9 troisi\u00e8me du championnat en 2020 et a remport\u00e9 six Grands Prix dans la cat\u00e9gorie reine. \u00ab\u00a0Ce qu&rsquo;il y a, c&rsquo;est de l&rsquo;inqui\u00e9tude et l&rsquo;espoir qu&rsquo;\u00c1lex progresse\u00a0\u00bb, nous explique une source proche du pilote.<\/p>\n<p>   <img decoding=\"async\" draggable=\"false\" src=\"https:\/\/www.europesays.com\/fr\/wp-content\/uploads\/2025\/05\/1748616911_425_alex-rins-yamaha-factory-racin.jpg\" alt=\"Alex Rins, Yamaha Factory Racing\" width=\"1200\" height=\"800\" loading=\"lazy\"\/> <\/p>\n<p class=\"title\">\u00c1lex Rins n&rsquo;est que 18e du championnat \u00e0 la pause.<\/p>\n<p class=\"photographer\">Photo de : Yamaha MotoGP<\/p>\n<p>La r\u00e9action du Catalan est n\u00e9cessaire pour qu&rsquo;il conserve sa place dans l&rsquo;\u00e9quipe officielle Yamaha, mais elle l&rsquo;est aussi tout bonnement pour qu&rsquo;il reste sur la grille MotoGP en 2027, si c&rsquo;est ce qu&rsquo;il d\u00e9sire lui-m\u00eame. Les contrats de la plupart des top pilotes arriveront en effet \u00e0 \u00e9ch\u00e9ance en m\u00eame temps que le sien, fin 2026, et dans un tel contexte le march\u00e9 risque fort de se mettre en branle tr\u00e8s t\u00f4t. Il est probable que tous les grands noms et les guidons les plus attractifs aient trouv\u00e9 une place lorsque le championnat entamera la partie europ\u00e9enne de la saison, au printemps prochain.<\/p>\n<p><a class=\"widget-link-button\" href=\"https:\/\/fr.motorsport.com\/motogp\/schedule\/2026\/?all_event_types=0\" target=\"_self\" rel=\"noopener\">Le calendrier MotoGP 2026<\/a><\/p>\n<p>En \u00e9tant seulement 18e du <a href=\"https:\/\/fr.motorsport.com\/motogp\/news\/championnat-marquez-matelas-bezzecchi-quatri%C3%A8me\/10743652\/\" target=\"_self\" rel=\"noopener\">championnat<\/a> actuellement (\u00e0 60 points de Quartararo, qui est neuvi\u00e8me), Rins n&rsquo;a d&rsquo;autre choix que d&rsquo;envoyer un signe clair \u00e0 son retour de vacances. Il doit trouver un moyen de contourner les d\u00e9fauts \u00e9vidents de la M1 qu&rsquo;il pilote cette ann\u00e9e, sans attendre l&rsquo;entr\u00e9e en action du V4.<\/p>\n<p>La difficult\u00e9 vient du fait que cette moto arrive \u00e0 la fin de son cycle, et bien que Yamaha ait men\u00e9 de front son d\u00e9veloppement en m\u00eame temps que celui du V4 et de la moto de 2027, ces efforts vont d\u00e9sormais s&rsquo;amoindrir. \u00ab\u00a0Il y aura peu de mises \u00e0 jour sur la moto. Quelques car\u00e9nages en Autriche et c&rsquo;est tout. L&rsquo;usine conna\u00eet le probl\u00e8me qu&rsquo;on a, mais ils ne savent pas quoi dire\u00a0\u00bb, regrette Rins.<\/p>\n<p>En R\u00e9publique tch\u00e8que, l\u00e0 o\u00f9 s&rsquo;est tenue la derni\u00e8re course avant la pause estivale, \u00c1lex Rins a franchi la ligne d&rsquo;arriv\u00e9e en 15e position, \u00e0 22 secondes de son co\u00e9quipier, sixi\u00e8me. \u00ab\u00a0La diff\u00e9rence entre Fabio et moi se fait sur un tour. Il est capable de faire des poles, il en a eu quatre cette ann\u00e9e, et il part de beaucoup plus haut\u00a0\u00bb, constate l&rsquo;Espagnol. Une r\u00e9flexion qui a du sens, mais qui ne servira probablement pas \u00e0 d\u00e9fendre sa place.<\/p>\n<p>Lire aussi :<\/p>\n<p>Dans cet article<\/p>\n<p>Soyez le premier inform\u00e9 et souscrivez aux alertes mails pour recevoir les infos en temps r\u00e9el<\/p>\n<p>    S&rsquo;abonner aux alertes de news<\/p>\n","protected":false},"excerpt":{"rendered":"Quand il est sur les circuits, \u00c1lex Rins essaye de conserver le sourire qu&rsquo;on lui a toujours connu.&hellip;\n","protected":false},"author":2,"featured_media":289270,"comment_status":"","ping_status":"","sticky":false,"template":"","format":"standard","meta":{"footnotes":""},"categories":[1413],"tags":[1011,27,1457,1456,1458,60,10648,3796],"class_list":{"0":"post-289269","1":"post","2":"type-post","3":"status-publish","4":"format-standard","5":"has-post-thumbnail","7":"category-moto","8":"tag-fr","9":"tag-france","10":"tag-moto","11":"tag-motocycle","12":"tag-motogp","13":"tag-sports","14":"tag-u00c1lex-rins","15":"tag-yamaha-factory-racing"},"share_on_mastodon":{"url":"https:\/\/pubeurope.com\/@fr\/114954153776175031","error":""},"_links":{"self":[{"href":"https:\/\/www.europesays.com\/fr\/wp-json\/wp\/v2\/posts\/289269","targetHints":{"allow":["GET"]}}],"collection":[{"href":"https:\/\/www.europesays.com\/fr\/wp-json\/wp\/v2\/posts"}],"about":[{"href":"https:\/\/www.europesays.com\/fr\/wp-json\/wp\/v2\/types\/post"}],"author":[{"embeddable":true,"href":"https:\/\/www.europesays.com\/fr\/wp-json\/wp\/v2\/users\/2"}],"replies":[{"embeddable":true,"href":"https:\/\/www.europesays.com\/fr\/wp-json\/wp\/v2\/comments?post=289269"}],"version-history":[{"count":0,"href":"https:\/\/www.europesays.com\/fr\/wp-json\/wp\/v2\/posts\/289269\/revisions"}],"wp:featuredmedia":[{"embeddable":true,"href":"https:\/\/www.europesays.com\/fr\/wp-json\/wp\/v2\/media\/289270"}],"wp:attachment":[{"href":"https:\/\/www.europesays.com\/fr\/wp-json\/wp\/v2\/media?parent=289269"}],"wp:term":[{"taxonomy":"category","embeddable":true,"href":"https:\/\/www.europesays.com\/fr\/wp-json\/wp\/v2\/categories?post=289269"},{"taxonomy":"post_tag","embeddable":true,"href":"https:\/\/www.europesays.com\/fr\/wp-json\/wp\/v2\/tags?post=289269"}],"curies":[{"name":"wp","href":"https:\/\/api.w.org\/{rel}","templated":true}]}}