{"id":28927,"date":"2025-04-16T09:30:35","date_gmt":"2025-04-16T09:30:35","guid":{"rendered":"https:\/\/www.europesays.com\/fr\/28927\/"},"modified":"2025-04-16T09:30:35","modified_gmt":"2025-04-16T09:30:35","slug":"hockey-sur-glace-cinq-bruleurs-de-loups-convoques-en-equipe-de-france-pour-preparer-le-championnat-du-monde","status":"publish","type":"post","link":"https:\/\/www.europesays.com\/fr\/28927\/","title":{"rendered":"Hockey sur glace. Cinq Br\u00fbleurs de loups convoqu\u00e9s en \u00e9quipe de France pour pr\u00e9parer le championnat du monde"},"content":{"rendered":"<p class=\"insetTitle\">Les 24 joueurs pour la double confrontation contre la Suisse<\/p>\n<p><strong>Gardiens de but\u00a0:<\/strong> Julian Junca (Dukla Michalovce\/SLQ), Martin Neckar (Langnau\/SUI), Quentin Papillon (Bordeaux).<\/p>\n<p><strong>D\u00e9fenseurs\u00a0:<\/strong> Fabien Bourgeois (Marseille), Yohan Coulaud (Marseille), Hugo Gallet (Tappara, Finlande), Vincent Llorca (Angers), Axel Prissaint (Bordeaux), Charles Schmitt (Grenoble), K\u00e9vin Spinozzi (Bordeaux).<\/p>\n<p><strong>Attaquants\u00a0:<\/strong> Matias Bachelet (Grenoble), Louis Boudon (Nybro\/SUE), Baptiste Bruche (Bordeaux), Enzo Carry (Bordeaux), Fabien Colotti (Marseille), Flavian Dair (Marseille), Aur\u00e9lien Dair (Grenoble), Floran Douay (Ambri-Piotta\/SUI), Paul Joubert (Marseille), Guillaume Leclerc (Grenoble), Kaylian Leborgne (Bordeaux), Adel Koudri (Grenoble), Anthony Rech (Rouen), Nicolas Ritz (Angers).<\/p>\n","protected":false},"excerpt":{"rendered":"Les 24 joueurs pour la double confrontation contre la Suisse Gardiens de but\u00a0: Julian Junca (Dukla Michalovce\/SLQ), Martin&hellip;\n","protected":false},"author":2,"featured_media":28928,"comment_status":"","ping_status":"","sticky":false,"template":"","format":"standard","meta":{"footnotes":""},"categories":[9566],"tags":[1111,11,2430,1777,674,1701,1011,27,329,2731,4133,10145,10146,12,25,517,1947],"class_list":{"0":"post-28927","1":"post","2":"type-post","3":"status-publish","4":"format-standard","5":"has-post-thumbnail","7":"category-grenoble","8":"tag-actu","9":"tag-actualites","10":"tag-auvergne-rhone-alpes","11":"tag-eu","12":"tag-europe","13":"tag-fil-info-sport","14":"tag-fr","15":"tag-france","16":"tag-france-monde","17":"tag-grenoble","18":"tag-hockey-sur-glace","19":"tag-hockey-sur-glace-grenoble","20":"tag-ligue-magnus-hockey-sur-glace","21":"tag-news","22":"tag-republique-francaise","23":"tag-sport","24":"tag-sport-national"},"share_on_mastodon":{"url":"https:\/\/pubeurope.com\/@fr\/114346945777580998","error":""},"_links":{"self":[{"href":"https:\/\/www.europesays.com\/fr\/wp-json\/wp\/v2\/posts\/28927","targetHints":{"allow":["GET"]}}],"collection":[{"href":"https:\/\/www.europesays.com\/fr\/wp-json\/wp\/v2\/posts"}],"about":[{"href":"https:\/\/www.europesays.com\/fr\/wp-json\/wp\/v2\/types\/post"}],"author":[{"embeddable":true,"href":"https:\/\/www.europesays.com\/fr\/wp-json\/wp\/v2\/users\/2"}],"replies":[{"embeddable":true,"href":"https:\/\/www.europesays.com\/fr\/wp-json\/wp\/v2\/comments?post=28927"}],"version-history":[{"count":0,"href":"https:\/\/www.europesays.com\/fr\/wp-json\/wp\/v2\/posts\/28927\/revisions"}],"wp:featuredmedia":[{"embeddable":true,"href":"https:\/\/www.europesays.com\/fr\/wp-json\/wp\/v2\/media\/28928"}],"wp:attachment":[{"href":"https:\/\/www.europesays.com\/fr\/wp-json\/wp\/v2\/media?parent=28927"}],"wp:term":[{"taxonomy":"category","embeddable":true,"href":"https:\/\/www.europesays.com\/fr\/wp-json\/wp\/v2\/categories?post=28927"},{"taxonomy":"post_tag","embeddable":true,"href":"https:\/\/www.europesays.com\/fr\/wp-json\/wp\/v2\/tags?post=28927"}],"curies":[{"name":"wp","href":"https:\/\/api.w.org\/{rel}","templated":true}]}}