{"id":289273,"date":"2025-08-01T15:13:09","date_gmt":"2025-08-01T15:13:09","guid":{"rendered":"https:\/\/www.europesays.com\/fr\/289273\/"},"modified":"2025-08-01T15:13:09","modified_gmt":"2025-08-01T15:13:09","slug":"cyclisme-clasica-san-sebastian-larmada-uae-team-emirates-aux-cotes-disaac-del-toro","status":"publish","type":"post","link":"https:\/\/www.europesays.com\/fr\/289273\/","title":{"rendered":"Cyclisme. Clasica San Sebastian &#8211; L&rsquo;armada UAE Team Emirates aux c\u00f4t\u00e9s d&rsquo;Isaac Del Toro"},"content":{"rendered":"<p>Parmi toutes les \u00e9quipes au d\u00e9part de la <strong><a href=\"https:\/\/www.cyclismactu.net\/..\/news-clasica-san-sebastian-route-primoz-roglic-invite-surprise-de-klasikoa-89391.html\" target=\"_blank\" rel=\"nofollow noopener\">Clasica San Sebastian<\/a><\/strong>, l&rsquo;une d&rsquo;elle fait vraiment figure d&rsquo;\u00e9pouvantail. En effet, l&rsquo;\u00e9quipe <strong>UAE Team Emirates XRG <\/strong>a align\u00e9 une \u00e9quipe tr\u00e8s impressionnante pour jouer la victoire \u00e0 San Sebastian. Et au milieu de tous les excellents coureurs au d\u00e9part, le leader devrait \u00eatre <strong><a href=\"https:\/\/www.cyclismactu.net\/..\/news-clasica-terres-de-ebre-route-isaac-del-toro-s-offre-deuxieme-edition-en-solitaire-89120.html\" target=\"_blank\" rel=\"nofollow noopener\">Isaac Del Toro<\/a><\/strong>, tr\u00e8s en vue depuis quelques semaines et qui encha\u00eene les victoires. Vainqueur du <strong>Tour d&rsquo;Autriche<\/strong>, de la\u00a0<strong>Cl\u00e0ssica Terres de l&rsquo;Ebre<\/strong>\u00a0et\u00a0deuxi\u00e8me de la <strong>Prueba Villafranca<\/strong>, une course qu\u2019il a termin\u00e9e en compagnie de son co\u00e9quipier Igor Arrieta, \u00e9galement pr\u00e9sent au Pays basque.<\/p>\n<p>Vid\u00e9o &#8211; Mauro Gianetti nous parle de son incroyable \u00e9quipe Lire la suite de l&rsquo;article&#13;<\/p>\n<p>\u00a0<\/p>\n<p>&#13;<br \/>\n\u00ab\u00a0Avec l&rsquo;\u00e9quipe qu&rsquo;on a, on peut \u00eatre comp\u00e9titifs\u00a0\u00bb&#13;<\/p>\n<p>Avec cette impressionnante s\u00e9rie en cours, le Mexicain fera office de grand favori au d\u00e9part, encore plus si on jette un oeil \u00e0 l&rsquo;\u00e9quipe qu&rsquo;a align\u00e9e <strong>UAE Team Emirates XRG\u00a0<\/strong>\u00e0 ses c\u00f4t\u00e9s. Le second du <strong>Tour d&rsquo;Italie<\/strong> pourra notamment compter sur <strong>Juan Ayuso<\/strong>, de retour apr\u00e8s son abandon, mais \u00e9galement par <strong>Igor Arrieta<\/strong>, <strong>Jan Christen<\/strong>, <strong>Alessandro Covi<\/strong>, <strong>Domen Novak<\/strong>, et <strong>Jay Vine<\/strong>\u00a0qui pourrait presque \u00eatre tous des candidats \u00e0 la victoire. <strong>Del Toro <\/strong>l&rsquo;explique justement mieux que personne : \u00ab\u00a0L&rsquo;\u00e9quipe est sur une tr\u00e8s bonne lanc\u00e9e en ce moment. Nous travaillons dur et prenons beaucoup de plaisir lors des courses, et je pense que tout se passe bien. Le niveau sera \u00e9lev\u00e9 \u00e0 Saint-S\u00e9bastien, mais je pense qu&rsquo;avec l&rsquo;\u00e9quipe que nous avons, nous pouvons \u00eatre comp\u00e9titifs.\u00a0\u00bb<\/p>\n","protected":false},"excerpt":{"rendered":"Parmi toutes les \u00e9quipes au d\u00e9part de la Clasica San Sebastian, l&rsquo;une d&rsquo;elle fait vraiment figure d&rsquo;\u00e9pouvantail. En&hellip;\n","protected":false},"author":2,"featured_media":289274,"comment_status":"","ping_status":"","sticky":false,"template":"","format":"standard","meta":{"footnotes":""},"categories":[1411],"tags":[42824,1154,207,211,1011,27,209,60,210,212,208,213],"class_list":{"0":"post-289273","1":"post","2":"type-post","3":"status-publish","4":"format-standard","5":"has-post-thumbnail","7":"category-cyclisme","8":"tag-clasica-san-sebastian","9":"tag-cycling","10":"tag-cyclisme","11":"tag-ffc","12":"tag-fr","13":"tag-france","14":"tag-route","15":"tag-sports","16":"tag-tour-de-france","17":"tag-uci","18":"tag-velo","19":"tag-world-tour"},"share_on_mastodon":{"url":"https:\/\/pubeurope.com\/@fr\/114954161572049137","error":""},"_links":{"self":[{"href":"https:\/\/www.europesays.com\/fr\/wp-json\/wp\/v2\/posts\/289273","targetHints":{"allow":["GET"]}}],"collection":[{"href":"https:\/\/www.europesays.com\/fr\/wp-json\/wp\/v2\/posts"}],"about":[{"href":"https:\/\/www.europesays.com\/fr\/wp-json\/wp\/v2\/types\/post"}],"author":[{"embeddable":true,"href":"https:\/\/www.europesays.com\/fr\/wp-json\/wp\/v2\/users\/2"}],"replies":[{"embeddable":true,"href":"https:\/\/www.europesays.com\/fr\/wp-json\/wp\/v2\/comments?post=289273"}],"version-history":[{"count":0,"href":"https:\/\/www.europesays.com\/fr\/wp-json\/wp\/v2\/posts\/289273\/revisions"}],"wp:featuredmedia":[{"embeddable":true,"href":"https:\/\/www.europesays.com\/fr\/wp-json\/wp\/v2\/media\/289274"}],"wp:attachment":[{"href":"https:\/\/www.europesays.com\/fr\/wp-json\/wp\/v2\/media?parent=289273"}],"wp:term":[{"taxonomy":"category","embeddable":true,"href":"https:\/\/www.europesays.com\/fr\/wp-json\/wp\/v2\/categories?post=289273"},{"taxonomy":"post_tag","embeddable":true,"href":"https:\/\/www.europesays.com\/fr\/wp-json\/wp\/v2\/tags?post=289273"}],"curies":[{"name":"wp","href":"https:\/\/api.w.org\/{rel}","templated":true}]}}