{"id":289275,"date":"2025-08-01T15:14:10","date_gmt":"2025-08-01T15:14:10","guid":{"rendered":"https:\/\/www.europesays.com\/fr\/289275\/"},"modified":"2025-08-01T15:14:10","modified_gmt":"2025-08-01T15:14:10","slug":"la-reserve-de-lol-a-lance-son-tournoi-u21-de-ploufragan","status":"publish","type":"post","link":"https:\/\/www.europesays.com\/fr\/289275\/","title":{"rendered":"La r\u00e9serve de l\u2019OL a lanc\u00e9 son tournoi U21 de Ploufragan"},"content":{"rendered":"<p>                            <img width=\"770\" height=\"433\" src=\"https:\/\/www.europesays.com\/fr\/wp-content\/uploads\/2025\/08\/IMG_3344-770x433.jpg\" class=\"attachment-article size-article wp-post-image\" alt=\"Les joies des joueurs de la r\u00e9serve de l'OL contre Hauts-Lyonnais\" decoding=\"async\" fetchpriority=\"high\"  \/><\/p>\n<p>Les joies des joueurs de la r\u00e9serve de l\u2019OL contre Hauts-Lyonnais (cr\u00e9dit : David Hernandez)<\/p>\n<p>La r\u00e9serve de l\u2019OL dispute ce week-end le tournoi U21 des clubs pros \u00e0 Ploufragan, avec trois matchs de poule au programme.<\/p>\n<p>La 27e \u00e9dition du tournoi europ\u00e9en U21 des clubs professionnels a lieu du 1er au 3 ao\u00fbt, au centre technique Henri-Gu\u00e9rin \u00e0 Ploufragan, en Bretagne. Huit \u00e9quipes sont en lice, r\u00e9parties en deux groupes. Dans le groupe B, l\u2019Olympique lyonnais affrontera <strong>Rennes<\/strong>, <strong>Guingamp<\/strong> et la <a href=\"https:\/\/www.olympique-et-lyonnais.com\/mercato-caleta-car-de-lol-a-la-real-sociedad-sous-forme-de-pret,373239.html\" rel=\"nofollow noopener\" target=\"_blank\">Real Sociedad<\/a>. Un programme costaud pour les joueurs de Gue\u00efda <strong>Fofana<\/strong>. Ils feront face au club (Rennes) \u00e9lu meilleur centre de formation par la FFF ces derni\u00e8res ann\u00e9es, mais aussi au vainqueur de l&rsquo;\u00e9dition pr\u00e9c\u00e9dent (Guingamp). Les jeunes Lyonnais ont la comp\u00e9tition ce vendredi \u00e0 12h30 contre Rennes. Samedi, ils encha\u00eeneront deux rencontres : face \u00e0 Guingamp \u00e0 12h30, puis face au club basque \u00e0 18h.<\/p>\n<p>Une poule relev\u00e9e pour la r\u00e9serve<\/p>\n<p>Le tournoi se joue sur trois jours, de 9h \u00e0 19h, et permet aux clubs d\u2019offrir du temps de jeu \u00e0 leurs espoirs. Il est une belle opportunit\u00e9 pour les jeunes talents de se montrer. C\u2019est aussi un bon test physique, avec trois matchs en moins de 48 heures. Le groupe A r\u00e9unit <strong>Hambourg<\/strong>, le <strong>PSG<\/strong>, <strong>Saint-\u00c9tienne<\/strong> et <strong>Caen<\/strong>. Les deux premiers de chaque groupe joueront les demi-finales dimanche. Pour l\u2019OL, l\u2019objectif sera de bien d\u00e9marrer d\u00e8s vendredi. Une bonne entr\u00e9e en mati\u00e8re pourrait les lancer vers une qualification en phase finale. L\u2019acc\u00e8s au tournoi est gratuit pour le public, qui pourra assister aux matchs toute la journ\u00e9e.<\/p>\n","protected":false},"excerpt":{"rendered":"Les joies des joueurs de la r\u00e9serve de l\u2019OL contre Hauts-Lyonnais (cr\u00e9dit : David Hernandez) La r\u00e9serve de&hellip;\n","protected":false},"author":2,"featured_media":289276,"comment_status":"","ping_status":"","sticky":false,"template":"","format":"standard","meta":{"footnotes":""},"categories":[1410],"tags":[63,1011,27,978,60,9621],"class_list":{"0":"post-289275","1":"post","2":"type-post","3":"status-publish","4":"format-standard","5":"has-post-thumbnail","7":"category-football","8":"tag-football","9":"tag-fr","10":"tag-france","11":"tag-olympique-lyonnais","12":"tag-sports","13":"tag-tournoi"},"share_on_mastodon":{"url":"https:\/\/pubeurope.com\/@fr\/114954165560451651","error":""},"_links":{"self":[{"href":"https:\/\/www.europesays.com\/fr\/wp-json\/wp\/v2\/posts\/289275","targetHints":{"allow":["GET"]}}],"collection":[{"href":"https:\/\/www.europesays.com\/fr\/wp-json\/wp\/v2\/posts"}],"about":[{"href":"https:\/\/www.europesays.com\/fr\/wp-json\/wp\/v2\/types\/post"}],"author":[{"embeddable":true,"href":"https:\/\/www.europesays.com\/fr\/wp-json\/wp\/v2\/users\/2"}],"replies":[{"embeddable":true,"href":"https:\/\/www.europesays.com\/fr\/wp-json\/wp\/v2\/comments?post=289275"}],"version-history":[{"count":0,"href":"https:\/\/www.europesays.com\/fr\/wp-json\/wp\/v2\/posts\/289275\/revisions"}],"wp:featuredmedia":[{"embeddable":true,"href":"https:\/\/www.europesays.com\/fr\/wp-json\/wp\/v2\/media\/289276"}],"wp:attachment":[{"href":"https:\/\/www.europesays.com\/fr\/wp-json\/wp\/v2\/media?parent=289275"}],"wp:term":[{"taxonomy":"category","embeddable":true,"href":"https:\/\/www.europesays.com\/fr\/wp-json\/wp\/v2\/categories?post=289275"},{"taxonomy":"post_tag","embeddable":true,"href":"https:\/\/www.europesays.com\/fr\/wp-json\/wp\/v2\/tags?post=289275"}],"curies":[{"name":"wp","href":"https:\/\/api.w.org\/{rel}","templated":true}]}}