{"id":289281,"date":"2025-08-01T15:17:11","date_gmt":"2025-08-01T15:17:11","guid":{"rendered":"https:\/\/www.europesays.com\/fr\/289281\/"},"modified":"2025-08-01T15:17:11","modified_gmt":"2025-08-01T15:17:11","slug":"briancon-les-conseils-des-libraires-pour-buller","status":"publish","type":"post","link":"https:\/\/www.europesays.com\/fr\/289281\/","title":{"rendered":"Brian\u00e7on. Les conseils des libraires pour buller"},"content":{"rendered":"<p>                            \u00c0 Voyage au Bout des Livres<\/p>\n<p>Ambiance sombre, \u00e9trange, aux airs de comics pour le premier choix de Malory Bondon de la librairie Voyage au Bout des Livres, avec Electric Miles (Gl\u00e9nat) de Fabien Nury (sc\u00e9nario) et Br\u00fcno (dessins). Le premier tome, Wilbur , est sorti ce printemps. \u00ab\u00a0C\u2019est l\u2019histoire d\u2019un auteur, Arbogast, qui a \u00e9crit le bouquin ultime sur la nature humaine\u00a0: il est capable de forcer les gens \u00e0 se d\u00e9fenestrer. C\u2019est de la science-fiction fa\u00e7on am\u00e9ricaine des ann\u00e9es 1950, un d\u00e9lire \u00e9sot\u00e9rique,&#8230;<\/p>\n","protected":false},"excerpt":{"rendered":"\u00c0 Voyage au Bout des Livres Ambiance sombre, \u00e9trange, aux airs de comics pour le premier choix de&hellip;\n","protected":false},"author":2,"featured_media":289282,"comment_status":"","ping_status":"","sticky":false,"template":"","format":"standard","meta":{"footnotes":""},"categories":[1357],"tags":[1379,12923,19384,1687,58,4521,59,1795,1011,27,881,1380,2410],"class_list":{"0":"post-289281","1":"post","2":"type-post","3":"status-publish","4":"format-standard","5":"has-post-thumbnail","7":"category-livres","8":"tag-books","9":"tag-briancon","10":"tag-briancon-bassin","11":"tag-culture-loisirs","12":"tag-divertissement","13":"tag-edition-hautes-alpes-alpes-de-haute-provence","14":"tag-entertainment","15":"tag-fil-web","16":"tag-fr","17":"tag-france","18":"tag-hautes-alpes","19":"tag-livres","20":"tag-livres-bd"},"share_on_mastodon":{"url":"https:\/\/pubeurope.com\/@fr\/114954177456056494","error":""},"_links":{"self":[{"href":"https:\/\/www.europesays.com\/fr\/wp-json\/wp\/v2\/posts\/289281","targetHints":{"allow":["GET"]}}],"collection":[{"href":"https:\/\/www.europesays.com\/fr\/wp-json\/wp\/v2\/posts"}],"about":[{"href":"https:\/\/www.europesays.com\/fr\/wp-json\/wp\/v2\/types\/post"}],"author":[{"embeddable":true,"href":"https:\/\/www.europesays.com\/fr\/wp-json\/wp\/v2\/users\/2"}],"replies":[{"embeddable":true,"href":"https:\/\/www.europesays.com\/fr\/wp-json\/wp\/v2\/comments?post=289281"}],"version-history":[{"count":0,"href":"https:\/\/www.europesays.com\/fr\/wp-json\/wp\/v2\/posts\/289281\/revisions"}],"wp:featuredmedia":[{"embeddable":true,"href":"https:\/\/www.europesays.com\/fr\/wp-json\/wp\/v2\/media\/289282"}],"wp:attachment":[{"href":"https:\/\/www.europesays.com\/fr\/wp-json\/wp\/v2\/media?parent=289281"}],"wp:term":[{"taxonomy":"category","embeddable":true,"href":"https:\/\/www.europesays.com\/fr\/wp-json\/wp\/v2\/categories?post=289281"},{"taxonomy":"post_tag","embeddable":true,"href":"https:\/\/www.europesays.com\/fr\/wp-json\/wp\/v2\/tags?post=289281"}],"curies":[{"name":"wp","href":"https:\/\/api.w.org\/{rel}","templated":true}]}}