{"id":289283,"date":"2025-08-01T15:18:22","date_gmt":"2025-08-01T15:18:22","guid":{"rendered":"https:\/\/www.europesays.com\/fr\/289283\/"},"modified":"2025-08-01T15:18:22","modified_gmt":"2025-08-01T15:18:22","slug":"patrick-et-florence-ont-ete-drogues-ariane-suspecte-delmas-hector-bien-decide-a-mourir-le-resume-de-lepisode-390-du-lundi-4-aout-2025","status":"publish","type":"post","link":"https:\/\/www.europesays.com\/fr\/289283\/","title":{"rendered":"Patrick et Florence ont \u00e9t\u00e9 drogu\u00e9s, Ariane suspecte Delmas, Hector bien d\u00e9cid\u00e9 \u00e0 mourir&#8230; Le r\u00e9sum\u00e9 de l\u2019\u00e9pisode 390 du lundi 4 ao\u00fbt 2025"},"content":{"rendered":"<p>Ariane progresse dans son enqu\u00eate, Florence et Patrick r\u00e9alisent qu&rsquo;ils ont \u00e9t\u00e9 drogu\u00e9s, Hector brise les espoirs de Vanessa et Aya tombe en amour&#8230; D\u00e9couvrez en avance ce qui vous attend dans l&rsquo;\u00e9pisode 390 de Plus belle la vie, encore plus belle, diffus\u00e9 ce lundi 4 ao\u00fbt 2025.<\/p>\n<p><b>Dans l&rsquo;\u00e9pisode 390 de <\/b><a href=\"https:\/\/www.programme-tv.net\/news\/series-tv\/332492-plus-belle-la-vie-date-de-retour-horaire-casting-intrigue-tout-ce-quil-faut-savoir-sur-la-nouvelle-serie-de-tf1\/\" data-api-deeplink=\"teleloisirs:\/\/news\/332492\" target=\"_blank\" rel=\"noopener\"><b>Plus belle la vie, encore plus belle<\/b><\/a><b>, diffus\u00e9 ce lundi 4\u00a0ao\u00fbt 2025<\/b> et <a href=\"https:\/\/www.programme-tv.net\/news\/series-tv\/344072-plus-belle-la-vie-encore-plus-belle-en-streaming-ou-regarder-la-nouvelle-serie-de-tf1-en-replay\/\" data-api-deeplink=\"teleloisirs:\/\/news\/344072\" target=\"_blank\" rel=\"noopener\">d\u00e9j\u00e0 disponible sur TF1+<\/a>, la juge Colbert confronte le commissaire Nebout : \u00ab\u00a0Bon, si je comprends bien, vous souhaitez que j\u2019ouvre une enqu\u00eate concernant une accusation de viol&#8230; \u00c0 votre encontre ? Vous en \u00eates certain ? Cela remonte \u00e0 plus de 20 ans. Les faits sont prescrits. Cette histoire pourrait avoir des cons\u00e9quences.\u00a0\u00bb Malgr\u00e9 les avertissements de l&rsquo;ex-victime du <a href=\"https:\/\/www.programme-tv.net\/news\/series-tv\/379444-plus-belle-la-vie-en-avance-durieux-est-mort-ariane-l-a-t-elle-tue-le-resume-de-lepisode-339-du-vendredi-23-mai-2025\/\" data-api-deeplink=\"teleloisirs:\/\/news\/379444\" target=\"_blank\" rel=\"noopener\">procureur Durieux<\/a>, Patrick persiste car il estime qu\u2019il doit la v\u00e9rit\u00e9 \u00e0 Vadim, <a href=\"https:\/\/www.programme-tv.net\/news\/series-tv\/384061-plus-belle-la-vie-en-avance-patrick-est-bien-le-pere-de-vadim-qui-l-accuse-de-viol-et-menace-de-le-detruire-le-resume-de-l-episode-386-du-mardi-29-juillet-2025\/\" data-api-deeplink=\"teleloisirs:\/\/news\/384061\" target=\"_blank\" rel=\"noopener\">le fils qu\u2019il vient de retrouver<\/a>, \u00e0 Florence, la m\u00e8re de ce dernier et pr\u00e9sum\u00e9e victime, mais aussi \u00e0 Babeth, son \u00e9pouse&#8230; La juge accepte cette demande et acte l&rsquo;ouverture d&rsquo;une enqu\u00eate.<\/p>\n<p>Plus belle la vie en avance : Ariane travaille sur une nouvelle piste&#8230;<\/p>\n<p>Ariane d\u00e9bute sa journ\u00e9e de travail avec comme seul et unique objectif : \u00e9lucider cette affaire de viol. Elle convoque de nouveau Florence. D\u00e8s les premi\u00e8res minutes de l&rsquo;interrogatoire, l\u2019atmosph\u00e8re est \u00e9lectrique entre <a href=\"https:\/\/www.programme-tv.net\/news\/series-tv\/378768-plus-belle-la-vie-ariane-va-vivre-du-harcelement-au-travail-lola-marois-fait-des-revelations-sur-la-nouvelle-intrigue-de-son-personnage\/\" data-api-deeplink=\"teleloisirs:\/\/news\/378768\" target=\"_blank\" rel=\"noopener\">la polici\u00e8re qui a r\u00e9cemment \u00e9t\u00e9 victime de harc\u00e8lement<\/a> et la plaignante : \u00ab\u00a0J&rsquo;aimerais vous entendre avec vos mots. Il y a quelques jours, lors de notre pr\u00e9c\u00e9dent \u00e9change, vous m&rsquo;aviez dit que vous n&rsquo;aviez aucun souvenir pr\u00e9cis. Du coup, comment pouvez-vous \u00eatre s\u00fbre que vous avez \u00e9t\u00e9 viol\u00e9 par <a href=\"https:\/\/www.programme-tv.net\/biographie\/293999-nebout-patrick\/\" data-link-people=\"786669a2-1dfb-4aec-8736-320fb1e97e12\" target=\"_blank\" rel=\"noopener\">Patrick Nebout<\/a> ? Je ne vous juge pas. J&rsquo;essaie de comprendre ce qui s&rsquo;est pass\u00e9 ce soir-l\u00e0.\u00a0\u00bb D\u00e9stabilis\u00e9e, Florence confirme qu&rsquo;elle n&rsquo;a aucun souvenir pr\u00e9cis, mais elle r\u00e9v\u00e8le qu&rsquo;au lendemain de son viol, elle s&rsquo;est sentie migraineuse et vaseuse. Elle explique avoir partag\u00e9 un cocktail avec Patrick. Elle pense avoir \u00e9t\u00e9 drogu\u00e9e par le nouveau commissaire de police du quartier du Mistral&#8230;<\/p>\n<p>                        Plus belle la vie en avance : Ariane et Jean-Paul soup\u00e7onnent Philippe Delmas&#8230;<\/p>\n<p>Ariane et Jean-Paul convoquent Patrick. Ils l&rsquo;interrogent sur cette histoire de cocktail empoisonn\u00e9. Patrick se souvient avoir bu dans le m\u00eame verre que Florence. Il r\u00e9alise subitement qu&rsquo;il a \u00e9t\u00e9 drogu\u00e9&#8230;  La m\u00e8re de Zo\u00e9 et le mari de L\u00e9a expliquent \u00e0 Patrick que le produit retrouv\u00e9 dans le verre fait penser \u00e0 l\u2019affaire Esteban Vaillant&#8230; Et ces deux affaires ont un seul et unique point commun : Philippe Delmas !<\/p>\n<p>Plus belle la vie en avance : Apolline met en garde Aya !<\/p>\n<p>Aya est heureuse. <a href=\"https:\/\/www.programme-tv.net\/news\/series-tv\/384322-plus-belle-la-vie-en-avance-florence-porte-plainte-contre-patrick-qui-ne-se-souvient-pas-du-viol-morgane-accede-a-la-finale-du-concours-le-resume-de-lepisode-388-du-jeudi-31-juillet-2025\/\" data-api-deeplink=\"teleloisirs:\/\/news\/384322\" target=\"_blank\" rel=\"noopener\">L&rsquo;ex-compagne de Kilian<\/a> a rencontr\u00e9 un avocat. Elle se confie \u00e0 Barbara : \u00ab\u00a0Il est beau, dr\u00f4le et gentil.\u00a0\u00bb Barbara encourage sa jeune coll\u00e8gue \u00e0 vivre pleinement ce d\u00e9but de relation&#8230; Quelques heures plus tard, Aya croise le jeune homme, et les deux nouveaux tourtereaux du Mistral \u00e9changent quelques mots. Apolline les aper\u00e7oit. Un peu plus tard, l&rsquo;ex-disciple d&rsquo;Ulysse met en garde <a href=\"https:\/\/www.programme-tv.net\/news\/series-tv\/343591-plus-belle-la-vie-aya-la-demi-soeur-de-djawad-samuel-le-nouveau-flic-qui-sont-les-nouveaux-personnages-les-acteurs-nous-disent-tout\/\" data-api-deeplink=\"teleloisirs:\/\/news\/343591\" target=\"_blank\" rel=\"noopener\">la petite s\u0153ur de Djawad<\/a> : \u00ab\u00a0Tu sors avec Ma\u00eetre Atara ? Je ne pensais pas que c&rsquo;\u00e9tait ton genre de mec ! Il d\u00e9fend des mecs chelous comme des braqueurs, des cambrioleurs ou des trafiquants&#8230;\u00a0\u00bb <\/p>\n<p>            Plus belle la vie en avance : Hector ne laisse aucun espoir \u00e0 Vanessa&#8230;<\/p>\n<p>Vanessa retrouve Hector. Elle tente de le convaincre de renoncer de recourir \u00e0 l&rsquo;id\u00e9e de l&rsquo;euthanasie&#8230; Elle insiste pour qu\u2019il essaie un protocole destin\u00e9 aux patients atteints de la maladie d&rsquo;Alzheimer. Touch\u00e9, Hector lui r\u00e9pond avec douceur : \u00ab\u00a0Mon stade est trop avanc\u00e9. Il n\u2019y a plus rien \u00e0 faire. La seule chose que la maladie me laisse encore, c\u2019est la possibilit\u00e9 de choisir le moment de mon d\u00e9part. Respecte ma d\u00e9cision.\u00a0\u00bb La m\u00e8re d&rsquo;Oph\u00e9lie et d&rsquo;Ulysse refuse de baisser les bras.<\/p>\n","protected":false},"excerpt":{"rendered":"Ariane progresse dans son enqu\u00eate, Florence et Patrick r\u00e9alisent qu&rsquo;ils ont \u00e9t\u00e9 drogu\u00e9s, Hector brise les espoirs de&hellip;\n","protected":false},"author":2,"featured_media":289284,"comment_status":"","ping_status":"","sticky":false,"template":"","format":"standard","meta":{"footnotes":""},"categories":[1356],"tags":[244,58,1367,7313,7312,7314,7315,7316,59,1011,27,5249,1368,7309,7311,7310,252,199,2175,1364],"class_list":{"0":"post-289283","1":"post","2":"type-post","3":"status-publish","4":"format-standard","5":"has-post-thumbnail","7":"category-television","8":"tag-commentaire","9":"tag-divertissement","10":"tag-encore-plus-belle","11":"tag-encore-plus-belle-182024-0120-pm-plug-rtl","12":"tag-encore-plus-belle-192024-1145-am-rts-un","13":"tag-encore-plus-belle-saison-1-52152789","14":"tag-encore-plus-belle-su00e9rie-52152788","15":"tag-encore-plus-belle-le-doc-u00e9vu00e8nement-292024-0905-pm-tfx","16":"tag-entertainment","17":"tag-fr","18":"tag-france","19":"tag-mytf1-max","20":"tag-plus-belle-la-vie","21":"tag-plus-belle-la-vie-en-avance","22":"tag-ru00e9sumu00e9-plus-belle-la-vie","23":"tag-ru00e9sumu00e9-plus-belle-la-vie-en-avance","24":"tag-television","25":"tag-tf1","26":"tag-tl-story","27":"tag-tv"},"share_on_mastodon":{"url":"","error":"Validation failed: Text character limit of 500 exceeded"},"_links":{"self":[{"href":"https:\/\/www.europesays.com\/fr\/wp-json\/wp\/v2\/posts\/289283","targetHints":{"allow":["GET"]}}],"collection":[{"href":"https:\/\/www.europesays.com\/fr\/wp-json\/wp\/v2\/posts"}],"about":[{"href":"https:\/\/www.europesays.com\/fr\/wp-json\/wp\/v2\/types\/post"}],"author":[{"embeddable":true,"href":"https:\/\/www.europesays.com\/fr\/wp-json\/wp\/v2\/users\/2"}],"replies":[{"embeddable":true,"href":"https:\/\/www.europesays.com\/fr\/wp-json\/wp\/v2\/comments?post=289283"}],"version-history":[{"count":0,"href":"https:\/\/www.europesays.com\/fr\/wp-json\/wp\/v2\/posts\/289283\/revisions"}],"wp:featuredmedia":[{"embeddable":true,"href":"https:\/\/www.europesays.com\/fr\/wp-json\/wp\/v2\/media\/289284"}],"wp:attachment":[{"href":"https:\/\/www.europesays.com\/fr\/wp-json\/wp\/v2\/media?parent=289283"}],"wp:term":[{"taxonomy":"category","embeddable":true,"href":"https:\/\/www.europesays.com\/fr\/wp-json\/wp\/v2\/categories?post=289283"},{"taxonomy":"post_tag","embeddable":true,"href":"https:\/\/www.europesays.com\/fr\/wp-json\/wp\/v2\/tags?post=289283"}],"curies":[{"name":"wp","href":"https:\/\/api.w.org\/{rel}","templated":true}]}}