{"id":289287,"date":"2025-08-01T15:20:14","date_gmt":"2025-08-01T15:20:14","guid":{"rendered":"https:\/\/www.europesays.com\/fr\/289287\/"},"modified":"2025-08-01T15:20:14","modified_gmt":"2025-08-01T15:20:14","slug":"pour-le-spider-man-day-le-quatrieme-film-avec-tom-holland-soffre-un-premier-apercu","status":"publish","type":"post","link":"https:\/\/www.europesays.com\/fr\/289287\/","title":{"rendered":"Pour le Spider-Man Day, le quatri\u00e8me film avec Tom Holland s&rsquo;offre un premier aper\u00e7u"},"content":{"rendered":"<p>C\u2019est un jour de f\u00eate pour l\u2019araign\u00e9e sympa du quartier. Aux \u00c9tats-Unis, le<strong> 1er ao\u00fbt<\/strong> c\u00e9l\u00e8bre le personnage imagin\u00e9 par Marvel Comics en 1962 et toutes ses it\u00e9rations depuis ces d\u00e9buts sur papier glac\u00e9. Une journ\u00e9e que Sony Pictures, en charge de tous les projets cin\u00e9matographiques du personnage, entend marquer avec la publication d\u2019un <strong>premier aper\u00e7u de son prochain film<\/strong> en prise de vues r\u00e9elles\u00a0: Brand New Day. Ne vous attendez pas \u00e0 une sc\u00e8ne in\u00e9dite tir\u00e9e du film de <strong>Destin Daniel Cretton<\/strong> ni m\u00eame un synopsis, l\u2019entreprise s\u2019est content\u00e9e d\u2019une courte s\u00e9quence anim\u00e9e pr\u00e9sentant ce qui ressemble au <strong>nouveau costume du justicier masqu\u00e9. <\/strong><\/p>\n<p>Un costume in\u00e9dit puisqu\u2019on est loin de ceux fabriqu\u00e9s par Tony Stark dans les pr\u00e9c\u00e9dents m\u00e9trages. Plus d\u2019\u00e9l\u00e9ments \u00e0 la pointe de la technologie et de nanoparticules, Peter Parker s\u2019est visiblement charg\u00e9 de la conception. On peut esp\u00e9rer que cette fois-ci, Sony Pictures <strong>ne mise pas exclusivement sur la CGI<\/strong> pour accompagner les aventures du personnage.<\/p>\n<p>Pour rappel, No Way Home pr\u00e9sentait d\u00e9j\u00e0 un nouveau costume pour le personnage mais ce n\u2019est pas celui pr\u00e9sent\u00e9 dans ces premi\u00e8res images accompagn\u00e9es de la l\u00e9gende\u00a0: \u201csomething brand new is coming\u201d ou \u201cquelque chose de tout \u00e0 fait nouveau arrive\u201d en fran\u00e7ais. On peut d\u00e9j\u00e0 appr\u00e9cier que les couleurs criardes aient \u00e9t\u00e9 abandonn\u00e9es au profit d\u2019une esth\u00e9tique plus proche des films de Sam Raimi. <strong>Le logo semble lui aussi proche de celui arbor\u00e9 par Tobey Maguire<\/strong> au d\u00e9but des ann\u00e9es 2000.<\/p>\n<\/p>\n<p>    <a href=\"https:\/\/www.youtube.com\/user\/JournalduGeek?sub_confirmation=1\" target=\"_blank\" rel=\"nofollow noopener\"><br \/>\n        S&rsquo;abonner \u00e0 Journal du Geek<br \/>\n    <\/a> Nouvelle \u00e8re <\/p>\n<p>Brand New Day ouvre un nouveau chapitre dans l\u2019histoire du personnage dans sa version Tom Holland. Apr\u00e8s trois films dans la saga de l\u2019Infini et <strong>surtout estampill\u00e9s \u201cteen\u201d<\/strong>, la franchise fait le <strong>choix de la maturit\u00e9.<\/strong> Un changement de ton et d\u2019approche qui se retrouve dans <strong>l\u2019abandon du terme \u201chome\u201d<\/strong> autant que dans le choix de faire appel au <strong>Punisher<\/strong> pour faire face \u00e0 Peter Parker. D\u00e9sormais, il s\u2019agira de suivre un jeune homme oubli\u00e9 de tous ses proches apr\u00e8s le sort de Doctor Strange et qui doit composer avec ses \u00e9tudes, ses responsabilit\u00e9s de justicier masqu\u00e9\u2026 et peut-\u00eatre un <strong>stage chez Oscorp<\/strong> ou un <strong>emploi au Daily Bugle<\/strong> en qualit\u00e9 de photographe.<\/p>\n<p>Si l\u2019introduction du film doit le faire \u00e9voluer seul au c\u0153ur de la ville qui ne dort jamais, on sait d\u00e9j\u00e0 que certains de ses compagnons seront de retour. Zendaya retrouvera son r\u00f4le de MJ, m\u00eame si on ne sait pas encore comment les deux personnages vont renouer apr\u00e8s l\u2019amn\u00e9sie soudaine de celle qui \u00e9tait la petite amie de Parker. Sadie Sink a aussi \u00e9t\u00e9 annonc\u00e9e \u00e0 la distribution, dans un r\u00f4le tenu secret pour le moment. Jon Bernthal reprendra son r\u00f4le de Frank Castle apr\u00e8s son film sur Disney+.<\/p>\n<p>Rendez-vous donc d\u00e8s le<strong> 29 juillet 2026<\/strong> au cin\u00e9ma pour d\u00e9couvrir de quoi il retourne. Ce sera la premi\u00e8re fois depuis la pand\u00e9mie que les spectateurs devront attendre plus d\u2019une ann\u00e9e entre deux films Marvel Studios. La firme pr\u00e9pare le retour aux choses s\u00e9rieuses avec Avengers\u00a0: Doomsday en d\u00e9cembre de la m\u00eame ann\u00e9e. \u00c0 noter que le tournage de Spider-Man\u00a0: Brand New Day vient seulement de commencer \u00e0 Glasgow.<\/p>\n<blockquote>\n<p class=\"text-base text-neutral-700 dark:text-neutral-300\">\ud83d\udfe3 Pour ne manquer aucune news sur le Journal du Geek, abonnez-vous sur <a href=\"https:\/\/news.google.com\/publications\/CAAqBwgKMNr_hAswwYyCAw?hl=fr&amp;gl=FR&amp;ceid=FR%3Afr\" target=\"_blank\" rel=\"noopener\">Google Actualit\u00e9s<\/a> et sur <a href=\"https:\/\/whatsapp.com\/channel\/0029VaClM5y4tRry12tb7D2h\" target=\"_blank\" rel=\"noopener\">notre WhatsApp<\/a>. Et si vous nous adorez, on a <a href=\"https:\/\/www.journaldugeek.com\/newsletter\/\" target=\"_blank\" rel=\"noopener\">une newsletter tous les matins<\/a>.<\/p>\n<\/blockquote>\n","protected":false},"excerpt":{"rendered":"C\u2019est un jour de f\u00eate pour l\u2019araign\u00e9e sympa du quartier. Aux \u00c9tats-Unis, le 1er ao\u00fbt c\u00e9l\u00e8bre le personnage&hellip;\n","protected":false},"author":2,"featured_media":289288,"comment_status":"","ping_status":"","sticky":false,"template":"","format":"standard","meta":{"footnotes":""},"categories":[1354],"tags":[58,59,1346,1011,27,2135,11224,1360,33923,22542,42825,33924,35103],"class_list":{"0":"post-289287","1":"post","2":"type-post","3":"status-publish","4":"format-standard","5":"has-post-thumbnail","7":"category-films","8":"tag-divertissement","9":"tag-entertainment","10":"tag-films","11":"tag-fr","12":"tag-france","13":"tag-marvel","14":"tag-mcu","15":"tag-movies","16":"tag-spider-man","17":"tag-spider-man-new-generation","18":"tag-spider-man-4","19":"tag-the-punisher","20":"tag-tom-holland"},"share_on_mastodon":{"url":"https:\/\/pubeurope.com\/@fr\/114954189257285879","error":""},"_links":{"self":[{"href":"https:\/\/www.europesays.com\/fr\/wp-json\/wp\/v2\/posts\/289287","targetHints":{"allow":["GET"]}}],"collection":[{"href":"https:\/\/www.europesays.com\/fr\/wp-json\/wp\/v2\/posts"}],"about":[{"href":"https:\/\/www.europesays.com\/fr\/wp-json\/wp\/v2\/types\/post"}],"author":[{"embeddable":true,"href":"https:\/\/www.europesays.com\/fr\/wp-json\/wp\/v2\/users\/2"}],"replies":[{"embeddable":true,"href":"https:\/\/www.europesays.com\/fr\/wp-json\/wp\/v2\/comments?post=289287"}],"version-history":[{"count":0,"href":"https:\/\/www.europesays.com\/fr\/wp-json\/wp\/v2\/posts\/289287\/revisions"}],"wp:featuredmedia":[{"embeddable":true,"href":"https:\/\/www.europesays.com\/fr\/wp-json\/wp\/v2\/media\/289288"}],"wp:attachment":[{"href":"https:\/\/www.europesays.com\/fr\/wp-json\/wp\/v2\/media?parent=289287"}],"wp:term":[{"taxonomy":"category","embeddable":true,"href":"https:\/\/www.europesays.com\/fr\/wp-json\/wp\/v2\/categories?post=289287"},{"taxonomy":"post_tag","embeddable":true,"href":"https:\/\/www.europesays.com\/fr\/wp-json\/wp\/v2\/tags?post=289287"}],"curies":[{"name":"wp","href":"https:\/\/api.w.org\/{rel}","templated":true}]}}