{"id":289289,"date":"2025-08-01T15:21:13","date_gmt":"2025-08-01T15:21:13","guid":{"rendered":"https:\/\/www.europesays.com\/fr\/289289\/"},"modified":"2025-08-01T15:21:13","modified_gmt":"2025-08-01T15:21:13","slug":"le-ministre-de-la-sante-regrette-que-seulement-20-des-soignants-de-lhopital-soient-vaccines-contre-la-grippe","status":"publish","type":"post","link":"https:\/\/www.europesays.com\/fr\/289289\/","title":{"rendered":"Le ministre de la Sant\u00e9 regrette que \u00abseulement 20%\u00bb des soignants de l\u2019h\u00f4pital soient vaccin\u00e9s contre la grippe"},"content":{"rendered":"<p>Il estime que le personnel hospitalier doit \u00abdonner l\u2019exemple\u00bb et \u00e9voque la r\u00e9surgence r\u00e9cente de certaines \u00e9pid\u00e9mies r\u00e9centes comme la m\u00e9ningite.<\/p>\n<p class=\"fig-paragraph\">Pour\u00a0<a href=\"http:\/\/www.lefigaro.fr\/politique\/gouvernement-bayrou-yannick-neuder-un-proche-de-laurent-wauquiez-a-la-sante-20241223\" data-fig-type=\"NewsFlash\" data-gtm-custom-categorie=\"navigation\" data-gtm-custom-action=\"crossclick\" data-gtm-custom-label=\"Contextuel\" data-gtm-event=\"customEventSPE\" data-fig-domain=\"LEFIGARO\" target=\"_blank\" rel=\"noopener\">Yannick Neuder<\/a>, il y a un probl\u00e8me. \u00abAu pays de Pasteur, au pays des Lumi\u00e8res, c\u2019est quand m\u00eame fou qu\u2019on arrive \u00e0 ce que 20% seulement des soignants soient vaccin\u00e9s\u00bb contre la\u00a0<a href=\"http:\/\/sante.lefigaro.fr\/social\/sante-publique\/grippe-quels-vaccins-aurons-nous-l-annee-prochaine-20250115\" data-fig-type=\"Article\" data-gtm-custom-categorie=\"navigation\" data-gtm-custom-action=\"crossclick\" data-gtm-custom-label=\"Contextuel\" data-gtm-event=\"customEventSPE\" data-fig-domain=\"SANTE\" target=\"_blank\" rel=\"noopener\">grippe saisonni\u00e8re<\/a>, a-t-il d\u00e9clar\u00e9, irrit\u00e9, sur\u00a0<a href=\"https:\/\/www.franceinfo.fr\/sante\/medicament\/hausse-du-plafond-des-franchises-medicales-ca-peut-etre-deux-euros-par-boite-de-medicaments-avance-le-ministre-de-la-sante_7409494.html\" target=\"_blank\" rel=\"sponsored noopener\" data-gtm-custom-categorie=\"navigation\" data-gtm-custom-action=\"crossclick\" data-gtm-custom-label=\"Contextuel\" data-gtm-event=\"customEventSPE\">France Info<\/a>\u00a0ce jeudi 31 juillet. Face \u00e0 la recrudescence de cette maladie, le ministre estime que le personnel hospitalier doit \u00abdonner l\u2019exemple\u00bb.<\/p>\n<p class=\"fig-paragraph\">En effet, selon<a href=\"https:\/\/www.has-sante.fr\/upload\/docs\/application\/pdf\/2024-12\/iqss_2024_synthese_des_resultats_nationaux_2024.pdf\" target=\"_blank\" rel=\"sponsored noopener\" data-gtm-custom-categorie=\"navigation\" data-gtm-custom-action=\"crossclick\" data-gtm-custom-label=\"Contextuel\" data-gtm-event=\"customEventSPE\">\u00a0le dernier rapport\u00a0<\/a>de la Haute Autorit\u00e9 de Sant\u00e9 (HAS) de d\u00e9cembre 2024, portant sur les indicateurs de qualit\u00e9 et de s\u00e9curit\u00e9 des soins, seulement 19% du personnel hospitalier est vaccin\u00e9. Un niveau jug\u00e9 \u00abtr\u00e8s insuffisant\u00bb par l\u2019instance, qui insiste sur l\u2019importance d\u2019am\u00e9liorer ce taux.<\/p>\n<p>                                    <a class=\"fig-a11y-skip a11y-hidden\" href=\"#fig-a11y-skip-main-inarticle\"><br \/>\n        Passer la publicit\u00e9<br \/>\n    <\/a><\/p>\n<p>\u00abUn message de sant\u00e9 publique\u00bb<\/p>\n<p class=\"fig-paragraph\">Le ministre appelle donc tr\u00e8s clairement l\u2019ensemble des professionnels de sant\u00e9 \u00e0 se faire vacciner, \u00abqu\u2019ils soient dans un h\u00f4pital public, priv\u00e9, dans un \u00e9tablissement m\u00e9dico-social\u00bb car, selon lui, \u00abquand vous \u00eates patient, c\u2019est quand m\u00eame plut\u00f4t tranquillisant de voir que votre professionnel de sant\u00e9 s\u2019est vaccin\u00e9\u00bb. Il y voit un \u00abmessage de sant\u00e9 publique\u00bb de la part des soignants.<\/p>\n<p class=\"fig-paragraph\">Le ministre a cru bon de rappeler \u00e9galement l\u2019expansion de certaines \u00e9pid\u00e9mies, comme la rougeole au Maroc &#8211; elle a atteint cette ann\u00e9e un niveau historique et 39 cas ont \u00e9t\u00e9 import\u00e9s en France entre 2024 et 2025 &#8211; ou la m\u00e9ningite qui a caus\u00e9 l\u2019ann\u00e9e \u00abplus de 60 d\u00e9c\u00e8s en France\u00bb. Il se r\u00e9f\u00e8re \u00e0 des chiffres relay\u00e9s par Sant\u00e9 Publique France.<\/p>\n<p>R\u00e9serves sur la vaccination obligatoire dans les Ehpad<\/p>\n<p class=\"fig-paragraph\">Selon le Haut Conseil de la Sant\u00e9 Publique (HCSP), la d\u00e9cision de mettre en \u0153uvre\u00a0<a href=\"https:\/\/www.hcsp.fr\/explore.cgi\/avisrapportsdomaine?clefr=577#:~:text=L&#039;obligation%20vaccinale%20pour%20des,b%C3%A9n%C3%A9fices%2Drisques%20est%20largement%20en\" target=\"_blank\" rel=\"sponsored noopener\" data-gtm-custom-categorie=\"navigation\" data-gtm-custom-action=\"crossclick\" data-gtm-custom-label=\"Contextuel\" data-gtm-event=\"customEventSPE\">une obligation vaccinale pour les professionnels<\/a>\u00a0ne peut se prendre que dans un contexte pr\u00e9cis\u00a0: \u00abla pr\u00e9vention d\u2019une maladie grave, qui pr\u00e9sente un risque \u00e9lev\u00e9 d\u2019exposition pour le professionnel et un risque de transmission \u00e0 la personne prise en charge\u00bb. Le HCSP indique \u00e9galement que cette obligation ne peut \u00eatre d\u00e9cid\u00e9e que s\u2019il \u00abexiste un vaccin s\u00fbr et efficace\u00bb.<\/p>\n<p class=\"fig-paragraph\">Interrog\u00e9 sur la vaccination contre la grippe des r\u00e9sidents d\u2019Ehpad, que la ministre du Travail, de la Sant\u00e9, des Solidarit\u00e9s et des Familles, Catherine Vautrin, veut rendre obligatoire d\u00e8s l\u2019automne, Yannick Neuder a \u00e9mis des r\u00e9serves. \u00abLe taux de vaccination en Ehpad d\u00e9j\u00e0 important, autour de 85%, donc je ne suis pas s\u00fbr qu\u2019il y aura un \u00e9norme gain\u00bb, estime-t-il.<\/p>\n","protected":false},"excerpt":{"rendered":"Il estime que le personnel hospitalier doit \u00abdonner l\u2019exemple\u00bb et \u00e9voque la r\u00e9surgence r\u00e9cente de certaines \u00e9pid\u00e9mies r\u00e9centes&hellip;\n","protected":false},"author":2,"featured_media":289290,"comment_status":"","ping_status":"","sticky":false,"template":"","format":"standard","meta":{"footnotes":""},"categories":[10],"tags":[1111,47,11,1109,1112,118,1108,107,1106,1107,1011,27,72,1110,1114,14,12,1113,316,71],"class_list":{"0":"post-289289","1":"post","2":"type-post","3":"status-publish","4":"format-standard","5":"has-post-thumbnail","7":"category-sante","8":"tag-actu","9":"tag-actualite","10":"tag-actualites","11":"tag-breves","12":"tag-depeches","13":"tag-faits-divers","14":"tag-fil","15":"tag-fil-info","16":"tag-flash","17":"tag-flash-actu","18":"tag-fr","19":"tag-france","20":"tag-health","21":"tag-informations","22":"tag-infos","23":"tag-international","24":"tag-news","25":"tag-nouvelles","26":"tag-politique","27":"tag-sante"},"share_on_mastodon":{"url":"https:\/\/pubeurope.com\/@fr\/114954193154289758","error":""},"_links":{"self":[{"href":"https:\/\/www.europesays.com\/fr\/wp-json\/wp\/v2\/posts\/289289","targetHints":{"allow":["GET"]}}],"collection":[{"href":"https:\/\/www.europesays.com\/fr\/wp-json\/wp\/v2\/posts"}],"about":[{"href":"https:\/\/www.europesays.com\/fr\/wp-json\/wp\/v2\/types\/post"}],"author":[{"embeddable":true,"href":"https:\/\/www.europesays.com\/fr\/wp-json\/wp\/v2\/users\/2"}],"replies":[{"embeddable":true,"href":"https:\/\/www.europesays.com\/fr\/wp-json\/wp\/v2\/comments?post=289289"}],"version-history":[{"count":0,"href":"https:\/\/www.europesays.com\/fr\/wp-json\/wp\/v2\/posts\/289289\/revisions"}],"wp:featuredmedia":[{"embeddable":true,"href":"https:\/\/www.europesays.com\/fr\/wp-json\/wp\/v2\/media\/289290"}],"wp:attachment":[{"href":"https:\/\/www.europesays.com\/fr\/wp-json\/wp\/v2\/media?parent=289289"}],"wp:term":[{"taxonomy":"category","embeddable":true,"href":"https:\/\/www.europesays.com\/fr\/wp-json\/wp\/v2\/categories?post=289289"},{"taxonomy":"post_tag","embeddable":true,"href":"https:\/\/www.europesays.com\/fr\/wp-json\/wp\/v2\/tags?post=289289"}],"curies":[{"name":"wp","href":"https:\/\/api.w.org\/{rel}","templated":true}]}}