{"id":28929,"date":"2025-04-16T09:31:18","date_gmt":"2025-04-16T09:31:18","guid":{"rendered":"https:\/\/www.europesays.com\/fr\/28929\/"},"modified":"2025-04-16T09:31:18","modified_gmt":"2025-04-16T09:31:18","slug":"une-enseignante-finlandaise-a-linstitut-dosteopathie-de-rennes-bretagne","status":"publish","type":"post","link":"https:\/\/www.europesays.com\/fr\/28929\/","title":{"rendered":"Une enseignante finlandaise \u00e0 l\u2019institut d\u2019ost\u00e9opathie de Rennes Bretagne"},"content":{"rendered":"<p>\u00a0Je viens \u00e0 l\u2019institut d\u2019ost\u00e9opathie Rennes-Bretagne (IORB), dans le cadre de l\u2019agr\u00e9ment Erasmus Plus, explique Sandra Rinne, 48\u00a0ans, membre du Comit\u00e9 Europe formation en ost\u00e9opathie.  Le principal objectif est de d\u00e9velopper des cours communs en ligne pour nos deux instituts et de favoriser les \u00e9changes\u00a0, explique-elle.<\/p>\n<p>\u00a0\u00c0 M\u00e9tropolia, la seule \u00e9cole dans la discipline en Finlande, la formation des ost\u00e9opathes dure quatre\u00a0ans. Les \u00e9tudes sont gratuites et l\u2019universit\u00e9 est publique. Certains cours sont similaires du cursus fran\u00e7ais mais il y a plus de libert\u00e9 dans l\u2019organisation p\u00e9dagogique. Un concours commun aux m\u00e9tiers de sant\u00e9 d\u00e9termine les choix des \u00e9tudiants en fin de formation.\u00a0<\/p>\n<p><strong>Une pratique en d\u00e9veloppement<\/strong><\/p>\n<p>\u00a0Depuis sa reconnaissance officielle comme profession sanitaire, l\u2019ost\u00e9opathie trouve progressivement sa place dans les parcours de soins en Finlande. Les \u00e9quipes sportives font appel \u00e0 nous. L\u2019ost\u00e9opathie est encore peu connue du grand public mais la demande augmente r\u00e9guli\u00e8rement. Le lien avec les m\u00e9decins se d\u00e9veloppe aussi.\u00a0<\/p>\n<p>Hakim Mhadbi, enseignant de l\u2019IORB, a pu exp\u00e9rimenter en Finlande une approche p\u00e9dagogique innovante bas\u00e9e sur le jeu. \u00a0Cette m\u00e9thode a \u00e9t\u00e9 d\u00e9velopp\u00e9e et publi\u00e9e par notre unit\u00e9 de recherche, en collaboration avec la Metropolia.\u00a0<\/p>\n<p>Maryl\u00e8ne Bourgin, directrice et fondatrice de l\u2019IORB, souligne l\u2019importance de ces \u00e9changes\u00a0: \u00a0Enseigner dans un contexte international nous permet aussi d\u2019exporter notre savoir-faire et de d\u00e9couvrir des approches nouvelles d\u2019une discipline en pleine \u00e9volution.\u00a0<\/p>\n<p>\u00a0<\/p>\n","protected":false},"excerpt":{"rendered":"\u00a0Je viens \u00e0 l\u2019institut d\u2019ost\u00e9opathie Rennes-Bretagne (IORB), dans le cadre de l\u2019agr\u00e9ment Erasmus Plus, explique Sandra Rinne, 48\u00a0ans,&hellip;\n","protected":false},"author":2,"featured_media":28930,"comment_status":"","ping_status":"","sticky":false,"template":"","format":"standard","meta":{"footnotes":""},"categories":[2821],"tags":[1111,11,829,10147,1777,674,10148,1011,27,10149,12,10150,3086,584,25],"class_list":{"0":"post-28929","1":"post","2":"type-post","3":"status-publish","4":"format-standard","5":"has-post-thumbnail","7":"category-rennes","8":"tag-actu","9":"tag-actualites","10":"tag-bretagne","11":"tag-enseignante","12":"tag-eu","13":"tag-europe","14":"tag-finlandaise","15":"tag-fr","16":"tag-france","17":"tag-institut","18":"tag-news","19":"tag-osteopathie","20":"tag-redon","21":"tag-rennes","22":"tag-republique-francaise"},"share_on_mastodon":{"url":"https:\/\/pubeurope.com\/@fr\/114346949660090140","error":""},"_links":{"self":[{"href":"https:\/\/www.europesays.com\/fr\/wp-json\/wp\/v2\/posts\/28929","targetHints":{"allow":["GET"]}}],"collection":[{"href":"https:\/\/www.europesays.com\/fr\/wp-json\/wp\/v2\/posts"}],"about":[{"href":"https:\/\/www.europesays.com\/fr\/wp-json\/wp\/v2\/types\/post"}],"author":[{"embeddable":true,"href":"https:\/\/www.europesays.com\/fr\/wp-json\/wp\/v2\/users\/2"}],"replies":[{"embeddable":true,"href":"https:\/\/www.europesays.com\/fr\/wp-json\/wp\/v2\/comments?post=28929"}],"version-history":[{"count":0,"href":"https:\/\/www.europesays.com\/fr\/wp-json\/wp\/v2\/posts\/28929\/revisions"}],"wp:featuredmedia":[{"embeddable":true,"href":"https:\/\/www.europesays.com\/fr\/wp-json\/wp\/v2\/media\/28930"}],"wp:attachment":[{"href":"https:\/\/www.europesays.com\/fr\/wp-json\/wp\/v2\/media?parent=28929"}],"wp:term":[{"taxonomy":"category","embeddable":true,"href":"https:\/\/www.europesays.com\/fr\/wp-json\/wp\/v2\/categories?post=28929"},{"taxonomy":"post_tag","embeddable":true,"href":"https:\/\/www.europesays.com\/fr\/wp-json\/wp\/v2\/tags?post=28929"}],"curies":[{"name":"wp","href":"https:\/\/api.w.org\/{rel}","templated":true}]}}