{"id":289291,"date":"2025-08-01T15:22:14","date_gmt":"2025-08-01T15:22:14","guid":{"rendered":"https:\/\/www.europesays.com\/fr\/289291\/"},"modified":"2025-08-01T15:22:14","modified_gmt":"2025-08-01T15:22:14","slug":"direct-tour-de-france-femmes-2025-maeva-squiban-revient-sur-le-duo-de-tete-suivez-la-7e-etape-le-telegramme","status":"publish","type":"post","link":"https:\/\/www.europesays.com\/fr\/289291\/","title":{"rendered":"DIRECT &#8211; Tour de France femmes 2025 :Ma\u00ebva Squiban revient sur le duo de t\u00eate, suivez la 7e \u00e9tape &#8211; Le T\u00e9l\u00e9gramme"},"content":{"rendered":"<ol>\n<li><a href=\"https:\/\/news.google.com\/rss\/articles\/CBMi9gFBVV95cUxNTTU1N1ZSZENFcjRiR1VMeUZtRlMxNFdsSEstTGxKVUV0LUk4OXlkX0J2VGFlSWxMbEVWNGcwc1VGUWNSeVZJUEFkUkFRelNDa01sZG5NcEg2ZWlWU2NmRDl4WGgybkFZbE5pZ1RWVkdjWkhzRkpfQlM1UW9VU0VPQ29TNzRBT1ctdGMyNldXQlJOR0czSEJnb2VadEhtSElGdWl5MGtzNmY0aDJ2SE1ZZlUtbWtDU3BuS0VZSGVMM09JdElYT0hFMV9GdVJab2wzaGJWXzlvemUtZ0tIQS1KSE1oVG5nNGlRVWxTWmQzRGFVd01XWWc?oc=5\" target=\"_blank\" rel=\"nofollow noopener\">DIRECT &#8211; Tour de France femmes 2025 :Ma\u00ebva Squiban revient sur le duo de t\u00eate, suivez la 7e \u00e9tape<\/a>&nbsp;&nbsp;Le T\u00e9l\u00e9gramme<\/li>\n<li><a href=\"https:\/\/news.google.com\/rss\/articles\/CBMiwAFBVV95cUxOdnpock1PMUFaZWdiYWVzMlZkUGRYSDNRY2trTk9rLVdMVzVpT3lpelZTeWpqeUlNZXk1bTZiTmZQSFZYbF82bENHNFJSYTRjSXJTcWZKdzhMdng4eGpSb3dsRjdrM0lkSmdGTC1DV3RSQXlRdGNmSFNVcUstOUVhRHdxNC1mS29WYk4zMXJMbW1OZld3N1NzOE1fMnl4d2Z1bTIybjI3VV9tcmpCOEtKOWV6enNoUzhvYUNvZGx2ck4?oc=5\" target=\"_blank\" rel=\"nofollow noopener\">\u00c9tape 7 Tour de France Femmes en direct | Bourg-en-Bresse &#8211; Chamb\u00e9ry<\/a>&nbsp;&nbsp;Eurosport<\/li>\n<li><a href=\"https:\/\/news.google.com\/rss\/articles\/CBMi9gFBVV95cUxPcHNKMm5DdDNFbjk4dU55NGZ1cGdYRU9MQ0Z2UW9vaEJxUU5LMzdxaXVnLWVaZGpGSU0ycnZQUS1BdTg4T0xvSmRQTXhBbnk0MnlJNEw5cTJ5TUVRSjN6Y3NjUWZzQ3FJLUgyVWJXVm5hTVV5dmtadWp1V0k5YjZtS2RvZGN4bTl1dlA2S1Nha0R6bFV0RTViRnRITEZpT21XT3ZOZWQwYVpCY2w0cS12X2h2Tl9zYXNMTkhOSkg4Z1dmRXVNWC1rU1hIYTNUUEhzMnd1eWR0V2s1ZF9UOXM5Ni1CZDZMTkRpODllRWhYamNINjlKNXc?oc=5\" target=\"_blank\" rel=\"nofollow noopener\">Tour de France femmes 2025 : parcours, profil et horaire de la 7e \u00e9tape, entre Bourg-en-Bresse et Chamb\u00e9ry<\/a>&nbsp;&nbsp;L&rsquo;\u00c9quipe<\/li>\n<li><a href=\"https:\/\/news.google.com\/rss\/articles\/CBMi3wFBVV95cUxQVjQtaEFnTWp2THUtX1RuZENJdHB2REVHUnhBNEgtZW9LOEtmemJKSDJRLUNqajBsR1gyRWNwV0hGQVZQUEx5bDhhQTJMczltdjZXWTVrWHhOMTktT1dNSzBDQjNweDNyd01Yd3FUOUVaaXhhNk42aFZCWkx5T0tpMDhkQTU4TEtMQkxCYUFLaWYxRW9IRENmQkNSTTNlYmtpTmJqWnBJM0l2UTk0Ml83ZTB2bU8tM3hhQ2lPMERhUV9jWVlwdktHcVZjdWFDTFVwZkhrM2RXM2dNbTdtclMw?oc=5\" target=\"_blank\" rel=\"nofollow noopener\">EN DIRECT | Tour de France Femmes : la Fran\u00e7aise Ma\u00ebva Squiban vise un doubl\u00e9 et la maillot jaune distanc\u00e9e lors de la 7\u1d49 \u00e9tape<\/a>&nbsp;&nbsp;Le Monde.fr<\/li>\n<li><a href=\"https:\/\/news.google.com\/rss\/articles\/CBMiqgFBVV95cUxQRG9ILS1zTHpsVUVjQmZDVk5jLVh1M040OTFuVDlwdzVmVUFKNkhyVFJmdm5yR3dUX0xEcHAxUHdCc2VrRUpKczJ5LVl2MEVPWVdKUGZrTm16bVZ4TmRuUlg1M2F4bzVwMVlCb0x3amlQZnpfOHNiOE94SEluZjVqZmVlWjQ5UXRuRjhLbXRSRnJQd0JEOC1LbGF1aDh4YVprR3AzdGtzNTlkdw?oc=5\" target=\"_blank\" rel=\"nofollow noopener\">DIRECT. Tour de France femmes 2025 : Squiban vers un deuxi\u00e8me succ\u00e8s de suite, suivez la 7\u00e8me \u00e9tape<\/a>&nbsp;&nbsp;Linternaute.com<\/li>\n<\/ol>\n","protected":false},"excerpt":{"rendered":"DIRECT &#8211; Tour de France femmes 2025 :Ma\u00ebva Squiban revient sur le duo de t\u00eate, suivez la 7e&hellip;\n","protected":false},"author":2,"featured_media":289292,"comment_status":"","ping_status":"","sticky":false,"template":"","format":"standard","meta":{"footnotes":""},"categories":[9],"tags":[11,207,11097,765,3166,1011,27,60,210,11098],"class_list":{"0":"post-289291","1":"post","2":"type-post","3":"status-publish","4":"format-standard","5":"has-post-thumbnail","7":"category-sports","8":"tag-actualites","9":"tag-cyclisme","10":"tag-cyclisme-feminin","11":"tag-en-continu","12":"tag-en-continu-sports","13":"tag-fr","14":"tag-france","15":"tag-sports","16":"tag-tour-de-france","17":"tag-tour-de-france-femmes"},"share_on_mastodon":{"url":"https:\/\/pubeurope.com\/@fr\/114954197167734774","error":""},"_links":{"self":[{"href":"https:\/\/www.europesays.com\/fr\/wp-json\/wp\/v2\/posts\/289291","targetHints":{"allow":["GET"]}}],"collection":[{"href":"https:\/\/www.europesays.com\/fr\/wp-json\/wp\/v2\/posts"}],"about":[{"href":"https:\/\/www.europesays.com\/fr\/wp-json\/wp\/v2\/types\/post"}],"author":[{"embeddable":true,"href":"https:\/\/www.europesays.com\/fr\/wp-json\/wp\/v2\/users\/2"}],"replies":[{"embeddable":true,"href":"https:\/\/www.europesays.com\/fr\/wp-json\/wp\/v2\/comments?post=289291"}],"version-history":[{"count":0,"href":"https:\/\/www.europesays.com\/fr\/wp-json\/wp\/v2\/posts\/289291\/revisions"}],"wp:featuredmedia":[{"embeddable":true,"href":"https:\/\/www.europesays.com\/fr\/wp-json\/wp\/v2\/media\/289292"}],"wp:attachment":[{"href":"https:\/\/www.europesays.com\/fr\/wp-json\/wp\/v2\/media?parent=289291"}],"wp:term":[{"taxonomy":"category","embeddable":true,"href":"https:\/\/www.europesays.com\/fr\/wp-json\/wp\/v2\/categories?post=289291"},{"taxonomy":"post_tag","embeddable":true,"href":"https:\/\/www.europesays.com\/fr\/wp-json\/wp\/v2\/tags?post=289291"}],"curies":[{"name":"wp","href":"https:\/\/api.w.org\/{rel}","templated":true}]}}