{"id":289295,"date":"2025-08-01T15:24:18","date_gmt":"2025-08-01T15:24:18","guid":{"rendered":"https:\/\/www.europesays.com\/fr\/289295\/"},"modified":"2025-08-01T15:24:18","modified_gmt":"2025-08-01T15:24:18","slug":"25-e-a-50-e-de-reduction-sur-vos-reparations-diphone-ou-de-mac-le-bonus-reparation-est-enfin-disponible-en-apple-store","status":"publish","type":"post","link":"https:\/\/www.europesays.com\/fr\/289295\/","title":{"rendered":"25\u00a0\u20ac \u00e0 50\u00a0\u20ac de r\u00e9duction sur vos r\u00e9parations d\u2019iPhone ou de Mac\u00a0: le bonus r\u00e9paration est enfin disponible en Apple Store"},"content":{"rendered":"<p class=\"ed__a-p ed__bdy__l\"><img loading=\"lazy\" decoding=\"async\" src=\"data:image\/svg+xml,%3Csvg xmlns='http:\/\/www.w3.org\/2000\/svg'%3E%3C\/svg%3E\" draggable=\"false\" width=\"1655\" height=\"900\" class=\"ed__title-xxs\" alt=\"un iPhone 15 Pro Max d\u00e9mont\u00e9 avec des outils en pagaille et une paire de main soulevant l'\u00e9cran\" style=\"background-color: #f2f2f2; aspect-ratio:1655\/900;\"\/><\/p>\n<p>\u00a9 Cr\u00e9dit: iFixit &#8211; CC BY-NC-SA 3.0<\/p>\n<\/p>\n<p class=\"ed__a-p ed__bdy__l\">Cela aura mis du temps, mais c\u2019est d\u00e9sormais officiel\u00a0: Apple propose le bonus r\u00e9paration au sein de ses Apple Store. Dans un communiqu\u00e9 de presse envoy\u00e9 le 30\u00a0juillet 2025, la marque explique que ses magasins sont d\u00e9sormais labellis\u00e9s QualiR\u00e9par, <a href=\"https:\/\/www.lesnumeriques.com\/societe-numerique\/le-bon-geste-profitez-du-bonus-reparation-n222329.html\" title=\"Le bon geste\u00a0: profitez du bonus r\u00e9paration\" rel=\"nofollow noopener\" target=\"_blank\">condition sine qua non pour l\u2019application du bonus<\/a>.<\/p>\n<p>            Publicit\u00e9, votre contenu continue ci-dessous<\/p>\n<p>        Publicit\u00e9<\/p>\n<p class=\"ed__a-p ed__bdy__l\">Cela fait suite \u00e0 un travail de collaboration avec l&rsquo;\u00e9co-organisme Ecologic <a href=\"https:\/\/www.lesnumeriques.com\/societe-numerique\/les-apple-store-vont-appliquer-le-bonus-reparation-comment-ca-marche-n237302.html\" title=\"Les Apple Store vont appliquer le bonus r\u00e9paration\u00a0: comment \u00e7a marche\u00a0?\" rel=\"nofollow noopener\" target=\"_blank\">qui a aid\u00e9 Apple \u00e0 mettre en place cette ristourne pour les clients et clients<\/a> qui viennent faire r\u00e9parer leur mat\u00e9riel pomm\u00e9.<\/p>\n<p class=\"ed__a-p ed__bdy__l\">Concr\u00e8tement, cela signifie que les iPhone, iPad, et Mac en tout genre co\u00fbtent d\u00e9sormais moins cher \u00e0 r\u00e9parer gr\u00e2ce \u00e0 une ristourne automatique et imm\u00e9diate de 25 \u00e0 50\u00a0\u20ac. Les \u00e9crans floqu\u00e9s d\u2019une pomme (comme le <a href=\"https:\/\/www.lesnumeriques.com\/moniteur-ecran-lcd\/apple-studio-display-p67879\/test.html\" title=\"Apple Studio Display : un moniteur 27 pouces 5K bien calibr\u00e9 et bien \u00e9quip\u00e9\" rel=\"nofollow noopener\" target=\"_blank\">Studio Display<\/a>) ainsi que les enceintes comme le <a href=\"https:\/\/www.lesnumeriques.com\/enceintes-sans-fil\/apple-homepod-2e-generation-p72713\/test.html\" title=\"Apple HomePod (2e g\u00e9n\u00e9ration) : une enceinte intelligente au rendu sonore \u00e9tonnant\" rel=\"nofollow noopener\" target=\"_blank\">HomePod<\/a> auront aussi le droit au bonus. Seuls les montres connect\u00e9es, les bo\u00eetiers Apple TV et le casque Vision Pro ne sont pas \u00e9ligibles.<\/p>\n<p class=\"ed__a-p ed__bdy__l\">Certains crit\u00e8res sont cependant \u00e0 respecter. Le plus notable est que la casse doit emp\u00eacher le bon fonctionnement de l\u2019appareil. Les d\u00e9g\u00e2ts d\u2019ordre esth\u00e9tique (\u00e0 part le bris d\u2019\u00e9cran) ne sont pas \u00e9ligibles. Le produit ne doit pas non plus \u00eatre couvert par la garantie, doit \u00eatre d\u00e9tenu par une ou un particulier et \u00eatre conforme aux normes CE.<\/p>\n<p class=\"ed__a-p ed__bdy__l\">Les iPhone et iPad \u00e9ligibles b\u00e9n\u00e9ficieront donc de 25\u00a0\u20ac de r\u00e9duction sur la r\u00e9paration, les HomePod de 20\u00a0\u20ac, les \u00e9crans de 30\u00a0\u20ac (\u00e0 partir de 100\u00a0\u20ac de facturation) et les Mac de 50\u00a0\u20ac (\u00e0 partir de 150\u00a0\u20ac de facturation). \u00ab\u00a0Une fois la r\u00e9paration effectu\u00e9e, le bonus est directement appliqu\u00e9 sur la facture lors du passage en caisse, assurant ainsi un processus clair et transparent\u00a0\u00bb, indique Apple dans son communiqu\u00e9.<\/p>\n<p>            Publicit\u00e9, votre contenu continue ci-dessous<\/p>\n<p>        Publicit\u00e9<\/p>\n<p>Mieux vaut tard que jamais<\/p>\n<p class=\"ed__a-p ed__bdy__l\">Si Apple a tard\u00e9 \u00e0 rejoindre les rangs des boutiques labellis\u00e9s Qualir\u00e9par, son arriv\u00e9e dans l\u2019\u00e9cosyst\u00e8me est une bonne nouvelle pour le d\u00e9veloppement du bonus. Apple ne dispose que d\u2019une vingtaine de magasins dans l\u2019hexagone (contre plus de 5000\u00a0commer\u00e7ants d\u00e9j\u00e0 labellis\u00e9s), mais les Apple Store disposent d\u2019un fort capital de confiance et d\u2019un pouvoir de rayonnement important dans le reste de l\u2019industrie.<\/p>\n<p class=\"ed__a-p ed__bdy__l\"><img loading=\"lazy\" decoding=\"async\" src=\"data:image\/svg+xml,%3Csvg xmlns='http:\/\/www.w3.org\/2000\/svg'%3E%3C\/svg%3E\" draggable=\"false\" width=\"1172\" height=\"835\" class=\"ed__title-xxs\" alt=\"Les appareils et interventions \u00e9ligibles : Ne sont pas sous garantie l\u00e9gale ou commerciale (y compris les extensions de garantie). Ne sont pas couverts par une assurance. Sont d\u00e9tenus par les m\u00e9nages (versus les professionnels). Disposent d'une plaque signal\u00e9tique ou d'un num\u00e9ro d'identification...\" style=\"background-color: #f2f2f2; aspect-ratio:1172\/835;\"\/><\/p>\n<p>Les conditions d&rsquo;\u00e9ligibilit\u00e9 au bonus r\u00e9paration<\/p>\n<p>\u00a9 Ecosystem<\/p>\n<\/p>\n<p class=\"ed__a-p ed__bdy__l\">Bien \u00e9videmment, vous n\u2019\u00eates pas oblig\u00e9 d\u2019apporter votre iPhone cass\u00e9 dans un Apple Store si vous n\u2019en avez aucun autour de chez vous. <a href=\"https:\/\/www.ecosystem.eco\/reparer\/\" target=\"_blank\" rel=\"nofollow noopener\">N\u2019importe quel autre magasin labellis\u00e9<\/a> pourra appliquer le bonus lors de la r\u00e9paration (pour un tarif parfois inf\u00e9rieur \u00e0 ce que pratique Apple), mais, si vous voulez aller directement \u00e0 la source, vous en avez d\u00e9sormais l\u2019occasion.<\/p>\n<p>            Publicit\u00e9, votre contenu continue ci-dessous<\/p>\n<p>        Publicit\u00e9<\/p>\n<p class=\"ed__a-p ed__bdy__l\">Envie de faire encore plus d&rsquo;\u00e9conomies ? D\u00e9couvrez <a href=\"https:\/\/www.lesnumeriques.com\/codes-promo.html\" rel=\"nofollow noopener\" target=\"_blank\">nos codes promo<\/a> s\u00e9lectionn\u00e9s pour vous.<\/p>\n","protected":false},"excerpt":{"rendered":"\u00a9 Cr\u00e9dit: iFixit &#8211; CC BY-NC-SA 3.0 Cela aura mis du temps, mais c\u2019est d\u00e9sormais officiel\u00a0: Apple propose&hellip;\n","protected":false},"author":2,"featured_media":289296,"comment_status":"","ping_status":"","sticky":false,"template":"","format":"standard","meta":{"footnotes":""},"categories":[7],"tags":[1011,27,43,40,41,39,42,44],"class_list":{"0":"post-289295","1":"post","2":"type-post","3":"status-publish","4":"format-standard","5":"has-post-thumbnail","7":"category-sciences-et-technologies","8":"tag-fr","9":"tag-france","10":"tag-science","11":"tag-science-and-technology","12":"tag-sciences","13":"tag-sciences-et-technologies","14":"tag-technologies","15":"tag-technology"},"share_on_mastodon":{"url":"https:\/\/pubeurope.com\/@fr\/114954204911522571","error":""},"_links":{"self":[{"href":"https:\/\/www.europesays.com\/fr\/wp-json\/wp\/v2\/posts\/289295","targetHints":{"allow":["GET"]}}],"collection":[{"href":"https:\/\/www.europesays.com\/fr\/wp-json\/wp\/v2\/posts"}],"about":[{"href":"https:\/\/www.europesays.com\/fr\/wp-json\/wp\/v2\/types\/post"}],"author":[{"embeddable":true,"href":"https:\/\/www.europesays.com\/fr\/wp-json\/wp\/v2\/users\/2"}],"replies":[{"embeddable":true,"href":"https:\/\/www.europesays.com\/fr\/wp-json\/wp\/v2\/comments?post=289295"}],"version-history":[{"count":0,"href":"https:\/\/www.europesays.com\/fr\/wp-json\/wp\/v2\/posts\/289295\/revisions"}],"wp:featuredmedia":[{"embeddable":true,"href":"https:\/\/www.europesays.com\/fr\/wp-json\/wp\/v2\/media\/289296"}],"wp:attachment":[{"href":"https:\/\/www.europesays.com\/fr\/wp-json\/wp\/v2\/media?parent=289295"}],"wp:term":[{"taxonomy":"category","embeddable":true,"href":"https:\/\/www.europesays.com\/fr\/wp-json\/wp\/v2\/categories?post=289295"},{"taxonomy":"post_tag","embeddable":true,"href":"https:\/\/www.europesays.com\/fr\/wp-json\/wp\/v2\/tags?post=289295"}],"curies":[{"name":"wp","href":"https:\/\/api.w.org\/{rel}","templated":true}]}}