{"id":289297,"date":"2025-08-01T15:25:12","date_gmt":"2025-08-01T15:25:12","guid":{"rendered":"https:\/\/www.europesays.com\/fr\/289297\/"},"modified":"2025-08-01T15:25:12","modified_gmt":"2025-08-01T15:25:12","slug":"enquete-des-actions-americaines-les-marches-boursiers-americains-prolongent-leurs-pertes-apres-les-chiffres-de-lemploi-de-juillet-01-08-2025-a-1435","status":"publish","type":"post","link":"https:\/\/www.europesays.com\/fr\/289297\/","title":{"rendered":"ENQU\u00caTE DES ACTIONS AM\u00c9RICAINES-Les march\u00e9s boursiers am\u00e9ricains prolongent leurs pertes apr\u00e8s les chiffres de l&#8217;emploi de juillet &#8211; 01\/08\/2025 \u00e0 14:35"},"content":{"rendered":"<p>\n ((Traduction automatis\u00e9e par Reuters \u00e0 l&rsquo;aide de l&rsquo;apprentissage<br \/>\nautomatique et de l&rsquo;IA g\u00e9n\u00e9rative, veuillez vous r\u00e9f\u00e9rer \u00e0<br \/>\nl&rsquo;avertissement suivant: https:\/\/bit.ly\/rtrsauto))\n<\/p>\n<p>\n Les indices boursiers am\u00e9ricains ont<br \/>\nprolong\u00e9 leurs pertes vendredi apr\u00e8s que le rapport sur l&#8217;emploi<br \/>\nde juillet, plus faible que pr\u00e9vu, ait raviv\u00e9 les inqui\u00e9tudes<br \/>\nsur la sant\u00e9 du march\u00e9 du travail dans un contexte<br \/>\nd&rsquo;incertitudes sur les politiques commerciales des \u00c9tats-Unis.\n<\/p>\n<p>\n Un rapport du d\u00e9partement du travail a montr\u00e9 que l&rsquo;\u00e9conomie<br \/>\nam\u00e9ricaine a cr\u00e9\u00e9 73 000 emplois en juillet, alors que les<br \/>\n\u00e9conomistes tablaient sur une hausse de 110 000.\n<\/p>\n<p>\n Le taux de ch\u00f4mage s&rsquo;est \u00e9tabli \u00e0 4,2 %, conform\u00e9ment aux<br \/>\nattentes, tandis que le salaire moyen a augment\u00e9 de 0,3 % sur<br \/>\nune base mensuelle, contre une pr\u00e9vision de croissance de 0,3 %.\n<\/p>\n<p>\n \u00c0 08h30 ET, le Dow E-minis  YMcv1  \u00e9tait en baisse de 425<br \/>\npoints, soit 0,96%, le S&amp;P 500 E-minis  EScv1  \u00e9tait en baisse<br \/>\nde 65 points, soit 1,02%, et le Nasdaq 100 E-minis  NQcv1  \u00e9tait<br \/>\nen baisse de 269,75 points, soit 1,15%.<\/p>\n","protected":false},"excerpt":{"rendered":"((Traduction automatis\u00e9e par Reuters \u00e0 l&rsquo;aide de l&rsquo;apprentissage automatique et de l&rsquo;IA g\u00e9n\u00e9rative, veuillez vous r\u00e9f\u00e9rer \u00e0 l&rsquo;avertissement&hellip;\n","protected":false},"author":2,"featured_media":17400,"comment_status":"","ping_status":"","sticky":false,"template":"","format":"standard","meta":{"footnotes":""},"categories":[6],"tags":[400,398,408,35,405,33,34,1011,27,403,402,399,404,401,406,407],"class_list":{"0":"post-289297","1":"post","2":"type-post","3":"status-publish","4":"format-standard","5":"has-post-thumbnail","7":"category-economie","8":"tag-action-cac-40","9":"tag-bourse-de-paris","10":"tag-boursorama","11":"tag-business","12":"tag-cotations","13":"tag-economie","14":"tag-economy","15":"tag-fr","16":"tag-france","17":"tag-indices-devises","18":"tag-investir","19":"tag-investissement","20":"tag-marche-boursier","21":"tag-sicav","22":"tag-trackers","23":"tag-warrants"},"share_on_mastodon":{"url":"https:\/\/pubeurope.com\/@fr\/114954209349971899","error":""},"_links":{"self":[{"href":"https:\/\/www.europesays.com\/fr\/wp-json\/wp\/v2\/posts\/289297","targetHints":{"allow":["GET"]}}],"collection":[{"href":"https:\/\/www.europesays.com\/fr\/wp-json\/wp\/v2\/posts"}],"about":[{"href":"https:\/\/www.europesays.com\/fr\/wp-json\/wp\/v2\/types\/post"}],"author":[{"embeddable":true,"href":"https:\/\/www.europesays.com\/fr\/wp-json\/wp\/v2\/users\/2"}],"replies":[{"embeddable":true,"href":"https:\/\/www.europesays.com\/fr\/wp-json\/wp\/v2\/comments?post=289297"}],"version-history":[{"count":0,"href":"https:\/\/www.europesays.com\/fr\/wp-json\/wp\/v2\/posts\/289297\/revisions"}],"wp:featuredmedia":[{"embeddable":true,"href":"https:\/\/www.europesays.com\/fr\/wp-json\/wp\/v2\/media\/17400"}],"wp:attachment":[{"href":"https:\/\/www.europesays.com\/fr\/wp-json\/wp\/v2\/media?parent=289297"}],"wp:term":[{"taxonomy":"category","embeddable":true,"href":"https:\/\/www.europesays.com\/fr\/wp-json\/wp\/v2\/categories?post=289297"},{"taxonomy":"post_tag","embeddable":true,"href":"https:\/\/www.europesays.com\/fr\/wp-json\/wp\/v2\/tags?post=289297"}],"curies":[{"name":"wp","href":"https:\/\/api.w.org\/{rel}","templated":true}]}}