{"id":289298,"date":"2025-08-01T15:26:11","date_gmt":"2025-08-01T15:26:11","guid":{"rendered":"https:\/\/www.europesays.com\/fr\/289298\/"},"modified":"2025-08-01T15:26:11","modified_gmt":"2025-08-01T15:26:11","slug":"ladministration-trump-deploie-la-garde-nationale-dans-20-etats-pour-accelerer-sa-guerre-contre-limmigration","status":"publish","type":"post","link":"https:\/\/www.europesays.com\/fr\/289298\/","title":{"rendered":"L\u2019administration Trump d\u00e9ploie la Garde nationale dans 20 \u00c9tats pour acc\u00e9l\u00e9rer sa guerre contre l\u2019immigration"},"content":{"rendered":"<p>L\u2019<a href=\"https:\/\/www.humanite.fr\/monde\/donald-trump\/descentes-de-lice-un-senateur-democrate-expulse-manu-militari-dune-conference-de-presse-et-un-premier-revers-judiciaire-pour-donald-trump\" target=\"_blank\" rel=\"noopener\">agence de police douani\u00e8re et de contr\u00f4le des fronti\u00e8res (ICE)<\/a> lanc\u00e9e par l\u2019administration Trump est <a href=\"https:\/\/www.humanite.fr\/monde\/administration-trump\/nous-ne-laisserons-pas-une-ville-americaine-etre-conquise-par-des-ennemis-etrangers-donald-trump-et-le-parti-republicain-prets-pour-la-guerre-civile\" target=\"_blank\" rel=\"noopener\">l\u2019incarnation violente<\/a> de la r\u00e9pression d\u00e9clench\u00e9e depuis la r\u00e9\u00e9lection du R\u00e9publicain. De la multiplication des rapts dans la rue et des tribunaux \u00e0 la <a href=\"https:\/\/www.humanite.fr\/monde\/donald-trump\/en-deployant-la-garde-nationale-en-californie-donald-trump-tente-un-double-coup-de-force\" target=\"_blank\" rel=\"noopener\">bataille rang\u00e9e ayant embras\u00e9 Los Angeles<\/a>, le bras arm\u00e9 de la Maison Blanche est devenu le symbole de la politique raciste\u00a0et autoritaire men\u00e9e depuis pr\u00e8s de six mois.<\/p>\n<p>La militarisation des forces polici\u00e8res, comme de la lutte contre l\u2019immigration, s\u2019av\u00e8re cependant plus large que dans le seul cadre de l\u2019action de l\u2019ICE. L\u2019administration trumpiste a ainsi autoris\u00e9, selon une <a href=\"https:\/\/www.nytimes.com\/2025\/07\/30\/us\/politics\/trump-national-guard-ice.html\" target=\"_blank\" rel=\"noopener\">note d\u00e9voil\u00e9e par le New York Times<\/a> mercredi 30\u00a0juillet, le d\u00e9ploiement de la Garde nationale dans vingt \u00c9tats.<\/p>\n<p>Les \u00c9tats-Unis \u00e9voluent vers un pays militaire<\/p>\n<p>Les troupes devraient donc prendre pied dans l\u2019Arkansas, la Floride, la G\u00e9orgie, l\u2019Indiana, l\u2019Iowa, la Louisiane, le Nebraska, la Caroline du Sud, le Texas, l\u2019Utah et la Virginie, entre autres \u00c9tats, selon un responsable de la d\u00e9fense <a href=\"https:\/\/theintercept.com\/2025\/07\/31\/national-guard-ice-immigration-trump\/\" target=\"_blank\" rel=\"noopener\">interrog\u00e9 par le m\u00e9dia ind\u00e9pendant The Intercept<\/a>. Leur mission\u00a0: contr\u00f4ler les centres d\u2019immigrations. D\u2019un pays policier \u2013 dont la violence s\u2019incarne brutalement dans la mort de citoyens -, les \u00c9tats-Unis \u00e9voluent vers un pays militaire. Les forces arm\u00e9es sont impliqu\u00e9es dans des op\u00e9rations nationales.<\/p>\n<p>Surtout, ils sont charg\u00e9s de faire <a href=\"https:\/\/www.humanite.fr\/monde\/administration-trump\/je-ne-sais-pas-sil-est-vivant-au-texas-la-chasse-aux-migrants-de-donald-trump-seme-la-panique\" target=\"_blank\" rel=\"noopener\">r\u00e9gner la terreur<\/a> au sein d\u2019une population d\u00e9j\u00e0 victime de racisme, d\u2019une pauvret\u00e9 structurelle et constamment attaqu\u00e9e par les autorit\u00e9s. Les troupes de la Garde nationale seront charg\u00e9es d\u2019aider au \u00ab\u00a0traitement des \u00e9trangers\u00a0\u00bb \u2013 soit le <a href=\"https:\/\/www.humanite.fr\/monde\/etats-unis\/iceblock-lapplication-qui-alerte-en-temps-reel-de-la-presence-de-la-police-anti-immigration-de-donald-trump\" target=\"_blank\" rel=\"noopener\">travail administratif pr\u00e9c\u00e9dant la d\u00e9tention<\/a>. La direction de l\u2019ICE \u00ab\u00a0dirigera\u00a0\u00bb les soldats affect\u00e9s \u00e0 la mission. Cette derni\u00e8re doit d\u00e9buter en ao\u00fbt, selon la note r\u00e9v\u00e9l\u00e9e par le New York Times.<\/p>\n<p>Interrog\u00e9 par\u00a0The Intercept, le Pentagone a d\u00e9clar\u00e9 que ces troupes op\u00e9reront sous le statut dit \u00ab\u00a0Titre 32\u00a0\u00bb. Cela signifie que les troupes agiront sous un contr\u00f4le \u00e9tatique plut\u00f4t que f\u00e9d\u00e9ral. Un changement par rapport aux <a href=\"https:\/\/www.humanite.fr\/monde\/donald-trump\/manifestation-contre-lice-pourquoi-donald-trump-transforme-los-angeles-en-ligne-de-front\" target=\"_blank\" rel=\"noopener\">d\u00e9ploiements de l\u2019arm\u00e9e \u00e0 Los Angeles<\/a> pour mater les r\u00e9voltes et aux abords des fronti\u00e8res. L\u2019administration Trump s\u2019appuie ainsi sur une faille juridique int\u00e9gr\u00e9e au \u00ab\u00a0Titre 32\u00a0\u00bb. Cette derni\u00e8re permet \u00e0 la Garde nationale d\u2019exercer des fonctions de maintien de l\u2019ordre au niveau local \u00e0 condition qu\u2019elle ne soit pas d\u00e9p\u00each\u00e9e sous un statut f\u00e9d\u00e9ral\u2026 et ce, <a href=\"https:\/\/www.humanite.fr\/monde\/donald-trump\/ils-ne-sarreteront-pas-la-larrestation-de-quatorze-ouvriers-immigres-par-ladministration-trump-ravive-le-spectre-de-la-repression-syndicale\" target=\"_blank\" rel=\"noopener\">m\u00eame si elle accomplit une mission f\u00e9d\u00e9rale<\/a>.<\/p>\n<p>Au cours de ses <a href=\"https:\/\/www.humanite.fr\/monde\/donald-trump\/expulsions-de-familles-entieres-fin-du-droit-du-sol-centres-daccueil-a-linternational-donald-trump-detaille-son-programme-xenophobe-contre-limmigration\" target=\"_blank\" rel=\"noopener\">six premiers mois de mandat<\/a>, Donald Trump a officialis\u00e9 le d\u00e9ploiement de 20\u00a0000 soldats sur le sol national. Supervis\u00e9s \u00e0 un niveau f\u00e9d\u00e9ral, donc sous le contr\u00f4le direct de son administration, ces envois de forces arm\u00e9es ont concern\u00e9 des membres de la Garde nationale, de l\u2019arm\u00e9e de terre, de la marine, de l\u2019arm\u00e9e de l\u2019air et des Marines, selon les donn\u00e9es du Pentagone. Plus de 10\u00a0000 soldats ont notamment \u00e9t\u00e9 d\u00e9ploy\u00e9s rien qu\u2019\u00e0 la <a href=\"https:\/\/www.humanite.fr\/monde\/administration-trump\/la-justice-accorde-un-sursis-aux-immigres-latino-americains-vises-par-trump\" target=\"_blank\" rel=\"noopener\">fronti\u00e8re avec le Mexique<\/a>.<\/p>\n<p>Rassembl\u00e9s sous le nom de Force op\u00e9rationnelle interarm\u00e9es-fronti\u00e8re sud (FOI-SB), ces militaires y sont pr\u00e9sents depuis mars. \u00ab\u00a0Un tiers de la fronti\u00e8re am\u00e9ricaine est <a href=\"https:\/\/www.humanite.fr\/monde\/administration-trump\/ils-avaient-le-droit-de-savoir-ou-ils-allaient-comment-ladministration-trump-a-menti-puis-enferme-huit-immigres-dans-des-conteneurs-pour-les-expulser-vers-le\" target=\"_blank\" rel=\"noopener\">d\u00e9sormais enti\u00e8rement militaris\u00e9<\/a> en raison de la cr\u00e9ation de quatre nouvelles zones de d\u00e9fense nationale, ou NDA\u00a0: des extensions tentaculaires de bases militaires patrouill\u00e9es par des troupes qui peuvent d\u00e9tenir les immigrants jusqu\u2019\u00e0 ce qu\u2019ils puissent \u00eatre remis aux agents de la patrouille frontali\u00e8re\u00a0\u00bb, r\u00e9sume The Intercept.<\/p>\n<p>L\u2019envoi de la Garde nationale dans vingt \u00c9tats \u00ab\u00a0<a href=\"https:\/\/www.humanite.fr\/monde\/cour-supreme\/la-cour-supreme-des-etats-unis-approuve-lexpulsion-de-huit-migrants-vers-le-soudan-du-sud\" target=\"_blank\" rel=\"noopener\">soul\u00e8ve presque les m\u00eames inqui\u00e9tudes<\/a> que le recours aux troupes d\u2019active, et m\u00eame plus\u00a0\u00bb, estime Elizabeth Goitein, directrice principale du programme Libert\u00e9 et s\u00e9curit\u00e9 nationale du Centre Brennan. \u00ab\u00a0Il s\u2019agit d\u2019une nouvelle tentative de contourner la loi Posse Comitatus (qui date du XIXe\u00a0si\u00e8cle et sanctuarise la s\u00e9paration des pouvoirs, NDLR), qui interdit normalement \u00e0 l\u2019arm\u00e9e de participer \u00e0 des activit\u00e9s civiles de maintien de l\u2019ordre\u00a0\u00bb, ajoute-t-elle. Pas de quoi freiner Donald Trump, dont le projet autoritaire ne cesse de prendre forme au fil des semaines.<\/p>\n<p>Face \u00e0 l\u2019extr\u00eame droite, ne rien l\u00e2cher\u00a0!<\/p>\n<p>C\u2019est pied \u00e0 pied, argument contre argument qu\u2019il faut combattre l\u2019extr\u00eame droite. Et c\u2019est ce que nous faisons chaque jour dans l\u2019Humanit\u00e9.<\/p>\n<p>Face aux attaques incessantes des racistes et des porteurs de haine\u00a0: soutenez-nous\u00a0! Ensemble, faisons entendre une autre voix dans ce d\u00e9bat public toujours plus naus\u00e9abond.<br \/><a href=\"https:\/\/www.humanite.fr\/lhumanite-cest-vous\" target=\"_blank\" rel=\"noopener\">Je veux en savoir plus.<\/a><\/p>\n","protected":false},"excerpt":{"rendered":"L\u2019agence de police douani\u00e8re et de contr\u00f4le des fronti\u00e8res (ICE) lanc\u00e9e par l\u2019administration Trump est l\u2019incarnation violente de&hellip;\n","protected":false},"author":2,"featured_media":289299,"comment_status":"","ping_status":"","sticky":false,"template":"","format":"standard","meta":{"footnotes":""},"categories":[5],"tags":[11,941,75,1011,27,42826,1061,14,12,28],"class_list":{"0":"post-289298","1":"post","2":"type-post","3":"status-publish","4":"format-standard","5":"has-post-thumbnail","7":"category-international","8":"tag-actualites","9":"tag-administration-trump","10":"tag-donald-trump","11":"tag-fr","12":"tag-france","13":"tag-garde-nationale","14":"tag-immigration","15":"tag-international","16":"tag-news","17":"tag-world"},"share_on_mastodon":{"url":"https:\/\/pubeurope.com\/@fr\/114954212659072209","error":""},"_links":{"self":[{"href":"https:\/\/www.europesays.com\/fr\/wp-json\/wp\/v2\/posts\/289298","targetHints":{"allow":["GET"]}}],"collection":[{"href":"https:\/\/www.europesays.com\/fr\/wp-json\/wp\/v2\/posts"}],"about":[{"href":"https:\/\/www.europesays.com\/fr\/wp-json\/wp\/v2\/types\/post"}],"author":[{"embeddable":true,"href":"https:\/\/www.europesays.com\/fr\/wp-json\/wp\/v2\/users\/2"}],"replies":[{"embeddable":true,"href":"https:\/\/www.europesays.com\/fr\/wp-json\/wp\/v2\/comments?post=289298"}],"version-history":[{"count":0,"href":"https:\/\/www.europesays.com\/fr\/wp-json\/wp\/v2\/posts\/289298\/revisions"}],"wp:featuredmedia":[{"embeddable":true,"href":"https:\/\/www.europesays.com\/fr\/wp-json\/wp\/v2\/media\/289299"}],"wp:attachment":[{"href":"https:\/\/www.europesays.com\/fr\/wp-json\/wp\/v2\/media?parent=289298"}],"wp:term":[{"taxonomy":"category","embeddable":true,"href":"https:\/\/www.europesays.com\/fr\/wp-json\/wp\/v2\/categories?post=289298"},{"taxonomy":"post_tag","embeddable":true,"href":"https:\/\/www.europesays.com\/fr\/wp-json\/wp\/v2\/tags?post=289298"}],"curies":[{"name":"wp","href":"https:\/\/api.w.org\/{rel}","templated":true}]}}