{"id":289303,"date":"2025-08-01T15:29:10","date_gmt":"2025-08-01T15:29:10","guid":{"rendered":"https:\/\/www.europesays.com\/fr\/289303\/"},"modified":"2025-08-01T15:29:10","modified_gmt":"2025-08-01T15:29:10","slug":"la-ricamarie-sans-permis-et-positif-aux-stupefiants-il-est-arrete-au-volant-dune-voiture","status":"publish","type":"post","link":"https:\/\/www.europesays.com\/fr\/289303\/","title":{"rendered":"La Ricamarie. Sans permis et positif aux stup\u00e9fiants, il est arr\u00eat\u00e9 au volant d\u2019une voiture"},"content":{"rendered":"<p>Ce mercredi 30\u00a0juillet, du c\u00f4t\u00e9 de la B\u00e9raudi\u00e8re, \u00e0 La Ricamarie, des hommes de la BST (Brigade sp\u00e9cialis\u00e9e de terrain) effectuent une patrouille. Aux alentours de 17 heures, non loin du McDo, ils rep\u00e8rent une Peugeot 2008 avec deux personnes \u00e0 l\u2019avant dont un homme, au volant, d\u00e9j\u00e0 connu de leur service et d\u00e9j\u00e0 appr\u00e9hend\u00e9 car il conduisait sans permis\u2026<\/p>\n<p>Les fonctionnaires de police laissent le v\u00e9hicule entrer dans la partie drive du fast-food avec l\u2019objectif de le cueillir \u00e0 la sortie. Mais l\u2019homme, qui rep\u00e8re les policiers, tente une man\u0153uvre\u00a0: il se jette \u00e0 l\u2019arri\u00e8re du v\u00e9hicule et le passager se glisse derri\u00e8re le volant.<\/p>\n<p>Le syst\u00e8me de vid\u00e9osurveillance d\u00e9montrera qu\u2019il \u00e9tait au volant<\/p>\n<p>Appr\u00e9hend\u00e9 \u00e0 la sortie, l\u2019homme nie donc avoir conduit le v\u00e9hicule. Mais le syst\u00e8me de vid\u00e9osurveillance du fast-food d\u00e9montrera qu\u2019il \u00e9tait bien au volant en arrivant au drive. Il est donc interpell\u00e9 pour conduite sans permis mais \u00e9galement pour conduite sous stup\u00e9fiant, le test salivaire s\u2019\u00e9tant r\u00e9v\u00e9l\u00e9 positif.<\/p>\n<p>Le jeune homme de 21 ans, originaire de La Ricamarie, a \u00e9t\u00e9 pr\u00e9sent\u00e9 au magistrat ce vendredi 1er ao\u00fbt, en vue d\u2019une comparution sur reconnaissance pr\u00e9alable de culpabilit\u00e9.<\/p>\n","protected":false},"excerpt":{"rendered":"Ce mercredi 30\u00a0juillet, du c\u00f4t\u00e9 de la B\u00e9raudi\u00e8re, \u00e0 La Ricamarie, des hommes de la BST (Brigade sp\u00e9cialis\u00e9e&hellip;\n","protected":false},"author":2,"featured_media":289304,"comment_status":"","ping_status":"","sticky":false,"template":"","format":"standard","meta":{"footnotes":""},"categories":[9653],"tags":[1111,11,2430,271,272,7539,1777,674,274,1011,27,11324,11325,3367,12,25,4001],"class_list":{"0":"post-289303","1":"post","2":"type-post","3":"status-publish","4":"format-standard","5":"has-post-thumbnail","7":"category-saint-etienne","8":"tag-actu","9":"tag-actualites","10":"tag-auvergne-rhone-alpes","11":"tag-crime","12":"tag-delit-et-contravention","13":"tag-edition-loire-sud","14":"tag-eu","15":"tag-europe","16":"tag-faits-divers-justice","17":"tag-fr","18":"tag-france","19":"tag-la-ricamarie","20":"tag-la-ricamarie-ville","21":"tag-loire","22":"tag-news","23":"tag-republique-francaise","24":"tag-saint-etienne"},"share_on_mastodon":{"url":"https:\/\/pubeurope.com\/@fr\/114954224527581028","error":""},"_links":{"self":[{"href":"https:\/\/www.europesays.com\/fr\/wp-json\/wp\/v2\/posts\/289303","targetHints":{"allow":["GET"]}}],"collection":[{"href":"https:\/\/www.europesays.com\/fr\/wp-json\/wp\/v2\/posts"}],"about":[{"href":"https:\/\/www.europesays.com\/fr\/wp-json\/wp\/v2\/types\/post"}],"author":[{"embeddable":true,"href":"https:\/\/www.europesays.com\/fr\/wp-json\/wp\/v2\/users\/2"}],"replies":[{"embeddable":true,"href":"https:\/\/www.europesays.com\/fr\/wp-json\/wp\/v2\/comments?post=289303"}],"version-history":[{"count":0,"href":"https:\/\/www.europesays.com\/fr\/wp-json\/wp\/v2\/posts\/289303\/revisions"}],"wp:featuredmedia":[{"embeddable":true,"href":"https:\/\/www.europesays.com\/fr\/wp-json\/wp\/v2\/media\/289304"}],"wp:attachment":[{"href":"https:\/\/www.europesays.com\/fr\/wp-json\/wp\/v2\/media?parent=289303"}],"wp:term":[{"taxonomy":"category","embeddable":true,"href":"https:\/\/www.europesays.com\/fr\/wp-json\/wp\/v2\/categories?post=289303"},{"taxonomy":"post_tag","embeddable":true,"href":"https:\/\/www.europesays.com\/fr\/wp-json\/wp\/v2\/tags?post=289303"}],"curies":[{"name":"wp","href":"https:\/\/api.w.org\/{rel}","templated":true}]}}