{"id":289307,"date":"2025-08-01T15:31:23","date_gmt":"2025-08-01T15:31:23","guid":{"rendered":"https:\/\/www.europesays.com\/fr\/289307\/"},"modified":"2025-08-01T15:31:23","modified_gmt":"2025-08-01T15:31:23","slug":"concerts-dete-avec-le-groupe-50cats","status":"publish","type":"post","link":"https:\/\/www.europesays.com\/fr\/289307\/","title":{"rendered":"Concerts d\u2019\u00e9t\u00e9 avec le groupe 50\u2019Cats"},"content":{"rendered":"<p>Les quatre gaillards exp\u00e9riment\u00e9s qui forment le groupe 50\u2019Cats se produiront sur la sc\u00e8ne install\u00e9e au parc Richard-Pouille. Le groupe revisite de fa\u00e7on muscl\u00e9e le r\u00e9pertoire des pionniers du rock et du rockabilly (Gene Vincent, Eddie Cochran, Bill Haley, Elvis Presley\u2026).<\/p>\n<p class=\"note\">Dimanche 3\u00a0ao\u00fbt, \u00e0 16\u00a0h, au parc Richard-Pouille, rue Gabriel-P\u00e9ri, \u00e0 Vandoeuvre. Gratuit.<\/p>\n","protected":false},"excerpt":{"rendered":"Les quatre gaillards exp\u00e9riment\u00e9s qui forment le groupe 50\u2019Cats se produiront sur la sc\u00e8ne install\u00e9e au parc Richard-Pouille.&hellip;\n","protected":false},"author":2,"featured_media":289308,"comment_status":"","ping_status":"","sticky":false,"template":"","format":"standard","meta":{"footnotes":""},"categories":[9635],"tags":[1111,11,1687,1704,1777,674,1011,27,775,6364,873,1702,12,25,5711],"class_list":{"0":"post-289307","1":"post","2":"type-post","3":"status-publish","4":"format-standard","5":"has-post-thumbnail","7":"category-nancy","8":"tag-actu","9":"tag-actualites","10":"tag-culture-loisirs","11":"tag-edition-nancy-et-agglomeration","12":"tag-eu","13":"tag-europe","14":"tag-fr","15":"tag-france","16":"tag-grand-est","17":"tag-metropole-du-grand-nancy-54b1","18":"tag-musique","19":"tag-nancy","20":"tag-news","21":"tag-republique-francaise","22":"tag-vandoeuvre-les-nancy"},"share_on_mastodon":{"url":"https:\/\/pubeurope.com\/@fr\/114954232429645250","error":""},"_links":{"self":[{"href":"https:\/\/www.europesays.com\/fr\/wp-json\/wp\/v2\/posts\/289307","targetHints":{"allow":["GET"]}}],"collection":[{"href":"https:\/\/www.europesays.com\/fr\/wp-json\/wp\/v2\/posts"}],"about":[{"href":"https:\/\/www.europesays.com\/fr\/wp-json\/wp\/v2\/types\/post"}],"author":[{"embeddable":true,"href":"https:\/\/www.europesays.com\/fr\/wp-json\/wp\/v2\/users\/2"}],"replies":[{"embeddable":true,"href":"https:\/\/www.europesays.com\/fr\/wp-json\/wp\/v2\/comments?post=289307"}],"version-history":[{"count":0,"href":"https:\/\/www.europesays.com\/fr\/wp-json\/wp\/v2\/posts\/289307\/revisions"}],"wp:featuredmedia":[{"embeddable":true,"href":"https:\/\/www.europesays.com\/fr\/wp-json\/wp\/v2\/media\/289308"}],"wp:attachment":[{"href":"https:\/\/www.europesays.com\/fr\/wp-json\/wp\/v2\/media?parent=289307"}],"wp:term":[{"taxonomy":"category","embeddable":true,"href":"https:\/\/www.europesays.com\/fr\/wp-json\/wp\/v2\/categories?post=289307"},{"taxonomy":"post_tag","embeddable":true,"href":"https:\/\/www.europesays.com\/fr\/wp-json\/wp\/v2\/tags?post=289307"}],"curies":[{"name":"wp","href":"https:\/\/api.w.org\/{rel}","templated":true}]}}