{"id":28931,"date":"2025-04-16T09:32:31","date_gmt":"2025-04-16T09:32:31","guid":{"rendered":"https:\/\/www.europesays.com\/fr\/28931\/"},"modified":"2025-04-16T09:32:31","modified_gmt":"2025-04-16T09:32:31","slug":"un-des-competiteurs-de-lassociation-sportive-speedbadminton-gouesnou-monte-sur-le-podium-a-rennes","status":"publish","type":"post","link":"https:\/\/www.europesays.com\/fr\/28931\/","title":{"rendered":"Un des comp\u00e9titeurs de l\u2019Association sportive speedbadminton Gouesnou monte sur le podium \u00e0 Rennes"},"content":{"rendered":"<p>L\u2019Association sportive speedbadminton Gouesnou s\u2019est d\u00e9plac\u00e9e le week-end dernier avec huit comp\u00e9titeurs, dont trois femmes, au tournoi de crossminton (l\u2019autre nom d u speedbadminton) \u00e0 Rennes\u00a0(35), qui rassemblait plus de 50\u00a0engag\u00e9s. Mais seuls Juan Mengual, en open, et \u00c9ric Tanca sont sortis des poules de qualification. Ce dernier s\u2019est inclin\u00e9 en demi-finale contre le futur vainqueur, le Nantais Laurent Bufarul, ce qui lui a valu de monter sur le podium. Par ailleurs, le tournoi open a \u00e9t\u00e9 remport\u00e9 par Nad\u00e8ge Plubel (Bergerac) chez les femmes et Damien Guillemeau (Rennes) chez les hommes.<\/p>\n","protected":false},"excerpt":{"rendered":"L\u2019Association sportive speedbadminton Gouesnou s\u2019est d\u00e9plac\u00e9e le week-end dernier avec huit comp\u00e9titeurs, dont trois femmes, au tournoi de&hellip;\n","protected":false},"author":2,"featured_media":28932,"comment_status":"","ping_status":"","sticky":false,"template":"","format":"standard","meta":{"footnotes":""},"categories":[2821],"tags":[1111,11,829,1777,674,1011,27,10151,12,584,25],"class_list":{"0":"post-28931","1":"post","2":"type-post","3":"status-publish","4":"format-standard","5":"has-post-thumbnail","7":"category-rennes","8":"tag-actu","9":"tag-actualites","10":"tag-bretagne","11":"tag-eu","12":"tag-europe","13":"tag-fr","14":"tag-france","15":"tag-gouesnou","16":"tag-news","17":"tag-rennes","18":"tag-republique-francaise"},"share_on_mastodon":{"url":"https:\/\/pubeurope.com\/@fr\/114346953474366743","error":""},"_links":{"self":[{"href":"https:\/\/www.europesays.com\/fr\/wp-json\/wp\/v2\/posts\/28931","targetHints":{"allow":["GET"]}}],"collection":[{"href":"https:\/\/www.europesays.com\/fr\/wp-json\/wp\/v2\/posts"}],"about":[{"href":"https:\/\/www.europesays.com\/fr\/wp-json\/wp\/v2\/types\/post"}],"author":[{"embeddable":true,"href":"https:\/\/www.europesays.com\/fr\/wp-json\/wp\/v2\/users\/2"}],"replies":[{"embeddable":true,"href":"https:\/\/www.europesays.com\/fr\/wp-json\/wp\/v2\/comments?post=28931"}],"version-history":[{"count":0,"href":"https:\/\/www.europesays.com\/fr\/wp-json\/wp\/v2\/posts\/28931\/revisions"}],"wp:featuredmedia":[{"embeddable":true,"href":"https:\/\/www.europesays.com\/fr\/wp-json\/wp\/v2\/media\/28932"}],"wp:attachment":[{"href":"https:\/\/www.europesays.com\/fr\/wp-json\/wp\/v2\/media?parent=28931"}],"wp:term":[{"taxonomy":"category","embeddable":true,"href":"https:\/\/www.europesays.com\/fr\/wp-json\/wp\/v2\/categories?post=28931"},{"taxonomy":"post_tag","embeddable":true,"href":"https:\/\/www.europesays.com\/fr\/wp-json\/wp\/v2\/tags?post=28931"}],"curies":[{"name":"wp","href":"https:\/\/api.w.org\/{rel}","templated":true}]}}