{"id":289318,"date":"2025-08-01T15:39:14","date_gmt":"2025-08-01T15:39:14","guid":{"rendered":"https:\/\/www.europesays.com\/fr\/289318\/"},"modified":"2025-08-01T15:39:14","modified_gmt":"2025-08-01T15:39:14","slug":"votre-soiree-privee-cirque-pinder-ici-normandie-a-rouen","status":"publish","type":"post","link":"https:\/\/www.europesays.com\/fr\/289318\/","title":{"rendered":"Votre soir\u00e9e priv\u00e9e Cirque PINDER \/ ICI Normandie \u00e0 Rouen"},"content":{"rendered":"<p>Le Cirque PINDER vient chez vous avec ICI Normandie au Havre et \u00e0 Rouen en Seine-Maritime.<\/p>\n<p><strong>A cette occasion<\/strong> gagnez vos PASS Famille au Havre dans les jeux ICI Normandie et vos invitations gratuites \u00e0 la soir\u00e9e priv\u00e9e r\u00e9serv\u00e9e aux auditeurs de votre radio le\u00a0<strong>mercredi 10 septembre \u00e0 19h30<\/strong> en\u00a0<a target=\"_blank\" rel=\"nofollow noopener noreferrer\" class=\"IciLink ici-link IciArticleLink g-ici-body-regular-1 underline brand svelte-lu7k6w\" href=\"https:\/\/my.weezevent.com\/ici-normandie-pinder\">cliquant ICI<\/a>\u00a0pour que la l\u00e9gende continue\u00a0!<\/p>\n<p><img loading=\"lazy\" decoding=\"async\" class=\"VisualPreview svelte-1rldrkz\" src=\"data:image\/jpeg;base64,\/9j\/2wBDACgcHiMeGSgjISMtKygwPGRBPDc3PHtYXUlkkYCZlo+AjIqgtObDoKrarYqMyP\/L2u71\/\/\/\/m8H\/\/\/\/6\/+b9\/\/j\/2wBDASstLTw1PHZBQXb4pYyl+Pj4+Pj4+Pj4+Pj4+Pj4+Pj4+Pj4+Pj4+Pj4+Pj4+Pj4+Pj4+Pj4+Pj4+Pj4+Pj4+Pj\/wAARCAAaACoDASIAAhEBAxEB\/8QAGAABAQEBAQAAAAAAAAAAAAAAAgEDAAX\/xAAXEAEBAQEAAAAAAAAAAAAAAAAAAQIR\/8QAFQEBAQAAAAAAAAAAAAAAAAAAAAH\/xAAUEQEAAAAAAAAAAAAAAAAAAAAA\/9oADAMBAAIRAxEAPwDzsnKylOUU6z0vRtVGdE6IFKUoKil1LXICVFcD\/9k=\" alt=\"Un chapiteau de 1600 places\" width=\"600\" height=\"377\"\/>  Un chapiteau de 1600 places  &#8211; Francois DEHURTEVENT<\/p>\n<p>Et d\u00e9couvrez <strong>l&rsquo;incroyable spectacle 2025<\/strong> du Cirque PINDER\u00a0!<\/p>\n<p><img loading=\"lazy\" decoding=\"async\" class=\"VisualPreview svelte-1rldrkz\" src=\"data:image\/jpeg;base64,\/9j\/2wBDACgcHiMeGSgjISMtKygwPGRBPDc3PHtYXUlkkYCZlo+AjIqgtObDoKrarYqMyP\/L2u71\/\/\/\/m8H\/\/\/\/6\/+b9\/\/j\/2wBDASstLTw1PHZBQXb4pYyl+Pj4+Pj4+Pj4+Pj4+Pj4+Pj4+Pj4+Pj4+Pj4+Pj4+Pj4+Pj4+Pj4+Pj4+Pj4+Pj4+Pj\/wAARCAAbACoDASIAAhEBAxEB\/8QAGAAAAwEBAAAAAAAAAAAAAAAAAQIDAAX\/xAAYEAEBAQEBAAAAAAAAAAAAAAAAEgERAv\/EABcBAAMBAAAAAAAAAAAAAAAAAAABAgP\/xAAWEQEBAQAAAAAAAAAAAAAAAAAAEQH\/2gAMAwEAAhEDEQA\/AOaJpHizzCsbgyFQnA4pISExWGlXcAm0Tkc8nHAcJDQrg8NMf\/\/Z\" alt=\"Clowns Les Saly's\" width=\"600\" height=\"399\"\/>  Clowns Les Saly&rsquo;s  <\/p>\n<p>Rendez-vous <strong>du 28 au 31 ao\u00fbt<\/strong> Champ de Foire <strong>au Havre<\/strong>.<\/p>\n<p><img loading=\"lazy\" decoding=\"async\" class=\"VisualPreview svelte-1rldrkz\" src=\"data:image\/jpeg;base64,\/9j\/2wBDACgcHiMeGSgjISMtKygwPGRBPDc3PHtYXUlkkYCZlo+AjIqgtObDoKrarYqMyP\/L2u71\/\/\/\/m8H\/\/\/\/6\/+b9\/\/j\/2wBDASstLTw1PHZBQXb4pYyl+Pj4+Pj4+Pj4+Pj4+Pj4+Pj4+Pj4+Pj4+Pj4+Pj4+Pj4+Pj4+Pj4+Pj4+Pj4+Pj4+Pj\/wAARCAAbACoDASIAAhEBAxEB\/8QAGQABAQEBAQEAAAAAAAAAAAAAAgMBAAQF\/8QAGBABAQEBAQAAAAAAAAAAAAAAAAECEhH\/xAAXAQEBAQEAAAAAAAAAAAAAAAABAAIE\/8QAFhEBAQEAAAAAAAAAAAAAAAAAABIR\/9oADAMBAAIRAxEAPwD5syUycycy01KXLrlfhlyhLzXLOV7keQZWmVJlkOB0S7wbFBq1SlcjypRQl\/\/Z\" alt=\"Flying Zuniga Trap\u00e8ze Volant\" width=\"600\" height=\"399\"\/>  Flying Zuniga Trap\u00e8ze Volant  <\/p>\n<p>Et <strong>du 5 au 14 septembre<\/strong> Esplanade Saint-Gervais <strong>\u00e0 Rouen<\/strong>.<\/p>\n","protected":false},"excerpt":{"rendered":"Le Cirque PINDER vient chez vous avec ICI Normandie au Havre et \u00e0 Rouen en Seine-Maritime. A cette&hellip;\n","protected":false},"author":2,"featured_media":289319,"comment_status":"","ping_status":"","sticky":false,"template":"","format":"standard","meta":{"footnotes":""},"categories":[9587],"tags":[1111,11,1777,674,1011,27,12,5161,25,9590],"class_list":{"0":"post-289318","1":"post","2":"type-post","3":"status-publish","4":"format-standard","5":"has-post-thumbnail","7":"category-rouen","8":"tag-actu","9":"tag-actualites","10":"tag-eu","11":"tag-europe","12":"tag-fr","13":"tag-france","14":"tag-news","15":"tag-normandie","16":"tag-republique-francaise","17":"tag-rouen"},"share_on_mastodon":{"url":"https:\/\/pubeurope.com\/@fr\/114954263907171060","error":""},"_links":{"self":[{"href":"https:\/\/www.europesays.com\/fr\/wp-json\/wp\/v2\/posts\/289318","targetHints":{"allow":["GET"]}}],"collection":[{"href":"https:\/\/www.europesays.com\/fr\/wp-json\/wp\/v2\/posts"}],"about":[{"href":"https:\/\/www.europesays.com\/fr\/wp-json\/wp\/v2\/types\/post"}],"author":[{"embeddable":true,"href":"https:\/\/www.europesays.com\/fr\/wp-json\/wp\/v2\/users\/2"}],"replies":[{"embeddable":true,"href":"https:\/\/www.europesays.com\/fr\/wp-json\/wp\/v2\/comments?post=289318"}],"version-history":[{"count":0,"href":"https:\/\/www.europesays.com\/fr\/wp-json\/wp\/v2\/posts\/289318\/revisions"}],"wp:featuredmedia":[{"embeddable":true,"href":"https:\/\/www.europesays.com\/fr\/wp-json\/wp\/v2\/media\/289319"}],"wp:attachment":[{"href":"https:\/\/www.europesays.com\/fr\/wp-json\/wp\/v2\/media?parent=289318"}],"wp:term":[{"taxonomy":"category","embeddable":true,"href":"https:\/\/www.europesays.com\/fr\/wp-json\/wp\/v2\/categories?post=289318"},{"taxonomy":"post_tag","embeddable":true,"href":"https:\/\/www.europesays.com\/fr\/wp-json\/wp\/v2\/tags?post=289318"}],"curies":[{"name":"wp","href":"https:\/\/api.w.org\/{rel}","templated":true}]}}