{"id":289320,"date":"2025-08-01T15:40:15","date_gmt":"2025-08-01T15:40:15","guid":{"rendered":"https:\/\/www.europesays.com\/fr\/289320\/"},"modified":"2025-08-01T15:40:15","modified_gmt":"2025-08-01T15:40:15","slug":"le-smmag-teste-lapplication-fairtiq-pour-des-voyages-post-payes","status":"publish","type":"post","link":"https:\/\/www.europesays.com\/fr\/289320\/","title":{"rendered":"Le Smmag teste l&rsquo;application Fairtiq pour des voyages post-pay\u00e9s"},"content":{"rendered":"<p>Depuis le mois de mai 2025, une cen\u00adtaine d\u2019usagers du <a href=\"https:\/\/www.placegrenet.fr\/2024\/09\/01\/la-tag-et-tougo-deviennent-officiellement-m-reso-a-compter-du-lundi-2-septembre-2024\/634834\" target=\"_blank\" rel=\"noopener\">r\u00e9seau M R\u00e9so<\/a>\u00a0cou\u00advrant l\u2019agglom\u00e9ration gre\u00adno\u00adbloise, le Gr\u00e9sivaudan et le Pays voi\u00adron\u00adnais exp\u00e9\u00adri\u00admentent une nou\u00advelle mani\u00e8re de voya\u00adger gr\u00e2ce \u00e0 l\u2019<a href=\"https:\/\/fairtiq.com\/fr\/\" target=\"_blank\" rel=\"noopener\">appli\u00adca\u00adtion mobile suisse Fairtiq<\/a>. Cette solu\u00adtion d\u00e9ma\u00adt\u00e9\u00adria\u00adli\u00ads\u00e9e, tes\u00adt\u00e9e \u00e0 l\u2019initiative du Syndicat mixte des mobi\u00adli\u00adt\u00e9s de l\u2019aire gre\u00adno\u00adbloise (<a href=\"https:\/\/smmag.fr\/\" target=\"_blank\" rel=\"noopener\">Smmag<\/a>), per\u00admet de prendre les trans\u00adports en com\u00admun sans avoir \u00e0 ache\u00adter un billet \u00e0 l\u2019avance.<\/p>\n<p>L\u2019application repose sur un mod\u00e8le dit post-pay\u00e9 uti\u00adlis\u00e9 par plus de 50 r\u00e9seaux de trans\u00adports en Europe. Ainsi voya\u00adger devient-il un jeu d\u2019enfant\u00a0: il suf\u00adfit d\u2019activer son billet, en un glis\u00adse\u00adment de doigt avant de mon\u00adter \u00e0 bord, et de le d\u00e9sac\u00adti\u00adver \u00e0 la des\u00adcente. Le tarif le plus avan\u00adta\u00adgeux est ensuite cal\u00adcul\u00e9 auto\u00adma\u00adti\u00adque\u00adment, sans que l\u2019usager ait \u00e0 se sou\u00adcier des zones ou titres \u00e0 choi\u00adsir. En cas d\u2019oubli, l\u2019application envoie une noti\u00adfi\u00adca\u00adtion ou cl\u00f4t auto\u00adma\u00adti\u00adque\u00adment le voyage.<\/p>\n<p><a href=\"https:\/\/www.europesays.com\/fr\/wp-content\/uploads\/2025\/08\/ApplicationFairtiq.jpg\"><img fetchpriority=\"high\" decoding=\"async\" aria-describedby=\"caption-attachment-657104\" class=\"wp-image-657104 size-full\" src=\"data:image\/svg+xml,%3Csvg%20xmlns=\" http:=\"\" alt=\"L'application Fairtiq. \u00a9 Fairtiq\" width=\"1000\" height=\"710\" data-lazy- data-lazy- data-lazy-src=\"https:\/\/www.europesays.com\/fr\/wp-content\/uploads\/2025\/08\/ApplicationFairtiq.jpg\"\/><\/a><\/p>\n<p id=\"caption-attachment-657104\" class=\"wp-caption-text\">L\u2019application Fairtiq. \u00a9 Fairtiq<\/p>\n<p>L\u2019application mobile Fairtiq\u00a0? \u00ab\u00a0Le billet de trans\u00adport public le plus simple au monde\u00a0\u00bb, vante sur son site la firme suisse, lea\u00adder mon\u00addial de la billet\u00adte\u00adrie post-pay\u00e9e sur mobile. D\u00e9j\u00e0 \u00e9prou\u00adv\u00e9e en r\u00e9gions Occitanie (sur les r\u00e9seaux liO Train et liO Car) et Normandie (dans le cadre d\u2019un pro\u00adjet de billet\u00adte\u00adrie uni\u00adfi\u00e9e), \u00ab\u00a0la solu\u00adtion s\u00e9duit par sa sim\u00adpli\u00adcit\u00e9 d\u2019usage et sa capa\u00adcit\u00e9 \u00e0 encou\u00adra\u00adger les pra\u00adtiques mul\u00adti\u00admo\u00addales\u00a0\u00bb, veut app\u00e2\u00adter le Smmag qui milite pour un chan\u00adge\u00adment de com\u00adpor\u00adte\u00adment des usagers.<\/p>\n<p data-start=\"1198\" data-end=\"1504\">Cette exp\u00e9\u00adri\u00admen\u00adta\u00adtion vise \u00e0 tes\u00adter des outils en phase avec les nou\u00adveaux usages, tout en pr\u00e9\u00adpa\u00adrant une mobi\u00adlit\u00e9 plus fluide et inci\u00adta\u00adtive, indique l\u2019au\u00adto\u00adrit\u00e9 orga\u00adni\u00adsa\u00adtrice des trans\u00adports. \u00ab\u00a0Anticiper les besoins futurs passe par l\u2019exp\u00e9rimentation de solu\u00adtions inno\u00advantes. Fairtiq s\u2019inscrit dans cette d\u00e9marche\u00a0\u00bb, assure ainsi Sylvain Laval, son pr\u00e9sident.<\/p>\n<p data-start=\"1198\" data-end=\"1504\">Aussi l\u2019exp\u00e9rimentation gre\u00adno\u00adbloise pour\u00adrait-elle ouvrir la voie \u00ab\u00a0\u00e0 un d\u00e9ploie\u00adment plus large, contri\u00adbuant \u00e0 l\u2019objectif d\u2019un sys\u00adt\u00e8me tari\u00adfaire plus simple, plus juste et plus attrac\u00adtif pour les ter\u00adri\u00adtoires\u00a0\u00bb, se prend \u00e0 esp\u00e9\u00adrer le Smmag. Ce der\u00adnier signale par ailleurs qu\u2019il est encore temps de par\u00adti\u00adci\u00adper \u00e0 l\u2019ex\u00adp\u00e9\u00adri\u00admen\u00adta\u00adtion. Il suf\u00adfit pour les non-abon\u00adn\u00e9s de rejoindre le dis\u00adpo\u00adsi\u00adtif en ligne sur <a href=\"https:\/\/www.mobilites-m.fr\/test-fairtiq\" target=\"_blank\" rel=\"noopener\">le site inter\u00adnet d\u00e9di\u00e9 aux mobi\u00adli\u00adt\u00e9s<\/a>.<\/p>\n","protected":false},"excerpt":{"rendered":"Depuis le mois de mai 2025, une cen\u00adtaine d\u2019usagers du r\u00e9seau M R\u00e9so\u00a0cou\u00advrant l\u2019agglom\u00e9ration gre\u00adno\u00adbloise, le Gr\u00e9sivaudan et&hellip;\n","protected":false},"author":2,"featured_media":289321,"comment_status":"","ping_status":"","sticky":false,"template":"","format":"standard","meta":{"footnotes":""},"categories":[9566],"tags":[1111,11,2430,1777,674,1011,27,2731,12,25],"class_list":{"0":"post-289320","1":"post","2":"type-post","3":"status-publish","4":"format-standard","5":"has-post-thumbnail","7":"category-grenoble","8":"tag-actu","9":"tag-actualites","10":"tag-auvergne-rhone-alpes","11":"tag-eu","12":"tag-europe","13":"tag-fr","14":"tag-france","15":"tag-grenoble","16":"tag-news","17":"tag-republique-francaise"},"share_on_mastodon":{"url":"https:\/\/pubeurope.com\/@fr\/114954267781132464","error":""},"_links":{"self":[{"href":"https:\/\/www.europesays.com\/fr\/wp-json\/wp\/v2\/posts\/289320","targetHints":{"allow":["GET"]}}],"collection":[{"href":"https:\/\/www.europesays.com\/fr\/wp-json\/wp\/v2\/posts"}],"about":[{"href":"https:\/\/www.europesays.com\/fr\/wp-json\/wp\/v2\/types\/post"}],"author":[{"embeddable":true,"href":"https:\/\/www.europesays.com\/fr\/wp-json\/wp\/v2\/users\/2"}],"replies":[{"embeddable":true,"href":"https:\/\/www.europesays.com\/fr\/wp-json\/wp\/v2\/comments?post=289320"}],"version-history":[{"count":0,"href":"https:\/\/www.europesays.com\/fr\/wp-json\/wp\/v2\/posts\/289320\/revisions"}],"wp:featuredmedia":[{"embeddable":true,"href":"https:\/\/www.europesays.com\/fr\/wp-json\/wp\/v2\/media\/289321"}],"wp:attachment":[{"href":"https:\/\/www.europesays.com\/fr\/wp-json\/wp\/v2\/media?parent=289320"}],"wp:term":[{"taxonomy":"category","embeddable":true,"href":"https:\/\/www.europesays.com\/fr\/wp-json\/wp\/v2\/categories?post=289320"},{"taxonomy":"post_tag","embeddable":true,"href":"https:\/\/www.europesays.com\/fr\/wp-json\/wp\/v2\/tags?post=289320"}],"curies":[{"name":"wp","href":"https:\/\/api.w.org\/{rel}","templated":true}]}}