{"id":289324,"date":"2025-08-01T15:42:10","date_gmt":"2025-08-01T15:42:10","guid":{"rendered":"https:\/\/www.europesays.com\/fr\/289324\/"},"modified":"2025-08-01T15:42:10","modified_gmt":"2025-08-01T15:42:10","slug":"en-labsence-de-pluie-annoncee-lille-et-vilaine-reste-en-alerte-secheresse-les-restrictions-maintenues","status":"publish","type":"post","link":"https:\/\/www.europesays.com\/fr\/289324\/","title":{"rendered":"\u00ab\u00a0En l&rsquo;absence de pluie annonc\u00e9e\u00a0\u00bb, l&rsquo;Ille-et-Vilaine reste en alerte s\u00e9cheresse : les restrictions maintenues"},"content":{"rendered":"<p>            Par<br \/>\n        <strong><br \/>\n            <a href=\"https:\/\/actu.fr\/auteur\/clemence-pays02-actu-fr\" title=\"Consulter tous les articles de Cl\u00e9mence Pays\" target=\"_blank\" rel=\"noopener\">Cl\u00e9mence Pays<\/a><br \/>\n        <\/strong><\/p>\n<p>        Publi\u00e9 le<\/p>\n<p>            1 ao\u00fbt 2025 \u00e0 17h34        <\/p>\n<p>La situation ne s\u2019am\u00e9liore pas. Vendredi 1er\u00a0ao\u00fbt 2025, la pr\u00e9fecture\u00a0a annonc\u00e9 <strong>le maintien du classement de l\u2019Ille-et-Vilaine en alerte s\u00e9cheresse.<\/strong> <a href=\"https:\/\/actu.fr\/bretagne\/saint-malo_35288\/lille-et-vilaine-placee-en-alerte-secheresse-des-restrictions-et-interdictions-annoncees_62904616.html\" target=\"_blank\" rel=\"noopener\">Ce niveau avait \u00e9t\u00e9 d\u00e9clench\u00e9 le 11\u00a0juillet<\/a> et se prolonge donc jusqu\u2019\u00e0 nouvel ordre.<\/p>\n<p class=\" wall-content\">La d\u00e9cision a \u00e9t\u00e9 prise mercredi 30\u00a0juillet, lors d\u2019une concertation du Comit\u00e9 de gestion de la ressource en eau.<\/p>\n<blockquote class=\"ac-article-quote wall-content\">\n<p>L\u2019ensemble du d\u00e9partement d\u2019Ille-et-Vilaine est maintenu en \u00e9tat d\u2019alerte s\u00e9cheresse, quelle que soit la ressource en eau utilis\u00e9e (r\u00e9seau d\u2019eau potable, puits, pr\u00e9l\u00e8vement en cours d\u2019eau, etc.). <\/p>\n<p>    <strong>Pr\u00e9fecture d&rsquo;Ille-et-Vilaine<\/strong>\n            <\/p><\/blockquote>\n<p class=\" wall-content\">En coh\u00e9rence avec le Morbihan et la Loire-Atlantique, les secteurs de <strong>l\u2019Aff<\/strong> et de <strong>la Ch\u00e8re,<\/strong> qui \u00e9taient en \u00ab\u2009alerte renforc\u00e9e\u2009\u00bb, reviennent au niveau \u00ab\u2009alerte s\u00e9cheresse\u2009\u00bb \u00e0 compter du 2\u00a0ao\u00fbt, ajoute la Pr\u00e9fecture.<\/p>\n<p>Des pluies intenses, mais pas suffisantes<\/p>\n<p class=\" wall-content\">Les deux premi\u00e8res semaines de juillet ont \u00e9t\u00e9 \u00ab\u2009relativement s\u00e8ches\u2009\u00bb. Lors de la seconde moiti\u00e9 du mois, des \u00ab\u2009pluies intenses, voire tr\u00e8s intenses localement\u2009\u00bb sont survenues. Celles-ci \u00ab\u2009ont permis de <strong>stabiliser ou de limiter la vidange des barrages<\/strong> utilis\u00e9s pour la production d\u2019eau potable\u2009\u00bb, pr\u00e9cise la Pr\u00e9fecture.<\/p>\n<blockquote class=\"ac-article-quote wall-content\">\n<p>Si les cours d\u2019eau ont fortement r\u00e9agi \u00e0 ces pluies, leur d\u00e9crue est \u00e9galement tr\u00e8s rapide. Le retour \u00e0 la situation ant\u00e9rieure d\u00e9grad\u00e9e est tr\u00e8s probable d\u2019ici quelques jours, en l\u2019absence de pluie annonc\u00e9e.<\/p>\n<p>    <strong>Pr\u00e9fecture d&rsquo;Ille-et-Vilaine<\/strong>\n            <\/p><\/blockquote>\n<p class=\" wall-content\">Des pr\u00e9visions qui ont conduit les membres du Comit\u00e9 de gestion de la ressource en eau du d\u00e9partement \u00e0 recommander \u00ab\u2009\u00e0 l\u2019unanimit\u00e9\u2009\u00bb le maintien de l\u2019Ille-et-Vilaine en alerte s\u00e9cheresse. Il s\u2019agit du <strong>deuxi\u00e8me niveau de gravit\u00e9 de s\u00e9cheresse<\/strong> sur quatre, pr\u00e9cise la Pr\u00e9fecture.<\/p>\n<p>Des restrictions et des interdictions<\/p>\n<p class=\" wall-content\">\u00ab\u2009Cet \u00e9tat implique <strong>des restrictions, voire des interdictions,<\/strong> pour certains usages de l\u2019eau.\u2009\u00bb Des <strong>contr\u00f4les<\/strong> sur \u00ab\u2009la bonne application et compr\u00e9hension [de ces] mesures\u2009\u00bb seront men\u00e9es par les autorit\u00e9s.<\/p>\n<blockquote class=\"ac-article-quote wall-content\">\n<p>Le non-respect des mesures prescrites par l\u2019arr\u00eat\u00e9 pr\u00e9fectoral peut donner lieu \u00e0 proc\u00e8s-verbal et amende administrative<\/p>\n<p>    <strong>Pr\u00e9fecture d&rsquo;Ille-et-Vilaine<\/strong>\n            <\/p><\/blockquote>\n<p class=\" wall-content\">Ces mesures visent essentiellement les usages suivants\u2009:<\/p>\n<ul class=\" wall-content\">\n<li>le <strong>nettoyage<\/strong> des fa\u00e7ades, terrasses, murs, escaliers, toitures, v\u00e9hicules et bateaux\u2009;<\/li>\n<li>la vidange et le remplissage des <strong>piscines<\/strong> familiales et collectives priv\u00e9es\u2009;<\/li>\n<li>l\u2019arrosage des<strong> jardins,<\/strong> des espaces verts et des terrains de sport\u2009;<\/li>\n<li>l\u2019alimentation des <strong>douches de plage\u2009;<\/strong><\/li>\n<li>l\u2019alimentation des <strong>fontaines<\/strong> d\u2019agr\u00e9ment\u2009;<\/li>\n<li>l\u2019utilisation de l\u2019eau potable dans les diff\u00e9rents processus relatifs aux<strong> usages industriels\u2009;<\/strong><\/li>\n<li><strong>l\u2019irrigation agricole\u2009;<\/strong><\/li>\n<li>les reconnaissances op\u00e9rationnelles, man\u0153uvres et exercices du service d\u00e9partemental d\u2019incendie et de secours\u2009;<\/li>\n<li>les <strong>contr\u00f4les techniques<\/strong> p\u00e9riodiques, purges et tests des poteaux d\u2019incendie, la man\u0153uvre des vannes pouvant influencer le r\u00e9seau hydrographique.<\/li>\n<\/ul>\n<p class=\" wall-content\">Un <a href=\"https:\/\/www.ille-et-vilaine.gouv.fr\/contenu\/telechargement\/76432\/606839\/file\/ACS-35_20230728_annexe_3_%20mesures-de-restriction.pdf\" target=\"_blank\" rel=\"noopener\">tableau des mesures<\/a> de restriction ou d\u2019interdiction est consultable sur le site de la pr\u00e9fecture. <a href=\"https:\/\/vigieau.gouv.fr\/\" target=\"_blank\" rel=\"noopener\">L\u2019outil VigiEau<\/a> permet \u00e9galement d\u2019\u00eatre alert\u00e9 en temps r\u00e9el des restrictions s\u2019appliquant \u00e0 sa commune.<\/p>\n<p class=\" wall-content\">\u00ab\u2009Au-del\u00e0 des restrictions impos\u00e9es r\u00e9glementairement,<strong> tous les usagers<\/strong> (particuliers, collectivit\u00e9s, industriels, exploitants agricoles) <strong>sont appel\u00e9s \u00e0 r\u00e9duire de mani\u00e8re volontaire leurs consommations en eau,<\/strong> quelle que soit son origine (r\u00e9seau public d\u2019eau potable, pr\u00e9l\u00e8vement dans le milieu naturel\u2026) \u00bb, conclut la Pr\u00e9fecture.<\/p>\n<p class=\" wall-content\">Suivez toute l\u2019actualit\u00e9 de vos villes et m\u00e9dias favoris en vous inscrivant \u00e0 <a href=\"https:\/\/moncompte.actu.fr\" title=\"D\u00e9couvez Mon Actu\" rel=\"nofollow noopener\" data-trk=\"{&quot;cta&quot;:{&quot;action&quot;:&quot;https:\\\/\\\/moncompte.actu.fr&quot;,&quot;category&quot;:&quot;mon compte&quot;,&quot;from&quot;:&quot;article footer&quot;,&quot;name&quot;:&quot;Mon actu&quot;,&quot;type&quot;:&quot;cta&quot;}}\" target=\"_blank\">Mon Actu<\/a>.<\/p>\n","protected":false},"excerpt":{"rendered":"Par Cl\u00e9mence Pays Publi\u00e9 le 1 ao\u00fbt 2025 \u00e0 17h34 La situation ne s\u2019am\u00e9liore pas. Vendredi 1er\u00a0ao\u00fbt 2025,&hellip;\n","protected":false},"author":2,"featured_media":289325,"comment_status":"","ping_status":"","sticky":false,"template":"","format":"standard","meta":{"footnotes":""},"categories":[2821],"tags":[1111,11,829,1129,1777,674,1011,27,12,52,584,25,12817],"class_list":{"0":"post-289324","1":"post","2":"type-post","3":"status-publish","4":"format-standard","5":"has-post-thumbnail","7":"category-rennes","8":"tag-actu","9":"tag-actualites","10":"tag-bretagne","11":"tag-climat","12":"tag-eu","13":"tag-europe","14":"tag-fr","15":"tag-france","16":"tag-news","17":"tag-planete","18":"tag-rennes","19":"tag-republique-francaise","20":"tag-secheresse"},"share_on_mastodon":{"url":"https:\/\/pubeurope.com\/@fr\/114954275783128963","error":""},"_links":{"self":[{"href":"https:\/\/www.europesays.com\/fr\/wp-json\/wp\/v2\/posts\/289324","targetHints":{"allow":["GET"]}}],"collection":[{"href":"https:\/\/www.europesays.com\/fr\/wp-json\/wp\/v2\/posts"}],"about":[{"href":"https:\/\/www.europesays.com\/fr\/wp-json\/wp\/v2\/types\/post"}],"author":[{"embeddable":true,"href":"https:\/\/www.europesays.com\/fr\/wp-json\/wp\/v2\/users\/2"}],"replies":[{"embeddable":true,"href":"https:\/\/www.europesays.com\/fr\/wp-json\/wp\/v2\/comments?post=289324"}],"version-history":[{"count":0,"href":"https:\/\/www.europesays.com\/fr\/wp-json\/wp\/v2\/posts\/289324\/revisions"}],"wp:featuredmedia":[{"embeddable":true,"href":"https:\/\/www.europesays.com\/fr\/wp-json\/wp\/v2\/media\/289325"}],"wp:attachment":[{"href":"https:\/\/www.europesays.com\/fr\/wp-json\/wp\/v2\/media?parent=289324"}],"wp:term":[{"taxonomy":"category","embeddable":true,"href":"https:\/\/www.europesays.com\/fr\/wp-json\/wp\/v2\/categories?post=289324"},{"taxonomy":"post_tag","embeddable":true,"href":"https:\/\/www.europesays.com\/fr\/wp-json\/wp\/v2\/tags?post=289324"}],"curies":[{"name":"wp","href":"https:\/\/api.w.org\/{rel}","templated":true}]}}