{"id":289336,"date":"2025-08-01T15:49:11","date_gmt":"2025-08-01T15:49:11","guid":{"rendered":"https:\/\/www.europesays.com\/fr\/289336\/"},"modified":"2025-08-01T15:49:11","modified_gmt":"2025-08-01T15:49:11","slug":"concert-nuit-des-etoiles-que-faire-a-nantes-en-ce-premier-week-end-daout-voici-nos-idees-sorties","status":"publish","type":"post","link":"https:\/\/www.europesays.com\/fr\/289336\/","title":{"rendered":"Concert, Nuit des \u00c9toiles&#8230; Que faire \u00e0 Nantes en ce premier week-end d&rsquo;ao\u00fbt ? Voici nos id\u00e9es sorties"},"content":{"rendered":"<p>            Par<br \/>\n        <strong><br \/>\n            <a href=\"https:\/\/actu.fr\/auteur\/clemence-pays02-actu-fr\" title=\"Consulter tous les articles de Cl\u00e9mence Pays\" target=\"_blank\" rel=\"noopener\">Cl\u00e9mence Pays<\/a><br \/>\n        <\/strong><\/p>\n<p>        Publi\u00e9 le<\/p>\n<p>            1 ao\u00fbt 2025 \u00e0 17h32        <\/p>\n<p>Ce nouveau week-end estival sera tr\u00e8s musical \u00e0 Nantes. Plusieurs open air et soir\u00e9e d\u00e9di\u00e9s \u00e0 la musique et la danse sont organis\u00e9es, <strong>du vendredi\u00a01er au dimanche 3\u00a0ao\u00fbt<\/strong> 2025, dans la cit\u00e9 des ducs de Bretagne. Un beau spectacle se passera \u00e9galement dans le ciel avec la pluie des Pers\u00e9ides. On vous d\u00e9taille tout \u00e7a ci-dessous. \u00c0 vous de faire votre choix parmi ces <strong>id\u00e9es de sorties gratuites ou \u00e0 petit prix.<\/strong><\/p>\n<p>Danses latines et spectacle reggaeton \u00e0 La Chaumi\u00e8re<\/p>\n<p class=\" wall-content\">Le tiers-lieu La Chaumi\u00e8re organise une <strong>soir\u00e9e latino,<\/strong> vendredi, en open air. Au programme\u2009:<\/p>\n<ul class=\" wall-content\">\n<li><strong>initiation danse,<\/strong> de 18h30 \u00e0 20h\u2009;<\/li>\n<li><strong>show reggaeton,<\/strong> \u00e0 20h\u2009;<\/li>\n<li><strong>concert de Mana Sound,<\/strong> \u00e0 20h30\u2009;<\/li>\n<li><strong>DJ set,<\/strong> de 22h \u00e0 1h.<\/li>\n<\/ul>\n<p class=\" wall-content\">Stand de galettes et de cr\u00eapes, stand \u00ab\u2009paillettes et chapeau mexicain\u2009\u00bb, mais aussi bar \u00e0 bi\u00e8res, \u00e0 tequila et cocktails ou encore jeux en bois et espaces enfants seront \u00e0 disposition.<\/p>\n<p>Vendredi 1er\u00a0ao\u00fbt, de 17h \u00e0 1h, soir\u00e9e latino \u00e0 La Chaumi\u00e8re, 59 boulevard Gustave-Roch, \u00e0 Nantes. Prix libre.<\/p>\n<p>Open air \u00e0 La Muscadetterie<\/p>\n<p class=\" wall-content\"><a href=\"https:\/\/actu.fr\/pays-de-la-loire\/nantes_44109\/nouveau-a-nantes-il-ouvre-une-cave-et-un-bar-dedie-au-meilleur-vin-du-monde_61964750.html\" target=\"_blank\" rel=\"noopener\">La Muscadetterie, bar et cave d\u00e9di\u00e9e au Muscadet<\/a>, organise son premier <strong>open air.<\/strong> \u00ab\u2009Au programme, nous te proposerons diff\u00e9rents stands, des jeux, des vins locaux, le tout sur une ambiance musicale orchestr\u00e9e par nos DJs r\u00e9sidents\u2009\u00bb, indiquent les <strong>collectifs Versnelling et La Bergerie.<\/strong><\/p>\n<p class=\" wall-content\">Voici les diff\u00e9rents stands pr\u00e9sents\u2009:<\/p>\n<ul class=\" wall-content\">\n<li>Salasea tattoo (tatouages \u00e9ph\u00e9m\u00e8res)\u2009;<\/li>\n<li>Akou (illustration)\u2009;<\/li>\n<li>D\u00e9sir de partager (friperie)\u2009;<\/li>\n<li>Mathilde Baes (photo)\u2009;<\/li>\n<li>Dents ta gueule (strass dentaire)\u2009;<\/li>\n<li>stand de paillettes.<\/li>\n<\/ul>\n<p class=\" wall-content\"><strong>Palets, corn hole et fl\u00e9chettes<\/strong> seront \u00e0 disposition pour s\u2019amuser au son de la musique des DJs Arnakin, Barja, C\u00e9panou et Hatara.<\/p>\n<p class=\" wall-content\"><a href=\"https:\/\/www.instagram.com\/p\/DMaSxbtMCEF\/embed\" title=\"Ouvrir le lien sur Instagram\" target=\"_blank\" rel=\"noopener\">Visualiser le contenu sur Instagram<\/a><\/p>\n<p class=\" wall-content\">Il sera \u00e9galement possible de d\u00e9guster des planches de fromage et de charcuterie.<\/p>\n<p>Samedi 2\u00a0ao\u00fbt, de 12h \u00e0 18h, open air \u00e0 La Muscadetterie, 2 rue du March\u00e9 Commun \u00e0 Nantes.<\/p>\n<p>Soir\u00e9e salsa au belv\u00e9d\u00e8re<\/p>\n<p class=\" wall-content\"><a href=\"https:\/\/actu.fr\/pays-de-la-loire\/nantes_44109\/nantes-la-guinguette-du-belvedere-rouvre-et-fait-le-plein-d-evenements-pour-la-saison-2024_60930605.html\" target=\"_blank\" rel=\"noopener\">La Guinguette du Belv\u00e9d\u00e8re<\/a> organise une <strong>soir\u00e9e latino<\/strong> avec DJ Gusti. \u00ab\u2009DJ-musicien de talent, il vous embarque dans une ambiance caliente au rythme des sons envo\u00fbtants de la <strong>musique latine\u2009:<\/strong> salsa, bachata, cumbia, merengue\u2026\u2009\u00bb, d\u00e9taillent les organisateurs.<\/p>\n<p class=\" wall-content\"><strong>Danseur amateur ou confirm\u00e9,<\/strong> la soir\u00e9e est ouverte \u00e0 toutes et tous.<\/p>\n<p>Samedi 2\u00a0ao\u00fbt, de 17h \u00e0 22h, soir\u00e9e salsa \u00e0 la Guinguette du Belv\u00e9d\u00e8re, 23 boulevard Gaston-Doumergue, Nantes. Entr\u00e9e libre.<\/p>\n<p>Assister \u00e0 une r\u00e9p\u00e9tition du bagad<\/p>\n<p class=\" wall-content\">Le <strong>bagad de Nantes<\/strong> organise une <strong>r\u00e9p\u00e9tition publique<\/strong> avant de s\u2019envoler pour le <a href=\"https:\/\/actu.fr\/bretagne\/lorient_56121\/festival-interceltique-de-lorient-2025-decouvrez-le-programme-de-la-54%E1%B5%89-edition_62670703.html\" target=\"_blank\" rel=\"noopener\">Festival interceltique de Lorient<\/a>. Les musiciens prendront place au Little Atlantique Brewery (LAB) pour <strong>pr\u00e9senter en avant-premi\u00e8re leur toute nouvelle suite.<\/strong><\/p>\n<p class=\" wall-content\">Bi\u00e8res brass\u00e9es sur place et restauration seront \u00e9galement propos\u00e9es.<\/p>\n<p class=\" wall-content\"><a href=\"https:\/\/www.instagram.com\/p\/DMuWP5GNqJt\/embed\" title=\"Ouvrir le lien sur Instagram\" target=\"_blank\" rel=\"noopener\">Visualiser le contenu sur Instagram<\/a><\/p>\n<p>Vendredi 1er\u00a0ao\u00fbt, \u00e0 20h, r\u00e9p\u00e9tition publique du bagad, au LAB, 23, boulevard de Chantenay, Nantes.<\/p>\n<p>La Nuit des \u00c9toiles<\/p>\n<p class=\" wall-content\">Depuis la mi-juillet, une <strong>pluie d\u2019\u00e9toiles filantes est visible<\/strong> dans le ciel nocturne. Ces Pers\u00e9ides seront observables \u00e0 l\u2019occasion de la Nuit des \u00e9toiles. Un rassemblement est organis\u00e9 \u00e0 <a href=\"https:\/\/actu.fr\/pays-de-la-loire\/la-chapelle-sur-erdre_44035\" target=\"_blank\" rel=\"noopener\">La Chapelle-sur-Erdre<\/a>, pr\u00e8s de Nantes, samedi.<\/p>\n<p class=\" wall-content\"><strong>Animations, ateliers, conf\u00e9rence<\/strong> et bien s\u00fbr <strong>observation du ciel<\/strong> seront anim\u00e9s par le club d\u2019astronomie Le Cocher. Actu Nantes vous d\u00e9taille le programme de la soir\u00e9e <a href=\"https:\/\/actu.fr\/pays-de-la-loire\/la-chapelle-sur-erdre_44035\/nantes-ou-et-quand-est-il-possible-de-participer-a-la-nuit-des-etoiles_62936064.html\" target=\"_blank\" rel=\"noopener\">dans cet article<\/a>.<\/p>\n<p>Samedi 2\u00a0ao\u00fbt, de 15h \u00e0 2h, Nuit des \u00e9toiles, au stade de la Grolle, \u00e0 La Chapelle-sur-Erdre. Gratuit.<\/p>\n<p class=\" wall-content\">Suivez toute l\u2019actualit\u00e9 de vos villes et m\u00e9dias favoris en vous inscrivant \u00e0 <a href=\"https:\/\/moncompte.actu.fr\" title=\"D\u00e9couvez Mon Actu\" rel=\"nofollow noopener\" data-trk=\"{&quot;cta&quot;:{&quot;action&quot;:&quot;https:\\\/\\\/moncompte.actu.fr&quot;,&quot;category&quot;:&quot;mon compte&quot;,&quot;from&quot;:&quot;article footer&quot;,&quot;name&quot;:&quot;Mon actu&quot;,&quot;type&quot;:&quot;cta&quot;}}\" target=\"_blank\">Mon Actu<\/a>.<\/p>\n<p>                    <script async src=\"\/\/www.instagram.com\/embed.js\"><\/script><\/p>\n","protected":false},"excerpt":{"rendered":"Par Cl\u00e9mence Pays Publi\u00e9 le 1 ao\u00fbt 2025 \u00e0 17h32 Ce nouveau week-end estival sera tr\u00e8s musical \u00e0&hellip;\n","protected":false},"author":2,"featured_media":289337,"comment_status":"","ping_status":"","sticky":false,"template":"","format":"standard","meta":{"footnotes":""},"categories":[2818],"tags":[1111,11,1063,34680,5972,1777,674,1011,27,1305,766,12,2636,25],"class_list":{"0":"post-289336","1":"post","2":"type-post","3":"status-publish","4":"format-standard","5":"has-post-thumbnail","7":"category-nantes","8":"tag-actu","9":"tag-actualites","10":"tag-animations","11":"tag-bagad","12":"tag-danse","13":"tag-eu","14":"tag-europe","15":"tag-fr","16":"tag-france","17":"tag-lifestyle","18":"tag-nantes","19":"tag-news","20":"tag-pays-de-la-loire","21":"tag-republique-francaise"},"share_on_mastodon":{"url":"https:\/\/pubeurope.com\/@fr\/114954303162002554","error":""},"_links":{"self":[{"href":"https:\/\/www.europesays.com\/fr\/wp-json\/wp\/v2\/posts\/289336","targetHints":{"allow":["GET"]}}],"collection":[{"href":"https:\/\/www.europesays.com\/fr\/wp-json\/wp\/v2\/posts"}],"about":[{"href":"https:\/\/www.europesays.com\/fr\/wp-json\/wp\/v2\/types\/post"}],"author":[{"embeddable":true,"href":"https:\/\/www.europesays.com\/fr\/wp-json\/wp\/v2\/users\/2"}],"replies":[{"embeddable":true,"href":"https:\/\/www.europesays.com\/fr\/wp-json\/wp\/v2\/comments?post=289336"}],"version-history":[{"count":0,"href":"https:\/\/www.europesays.com\/fr\/wp-json\/wp\/v2\/posts\/289336\/revisions"}],"wp:featuredmedia":[{"embeddable":true,"href":"https:\/\/www.europesays.com\/fr\/wp-json\/wp\/v2\/media\/289337"}],"wp:attachment":[{"href":"https:\/\/www.europesays.com\/fr\/wp-json\/wp\/v2\/media?parent=289336"}],"wp:term":[{"taxonomy":"category","embeddable":true,"href":"https:\/\/www.europesays.com\/fr\/wp-json\/wp\/v2\/categories?post=289336"},{"taxonomy":"post_tag","embeddable":true,"href":"https:\/\/www.europesays.com\/fr\/wp-json\/wp\/v2\/tags?post=289336"}],"curies":[{"name":"wp","href":"https:\/\/api.w.org\/{rel}","templated":true}]}}