{"id":289346,"date":"2025-08-01T15:54:13","date_gmt":"2025-08-01T15:54:13","guid":{"rendered":"https:\/\/www.europesays.com\/fr\/289346\/"},"modified":"2025-08-01T15:54:13","modified_gmt":"2025-08-01T15:54:13","slug":"alban-placines-toulouse-de-retour-a-biarritz","status":"publish","type":"post","link":"https:\/\/www.europesays.com\/fr\/289346\/","title":{"rendered":"Alban Placines (Toulouse) de retour \u00e0 Biarritz"},"content":{"rendered":"<p>Le troisi\u00e8me-ligne du Stade Toulousain a \u00e9t\u00e9 officialis\u00e9 ce vendredi par le club basque. Un retour au club, sept ans apr\u00e8s l\u2019avoir quitt\u00e9.<\/p>\n<p class=\"fig-paragraph\">Alban Placines retrouvera le Pays basque. Le troisi\u00e8me-ligne du Stade Toulousain (32 ans), a \u00e9t\u00e9 officialis\u00e9 ce vendredi \u00e0 Biarritz. Un club qu\u2019il conna\u00eet bien puisqu\u2019il a \u00e9t\u00e9 form\u00e9 et r\u00e9v\u00e9l\u00e9 au BO. \u00abRevenir au BO, c\u2019est quelque chose de sp\u00e9cial pour moi. C\u2019est ici que j\u2019ai commenc\u00e9 ma carri\u00e8re professionnelle, que j\u2019ai d\u00e9couvert le monde pro et m\u00eame connu mes premiers matchs en Top 14\u00bb, a r\u00e9agi l\u2019int\u00e9ress\u00e9.<\/p>\n<p class=\"fig-paragraph\">\u00abApr\u00e8s 7 ann\u00e9es au plus haut niveau, j\u2019ai envie de m\u2019investir pleinement dans le projet du BOPB et d\u2019apporter toute mon exp\u00e9rience. J\u2019esp\u00e8re rendre au club tout ce qu\u2019il m\u2019a donn\u00e9 \u00e0 mes d\u00e9buts\u00bb, a-t-il poursuivi. Placines avait quitt\u00e9 Biarritz pour Toulouse en 2018, remportant notamment cinq Boucliers de Brennus (2019, 2021, 2023, 2024, 2025).<\/p>\n<p>                                    <a class=\"fig-a11y-skip a11y-hidden\" href=\"#fig-a11y-skip-main-inarticle\"><br \/>\n        Passer la publicit\u00e9<br \/>\n    <\/a><\/p>\n<p class=\"fig-paragraph\">Longtemps lorgn\u00e9 par l\u2019US Dax, Alban Placines revient donc sur ses terres avec l\u2019envie de qualifier le club basque pour les phases finales de Pro D2.<\/p>\n","protected":false},"excerpt":{"rendered":"Le troisi\u00e8me-ligne du Stade Toulousain a \u00e9t\u00e9 officialis\u00e9 ce vendredi par le club basque. Un retour au club,&hellip;\n","protected":false},"author":2,"featured_media":289347,"comment_status":"","ping_status":"","sticky":false,"template":"","format":"standard","meta":{"footnotes":""},"categories":[2816],"tags":[1111,11,18318,1777,674,1011,27,12,2680,2308,25,476,2312],"class_list":{"0":"post-289346","1":"post","2":"type-post","3":"status-publish","4":"format-standard","5":"has-post-thumbnail","7":"category-toulouse","8":"tag-actu","9":"tag-actualites","10":"tag-biarritz-olympique","11":"tag-eu","12":"tag-europe","13":"tag-fr","14":"tag-france","15":"tag-news","16":"tag-occitanie","17":"tag-pro-d2","18":"tag-republique-francaise","19":"tag-stade-toulousain","20":"tag-toulouse"},"share_on_mastodon":{"url":"https:\/\/pubeurope.com\/@fr\/114954323050406783","error":""},"_links":{"self":[{"href":"https:\/\/www.europesays.com\/fr\/wp-json\/wp\/v2\/posts\/289346","targetHints":{"allow":["GET"]}}],"collection":[{"href":"https:\/\/www.europesays.com\/fr\/wp-json\/wp\/v2\/posts"}],"about":[{"href":"https:\/\/www.europesays.com\/fr\/wp-json\/wp\/v2\/types\/post"}],"author":[{"embeddable":true,"href":"https:\/\/www.europesays.com\/fr\/wp-json\/wp\/v2\/users\/2"}],"replies":[{"embeddable":true,"href":"https:\/\/www.europesays.com\/fr\/wp-json\/wp\/v2\/comments?post=289346"}],"version-history":[{"count":0,"href":"https:\/\/www.europesays.com\/fr\/wp-json\/wp\/v2\/posts\/289346\/revisions"}],"wp:featuredmedia":[{"embeddable":true,"href":"https:\/\/www.europesays.com\/fr\/wp-json\/wp\/v2\/media\/289347"}],"wp:attachment":[{"href":"https:\/\/www.europesays.com\/fr\/wp-json\/wp\/v2\/media?parent=289346"}],"wp:term":[{"taxonomy":"category","embeddable":true,"href":"https:\/\/www.europesays.com\/fr\/wp-json\/wp\/v2\/categories?post=289346"},{"taxonomy":"post_tag","embeddable":true,"href":"https:\/\/www.europesays.com\/fr\/wp-json\/wp\/v2\/tags?post=289346"}],"curies":[{"name":"wp","href":"https:\/\/api.w.org\/{rel}","templated":true}]}}