{"id":289353,"date":"2025-08-01T15:58:15","date_gmt":"2025-08-01T15:58:15","guid":{"rendered":"https:\/\/www.europesays.com\/fr\/289353\/"},"modified":"2025-08-01T15:58:15","modified_gmt":"2025-08-01T15:58:15","slug":"un-voleur-de-cables-adsl-interpelle-en-flagrant-delit-dans-le-14e-arrondissement-de-marseille","status":"publish","type":"post","link":"https:\/\/www.europesays.com\/fr\/289353\/","title":{"rendered":"Un voleur de c\u00e2bles ADSL interpell\u00e9 en flagrant d\u00e9lit dans le 14e arrondissement de Marseille"},"content":{"rendered":"<p>1h25 du matin, une heure bien tardive, ou beaucoup trop matinale, c\u2019est selon, mais en tout cas indue pour pr\u00e9tendre se livrer \u00e0 une intervention technique sur le r\u00e9seau T\u00e9l\u00e9com. C\u2019est pourtant ce qu\u2019a avanc\u00e9 un individu aupr\u00e8s du riverain qui l\u2019interrogeait sur les motifs de ce labeur nocturne et les raisons pour lesquelles le \u00ab\u00a0technicien\u00a0\u00bb d\u00e9coupait consciencieusement des <a href=\"https:\/\/www.laprovence.com\/article\/societe\/2090444633193114\/adsl-tele-interrnet-depuis-plusieurs-mois-au-puy-sainte-reparade-les-abonnes-dorange-sont-prives-de-services\" target=\"_blank\" rel=\"noopener\">c\u00e2bles ADSL<\/a> avant de les charger son v\u00e9hicule.<\/p>\n<p>L\u2019employ\u00e9 d\u2019Orange d\u00e9masque le faux employ\u00e9 des T\u00e9l\u00e9com<\/p>\n<p>L\u00e9gitimement circonspect, d\u2019autant qu\u2019il est lui-m\u00eame un salari\u00e9 d\u2019Orange, le riverain s\u2019est alors fendu d\u2019un coup de fil en pleine nuit \u00e0 son cadre qui lui a confirm\u00e9 qu\u2019aucune intervention n\u2019\u00e9tait en cours <a href=\"https:\/\/www.laprovence.com\/article\/faits-divers-justice\/2005689557106715\/une-cavale-de-quatre-jours-de-plus-de-1-000-kilometres-ecourtee-par-la-bac-nord-a-marseille\" target=\"_blank\" rel=\"noopener\">chemin des Bessons<\/a>, entre les quartiers <a href=\"https:\/\/www.laprovence.com\/article\/region\/527267523460314\/quartiers-de-marseille-a-sainte-marthe-comme-un-gout-d-autrefois\" target=\"_blank\" rel=\"noopener\">Sainte-Marthe<\/a> et Saint-Joseph, dans le 14e arrondissement de Marseille.<\/p>\n<p>Alert\u00e9e, la police a aussit\u00f4t d\u00e9p\u00each\u00e9 un \u00e9quipage de la BAC (brigade anticriminalit\u00e9) sur place qui a interpell\u00e9 le voleur de c\u00e2bles quelques minutes plus tard, sur les lieux m\u00eames de son forfait. \u00c2g\u00e9 de 33\u00a0ans, il a \u00e9t\u00e9 plac\u00e9 en garde \u00e0 vue. Selon nos informations, la soci\u00e9t\u00e9 Orange devrait d\u00e9poser plainte.<\/p>\n","protected":false},"excerpt":{"rendered":"1h25 du matin, une heure bien tardive, ou beaucoup trop matinale, c\u2019est selon, mais en tout cas indue&hellip;\n","protected":false},"author":2,"featured_media":289354,"comment_status":"","ping_status":"","sticky":false,"template":"","format":"standard","meta":{"footnotes":""},"categories":[2814],"tags":[17,1111,11,582,1102,11613,1446,21234,1777,674,274,21233,1011,27,9817,884,12,882,25,10912],"class_list":{"0":"post-289353","1":"post","2":"type-post","3":"status-publish","4":"format-standard","5":"has-post-thumbnail","7":"category-marseille","8":"tag-17","9":"tag-actu","10":"tag-actualites","11":"tag-adsl","12":"tag-breakingnews","13":"tag-cables","14":"tag-dans","15":"tag-delit","16":"tag-eu","17":"tag-europe","18":"tag-faits-divers-justice","19":"tag-flagrant","20":"tag-fr","21":"tag-france","22":"tag-interpelle","23":"tag-marseille","24":"tag-news","25":"tag-provence-alpes-cote-dazur","26":"tag-republique-francaise","27":"tag-voleur"},"share_on_mastodon":{"url":"https:\/\/pubeurope.com\/@fr\/114954338575509719","error":""},"_links":{"self":[{"href":"https:\/\/www.europesays.com\/fr\/wp-json\/wp\/v2\/posts\/289353","targetHints":{"allow":["GET"]}}],"collection":[{"href":"https:\/\/www.europesays.com\/fr\/wp-json\/wp\/v2\/posts"}],"about":[{"href":"https:\/\/www.europesays.com\/fr\/wp-json\/wp\/v2\/types\/post"}],"author":[{"embeddable":true,"href":"https:\/\/www.europesays.com\/fr\/wp-json\/wp\/v2\/users\/2"}],"replies":[{"embeddable":true,"href":"https:\/\/www.europesays.com\/fr\/wp-json\/wp\/v2\/comments?post=289353"}],"version-history":[{"count":0,"href":"https:\/\/www.europesays.com\/fr\/wp-json\/wp\/v2\/posts\/289353\/revisions"}],"wp:featuredmedia":[{"embeddable":true,"href":"https:\/\/www.europesays.com\/fr\/wp-json\/wp\/v2\/media\/289354"}],"wp:attachment":[{"href":"https:\/\/www.europesays.com\/fr\/wp-json\/wp\/v2\/media?parent=289353"}],"wp:term":[{"taxonomy":"category","embeddable":true,"href":"https:\/\/www.europesays.com\/fr\/wp-json\/wp\/v2\/categories?post=289353"},{"taxonomy":"post_tag","embeddable":true,"href":"https:\/\/www.europesays.com\/fr\/wp-json\/wp\/v2\/tags?post=289353"}],"curies":[{"name":"wp","href":"https:\/\/api.w.org\/{rel}","templated":true}]}}