{"id":289370,"date":"2025-08-01T16:08:17","date_gmt":"2025-08-01T16:08:17","guid":{"rendered":"https:\/\/www.europesays.com\/fr\/289370\/"},"modified":"2025-08-01T16:08:17","modified_gmt":"2025-08-01T16:08:17","slug":"ukraine-le-parlement-fait-marche-arriere-et-retablit-lindependance-des-instances-anticorruption","status":"publish","type":"post","link":"https:\/\/www.europesays.com\/fr\/289370\/","title":{"rendered":"Ukraine : le parlement fait marche arri\u00e8re et r\u00e9tablit l&rsquo;ind\u00e9pendance des instances anticorruption"},"content":{"rendered":"<p>\tUkraine : le parlement fait marche arri\u00e8re et r\u00e9tablit l&rsquo;ind\u00e9pendance des instances anticorruption &#8211; Touteleurope.eu<\/p>\n<p>\t\t<img decoding=\"async\" alt=\"fermer\" class=\"close-info\" src=\"https:\/\/www.touteleurope.eu\/wp-content\/themes\/toute_leurope\/assets\/images\/close-picto-blue.svg\"\/><\/p>\n<p>Touteleurope.eu est le site p\u00e9dagogique de r\u00e9f\u00e9rence sur les questions europ\u00e9ennes : <a href=\"https:\/\/www.touteleurope.eu\/qui-sommes-nous\/\" target=\"_blank\" rel=\"noopener\">Qui sommes-nous ?<\/a><\/p>\n<p><img decoding=\"async\" class=\"logo-pdf\" alt=\"Toute L'Europe \u2013 Comprendre l'Europe\" src=\"https:\/\/www.touteleurope.eu\/wp-content\/themes\/toute_leurope\/assets\/images\/logo-ttl.svg\"\/><\/p>\n","protected":false},"excerpt":{"rendered":"Ukraine : le parlement fait marche arri\u00e8re et r\u00e9tablit l&rsquo;ind\u00e9pendance des instances anticorruption &#8211; Touteleurope.eu Touteleurope.eu est le&hellip;\n","protected":false},"author":2,"featured_media":289371,"comment_status":"","ping_status":"","sticky":false,"template":"","format":"standard","meta":{"footnotes":""},"categories":[1590],"tags":[11,1770,7756,1777,674,12,316,220,134],"class_list":{"0":"post-289370","1":"post","2":"type-post","3":"status-publish","4":"format-standard","5":"has-post-thumbnail","7":"category-ukraine","8":"tag-actualites","9":"tag-corruption","10":"tag-democratie","11":"tag-eu","12":"tag-europe","13":"tag-news","14":"tag-politique","15":"tag-ukraine","16":"tag-volodymyr-zelensky"},"share_on_mastodon":{"url":"https:\/\/pubeurope.com\/@fr\/114954378297547067","error":""},"_links":{"self":[{"href":"https:\/\/www.europesays.com\/fr\/wp-json\/wp\/v2\/posts\/289370","targetHints":{"allow":["GET"]}}],"collection":[{"href":"https:\/\/www.europesays.com\/fr\/wp-json\/wp\/v2\/posts"}],"about":[{"href":"https:\/\/www.europesays.com\/fr\/wp-json\/wp\/v2\/types\/post"}],"author":[{"embeddable":true,"href":"https:\/\/www.europesays.com\/fr\/wp-json\/wp\/v2\/users\/2"}],"replies":[{"embeddable":true,"href":"https:\/\/www.europesays.com\/fr\/wp-json\/wp\/v2\/comments?post=289370"}],"version-history":[{"count":0,"href":"https:\/\/www.europesays.com\/fr\/wp-json\/wp\/v2\/posts\/289370\/revisions"}],"wp:featuredmedia":[{"embeddable":true,"href":"https:\/\/www.europesays.com\/fr\/wp-json\/wp\/v2\/media\/289371"}],"wp:attachment":[{"href":"https:\/\/www.europesays.com\/fr\/wp-json\/wp\/v2\/media?parent=289370"}],"wp:term":[{"taxonomy":"category","embeddable":true,"href":"https:\/\/www.europesays.com\/fr\/wp-json\/wp\/v2\/categories?post=289370"},{"taxonomy":"post_tag","embeddable":true,"href":"https:\/\/www.europesays.com\/fr\/wp-json\/wp\/v2\/tags?post=289370"}],"curies":[{"name":"wp","href":"https:\/\/api.w.org\/{rel}","templated":true}]}}