{"id":289376,"date":"2025-08-01T16:11:11","date_gmt":"2025-08-01T16:11:11","guid":{"rendered":"https:\/\/www.europesays.com\/fr\/289376\/"},"modified":"2025-08-01T16:11:11","modified_gmt":"2025-08-01T16:11:11","slug":"allemagne-enquetes-sur-des-suspicions-dincendies-criminels-sur-fond-de-revendication-ecologique","status":"publish","type":"post","link":"https:\/\/www.europesays.com\/fr\/289376\/","title":{"rendered":"Allemagne\u00a0: enqu\u00eates sur des suspicions d\u2019incendies criminels sur fond de revendication \u00e9cologique"},"content":{"rendered":"<p class=\"paragraph text_align_left lp-f-body-02\">Deux incendies sur la ligne ferroviaire reliant Duisbourg et <a href=\"https:\/\/www.leparisien.fr\/faits-divers\/allemagne-une-vingtaine-de-blesses-dont-un-enfant-lors-dun-feu-dartifice-a-dusseldorf-19-07-2025-SR4NYEUPJRE6JD4AO27SAROKZY.php\" target=\"_self\" rel=\"nofollow noopener\">D\u00fcsseldorf<\/a>, l\u2019une des plus importantes d\u2019Allemagne, auraient eu lieu a quelques jours d\u2019intervalles a annonc\u00e9, ce vendredi la police allemande.<\/p>\n<p class=\"paragraph text_align_left lp-f-body-02\">Le premier, survenu jeudi sur un poste d\u2019aiguillage, avait endommag\u00e9 pr\u00e8s de 60 m de c\u00e2bles, <a href=\"https:\/\/www.leparisien.fr\/faits-divers\/ce-nest-pas-une-personne-isolee-qui-a-fait-ca-lombre-de-lultragauche-plane-sur-les-sabotages-dans-le-sud-25-05-2025-KIJR7WKNPZGWJJR3AWU3SVWQHI.php\" target=\"_self\" rel=\"nofollow noopener\">engendrant d\u2019importantes perturbations du trafic ferroviaire<\/a> sur des lignes tr\u00e8s fr\u00e9quent\u00e9es. Un porte-parole de la Deutsche Bahn (l\u2019entreprise ferroviaire publique allemande),<b> <\/b>avait d\u00e9clar\u00e9 \u00e0 la presse que la ligne, qui r\u00e9alise entre 700 et 800 liaisons quotidiennes ne serait 100 % fonctionnelle que le lendemain, <a href=\"https:\/\/www.leparisien.fr\/faits-divers\/sncf-victime-dune-attaque-massive-ce-que-lon-sait-des-actes-de-sabotage-visant-a-paralyser-le-reseau-26-07-2024-ZMTY5R32QNDWRP2IJLMSCHNA3A.php\" target=\"_self\" rel=\"nofollow noopener\">impactant ainsi des dizaines de milliers de passagers <\/a>avec des retards d\u00e9passants les 30 minutes et la suppression de certains arr\u00eats.<\/p>\n<p class=\"paragraph text_align_left lp-f-body-02\">Mais \u00e0 la surprise g\u00e9n\u00e9rale, un second incendie s\u2019est encore d\u00e9clench\u00e9 \u00e0 environ un kilom\u00e8tre du premier, d\u2019apr\u00e8s un porte-parole de la police.<\/p>\n<p>Revendication en ligne<\/p>\n<p class=\"paragraph text_align_left lp-f-body-02\">Les investigations sont toujours en cours, ils ont \u00e9galement indiqu\u00e9 avoir re\u00e7u la lettre de revendication, <a href=\"https:\/\/de.indymedia.org\/node\/529178\" target=\"_self\" rel=\"nofollow noopener\">publi\u00e9e sur la plate-forme en ligne d\u2019extr\u00eame gauche Indymedia<\/a>, d\u2019un groupe baptis\u00e9 \u00ab Kommando Angry Birds \u00bb. Des v\u00e9rifications concernant son authenticit\u00e9 seraient aussi men\u00e9es en parall\u00e8les par la s\u00fbret\u00e9 de l\u2019\u00c9tat.<\/p>\n<p class=\"lp-card-podcast-highlighting__title  lp-f-subtitle-05\">[1\/4] C\u00e9cile Vallin, les secrets d\u2019une disparition<\/p>\n<p class=\"lp-card-podcast-highlighting__description lp-f-ui-05\">Crime story raconte chaque semaine les grandes affaires criminelles.<\/p>\n<p><a class=\"lp-card-podcast-highlighting__call-to-action\" data-page-type=\"HP\" data-block-name=\"podcast-highlight\">\u00c9couter<\/a><\/p>\n<p class=\"paragraph text_align_left lp-f-body-02\">\u00ab Nous supposons une intention d\u00e9lib\u00e9r\u00e9e. <a href=\"https:\/\/www.leparisien.fr\/faits-divers\/allemagne-un-sabotage-paralyse-le-trafic-des-trains-dans-le-nord-du-pays-08-10-2022-HHJENOLEOFBU3CGF63DKI75DWU.php\" target=\"_self\" rel=\"nofollow noopener\">Cela ressemble \u00e0 du sabotage<\/a> \u00bb, a d\u00e9clar\u00e9 un porte-parole de la polizei \u00e0 l\u2019AFP. Dans ce manifeste d\u2019une vingtaine de lignes, le groupe plaide pour un retour \u00e0 la nature contre \u00ab le syst\u00e8me industriel \u00bb. Indiquant que \u00ab le temps de la r\u00e9conciliation entre les deux camps (nature et industrie) est r\u00e9volu. \u00bb<\/p>\n<p class=\"paragraph text_align_left lp-f-body-02\">Ce n\u2019est pas la premi\u00e8re fois que ce groupe fait parler de lui, d\u00e9j\u00e0 en mai 2023, il aurait revendiqu\u00e9 5 <a href=\"https:\/\/www.leparisien.fr\/faits-divers\/apres-la-france-le-rail-allemand-victime-dune-serie-dincendies-un-mouvement-dextreme-gauche-revendique-les-sabotages-03-08-2024-FDBVXN6T6FFXDEGRE5JAU4GGEM.php\" target=\"_self\" rel=\"nofollow noopener\">op\u00e9rations similaires <\/a>toujours dans le district de D\u00fcsseldorf. En ao\u00fbt 2024, il aurait r\u00e9p\u00e9t\u00e9 l\u2019op\u00e9ration en incendiant d\u2019autres c\u00e2bles de signalisation ferroviaires \u00e0 Mettmann. R\u00e9digeant la m\u00eame ann\u00e9e un guide destin\u00e9 \u00ab aux d\u00e9butants \u00bb pour apprendre \u00e0 \u00ab mettre le feu aux c\u00e2bles \u00bb.<\/p>\n<p class=\"paragraph text_align_left lp-f-body-02\">Il n\u2019est pas rare que les voies ferr\u00e9es allemandes soient la cible d\u2019actes de sabotage par des collectifs. Comme le rapporte le <a href=\"https:\/\/www.faz.net\/aktuell\/politik\/inland\/duesseldorf-nach-duisburg-staatsschutz-ermittelt-nach-brand-an-bahnstrecke-110616209.html\" target=\"_self\" rel=\"nofollow noopener\">Frankfurter Allgemeine Zeitung<\/a>, en f\u00e9vrier dernier, un groupe <a href=\"https:\/\/www.leparisien.fr\/faits-divers\/quest-ce-que-le-vulkangruppe-ce-collectif-dextreme-gauche-derriere-le-sabotage-dune-usine-tesla-06-03-2024-G5RJSJXHVFGU3MRZF4VIM5W5EE.php\" target=\"_self\" rel=\"nofollow noopener\">d\u2019opposants \u00e0 l\u2019une usine Tesla<\/a> de Gr\u00fcnheide (nord) avait revendiqu\u00e9 l\u2019incendie d\u2019une gaine de c\u00e2bles \u00e0 Berlin.<\/p>\n","protected":false},"excerpt":{"rendered":"Deux incendies sur la ligne ferroviaire reliant Duisbourg et D\u00fcsseldorf, l\u2019une des plus importantes d\u2019Allemagne, auraient eu lieu&hellip;\n","protected":false},"author":2,"featured_media":289377,"comment_status":"","ping_status":"","sticky":false,"template":"","format":"standard","meta":{"footnotes":""},"categories":[1587],"tags":[11,672,1804,1805,1803,1777,674,118,1801,14,12,1802],"class_list":{"0":"post-289376","1":"post","2":"type-post","3":"status-publish","4":"format-standard","5":"has-post-thumbnail","7":"category-allemagne","8":"tag-actualites","9":"tag-allemagne","10":"tag-bundesrepublik-deutschland","11":"tag-de","12":"tag-deutschland","13":"tag-eu","14":"tag-europe","15":"tag-faits-divers","16":"tag-germany","17":"tag-international","18":"tag-news","19":"tag-republique-federale-dallemagne"},"share_on_mastodon":{"url":"https:\/\/pubeurope.com\/@fr\/114954389738073090","error":""},"_links":{"self":[{"href":"https:\/\/www.europesays.com\/fr\/wp-json\/wp\/v2\/posts\/289376","targetHints":{"allow":["GET"]}}],"collection":[{"href":"https:\/\/www.europesays.com\/fr\/wp-json\/wp\/v2\/posts"}],"about":[{"href":"https:\/\/www.europesays.com\/fr\/wp-json\/wp\/v2\/types\/post"}],"author":[{"embeddable":true,"href":"https:\/\/www.europesays.com\/fr\/wp-json\/wp\/v2\/users\/2"}],"replies":[{"embeddable":true,"href":"https:\/\/www.europesays.com\/fr\/wp-json\/wp\/v2\/comments?post=289376"}],"version-history":[{"count":0,"href":"https:\/\/www.europesays.com\/fr\/wp-json\/wp\/v2\/posts\/289376\/revisions"}],"wp:featuredmedia":[{"embeddable":true,"href":"https:\/\/www.europesays.com\/fr\/wp-json\/wp\/v2\/media\/289377"}],"wp:attachment":[{"href":"https:\/\/www.europesays.com\/fr\/wp-json\/wp\/v2\/media?parent=289376"}],"wp:term":[{"taxonomy":"category","embeddable":true,"href":"https:\/\/www.europesays.com\/fr\/wp-json\/wp\/v2\/categories?post=289376"},{"taxonomy":"post_tag","embeddable":true,"href":"https:\/\/www.europesays.com\/fr\/wp-json\/wp\/v2\/tags?post=289376"}],"curies":[{"name":"wp","href":"https:\/\/api.w.org\/{rel}","templated":true}]}}