{"id":28938,"date":"2025-04-16T09:37:31","date_gmt":"2025-04-16T09:37:31","guid":{"rendered":"https:\/\/www.europesays.com\/fr\/28938\/"},"modified":"2025-04-16T09:37:31","modified_gmt":"2025-04-16T09:37:31","slug":"municipales-2026-alors-que-ce-maire-ne-se-representera-pas-ses-elus-veulent-prendre-la-suite","status":"publish","type":"post","link":"https:\/\/www.europesays.com\/fr\/28938\/","title":{"rendered":"Municipales 2026. Alors que ce maire ne se repr\u00e9sentera pas, ses \u00e9lus veulent prendre la suite"},"content":{"rendered":"<p><a href=\"https:\/\/nantes.maville.com\/actu\/actudet_-municipales-2026.-ce-maire-au-nord-de-la-loire-atlantique-jette-l-eponge-_8-6761093_actu.Htm\" target=\"_blank\" rel=\"noopener\">Il l\u2019a annonc\u00e9, Alain Bourgoin, maire de la commune d\u2019Oudon, ne se repr\u00e9sente pas pour les \u00e9lections municipales de 2026<\/a>. Ce dernier revient sur sa d\u00e9cision et se satisfait que dix\u00a0\u00e9lus de la majorit\u00e9 d\u00e9cident de poursuivre l\u2019action. Avec une nouvelle t\u00eate de liste, ce sera l\u2019occasion d\u2019impulser une autre dynamique pour le bien vivre \u00e0 Oudon\u00a0: \u00a0Je mesure l\u2019importance de leur engagement. Ces derni\u00e8res ann\u00e9es ont \u00e9t\u00e9 marqu\u00e9es par de nombreuses d\u00e9missions d\u2019\u00e9lus locaux, partout en France\u2026 La r\u00e9alit\u00e9 du terrain n\u2019est pas toujours agr\u00e9able, mais \u00eatre maire, adjoint, ou conseiller municipal, c\u2019est un enrichissement quotidien, une aventure collective passionnante, que je suis heureux d\u2019avoir v\u00e9cu tout au long de ces ann\u00e9es\u00a0, confie le maire actuel.<\/p>\n<p>\u00c0 lire aussi\u00a0:<\/p>\n<p><a href=\"https:\/\/nantes.maville.com\/actu\/actudet_-municipales-2026.-les-communistes-designent-un-duo-pour-aller-a-la-rencontre-des-forces-de-gauche-_8-6754176_actu.Htm\" target=\"_blank\" rel=\"noopener\">Municipales 2026. Les communistes d\u00e9signent un duo pour aller \u00e0 la rencontre des forces de gauche<\/a><\/p>\n<p>\u00ab\u00a0Le non-aboutissement de la r\u00e9forme du pacte fiscal et financier COMPA\u00a0\u00bb est un regret<\/p>\n<p>Quand on demande au premier \u00e9dile s\u2019il a des regrets concernant son mandat, il n\u2019h\u00e9site pas\u00a0: \u00a0Le non-aboutissement de la r\u00e9forme du pacte fiscal et financier COMPA, c\u2019est-\u00e0-dire le r\u00e9\u00e9quilibrage des montants d\u2019AC (Attribution de compensation) revers\u00e9s par la COMPA aux communes\u00a0: ces montants avaient \u00e9t\u00e9 d\u00e9finis en 2000 et devaient \u00eatre revus, ce qui n\u2019a pas \u00e9t\u00e9 le cas, encore aujourd\u2019hui. Nous avons la chance d\u2019avoir une communaut\u00e9 de communes forte. Un territoire rayonnant et \u00e9quilibr\u00e9, des redistributions importantes certes mais tr\u00e8s in\u00e9galitaires entre les 20\u00a0communes. La moyenne dans 17\u00a0communes est d\u2019environ \u00e0 110\u00a0\u20ac par habitants revers\u00e9s, alors qu\u2019une commune est toujours \u00e0 430\u00a0\u20ac par habitant et une autre \u00e0 290\u00a0\u20ac par habitant. Mais pour faire \u00e9voluer cela, il est n\u00e9cessaire d\u2019avoir l\u2019accord des 20\u00a0communes.\u00a0<\/p>\n<p>\u00c0 lire aussi\u00a0:<\/p>\n<p><a href=\"https:\/\/nantes.maville.com\/actu\/actudet_-municipales.-a-nantes-un-petit-pas-vers-une-liste-d-union-emmenee-par-la-maire-johanna-rolland-_8-6749129_actu.Htm\" target=\"_blank\" rel=\"noopener\">Municipales. \u00c0 Nantes, un petit pas vers une liste d\u2019union emmen\u00e9e par la maire Johanna Rolland<\/a><\/p>\n<p>Finir son mandat par le mariage de son fils<\/p>\n<p>Il garde des souvenirs marquants\u00a0: \u00a0Les mariages, dont celui de Michel (pr\u00e9c\u00e9dent maire, ndlr) et Annick Dupont, les parrainages civils dont celui de\u00a0mon petit-fils. Et pour terminer mon mandat le mariage de mon fils a\u00een\u00e9 en novembre\u00a02025\u2026\u00a0<\/p>\n<p>\u00a0<\/p>\n","protected":false},"excerpt":{"rendered":"Il l\u2019a annonc\u00e9, Alain Bourgoin, maire de la commune d\u2019Oudon, ne se repr\u00e9sente pas pour les \u00e9lections municipales&hellip;\n","protected":false},"author":2,"featured_media":28939,"comment_status":"","ping_status":"","sticky":false,"template":"","format":"standard","meta":{"footnotes":""},"categories":[2818],"tags":[5734,1111,11,10153,1777,674,1011,27,5107,3554,766,12,2636,4571,10152,25,5104],"class_list":{"0":"post-28938","1":"post","2":"type-post","3":"status-publish","4":"format-standard","5":"has-post-thumbnail","7":"category-nantes","8":"tag-5734","9":"tag-actu","10":"tag-actualites","11":"tag-elus","12":"tag-eu","13":"tag-europe","14":"tag-fr","15":"tag-france","16":"tag-maire","17":"tag-municipales","18":"tag-nantes","19":"tag-news","20":"tag-pays-de-la-loire","21":"tag-prendre","22":"tag-representera","23":"tag-republique-francaise","24":"tag-suite"},"share_on_mastodon":{"url":"https:\/\/pubeurope.com\/@fr\/114346973179249318","error":""},"_links":{"self":[{"href":"https:\/\/www.europesays.com\/fr\/wp-json\/wp\/v2\/posts\/28938","targetHints":{"allow":["GET"]}}],"collection":[{"href":"https:\/\/www.europesays.com\/fr\/wp-json\/wp\/v2\/posts"}],"about":[{"href":"https:\/\/www.europesays.com\/fr\/wp-json\/wp\/v2\/types\/post"}],"author":[{"embeddable":true,"href":"https:\/\/www.europesays.com\/fr\/wp-json\/wp\/v2\/users\/2"}],"replies":[{"embeddable":true,"href":"https:\/\/www.europesays.com\/fr\/wp-json\/wp\/v2\/comments?post=28938"}],"version-history":[{"count":0,"href":"https:\/\/www.europesays.com\/fr\/wp-json\/wp\/v2\/posts\/28938\/revisions"}],"wp:featuredmedia":[{"embeddable":true,"href":"https:\/\/www.europesays.com\/fr\/wp-json\/wp\/v2\/media\/28939"}],"wp:attachment":[{"href":"https:\/\/www.europesays.com\/fr\/wp-json\/wp\/v2\/media?parent=28938"}],"wp:term":[{"taxonomy":"category","embeddable":true,"href":"https:\/\/www.europesays.com\/fr\/wp-json\/wp\/v2\/categories?post=28938"},{"taxonomy":"post_tag","embeddable":true,"href":"https:\/\/www.europesays.com\/fr\/wp-json\/wp\/v2\/tags?post=28938"}],"curies":[{"name":"wp","href":"https:\/\/api.w.org\/{rel}","templated":true}]}}