{"id":289384,"date":"2025-08-01T16:15:15","date_gmt":"2025-08-01T16:15:15","guid":{"rendered":"https:\/\/www.europesays.com\/fr\/289384\/"},"modified":"2025-08-01T16:15:15","modified_gmt":"2025-08-01T16:15:15","slug":"cote-dor-deux-hommes-tues-par-balles-dans-une-entreprise-de-btp-pres-de-dijon","status":"publish","type":"post","link":"https:\/\/www.europesays.com\/fr\/289384\/","title":{"rendered":"C\u00f4te d&rsquo;Or. Deux hommes tu\u00e9s par balles dans une entreprise de BTP pr\u00e8s de Dijon"},"content":{"rendered":"<p>Deux hommes ont \u00e9t\u00e9 retrouv\u00e9s morts tu\u00e9s par balles dans les locaux d&rsquo;une entreprise, dans la nuit de jeudi \u00e0 vendredi, pr\u00e8s de Dijon, <a href=\"https:\/\/www.bienpublic.com\/faits-divers-justice\/2025\/08\/01\/gendarmes-deployes-circulation-bloquee-enquete-en-cours-que-se-passe-t-il-a-bressey-sur-tille\" target=\"_blank\" rel=\"nofollow noopener\">selon Le Bien Public.<\/a> Le corps d&rsquo;un troisi\u00e8me homme, un \u00ab suspect\u00a0\u00bb a \u00e9t\u00e9 d\u00e9couvert peu apr\u00e8s dans une autre localit\u00e9 proche, selon la mairie concern\u00e9e. <\/p>\n<p>Les corps de deux hommes ont \u00e9t\u00e9 d\u00e9couverts dans l\u2019entreprise Maggioni, l\u2019un principaux fournisseurs de produits b\u00e9ton pr\u00eats \u00e0 l&#8217;emploi de la r\u00e9gion, \u00e0 Bressey-sur-Tille (C\u00f4te d&rsquo;Or), \u00e0 une vingtaine de minutes \u00e0 l&rsquo;est de Dijon.<\/p>\n<p>  Deux morts, \u00ab\u00a0apparemment des employ\u00e9s \u00bb<\/p>\n<p>Le parquet de Dijon a confirm\u00e9 que deux personnes avaient \u00e9t\u00e9 tu\u00e9es par balles, sans plus de d\u00e9tails sur les faits ni les lieux.<\/p>\n<p>Le maire de la municipalit\u00e9 de plus de 1 000 habitants, Lionel Sanchez, a indiqu\u00e9 s&rsquo;\u00eatre rendu t\u00f4t vendredi dans l&rsquo;entreprise afin \u00ab d&rsquo;apporter (son) soutien \u00bb. \u00ab Il y a deux d\u00e9c\u00e9d\u00e9s, apparemment des employ\u00e9s \u00bb, a-t-il ajout\u00e9, sans \u00eatre en mesure d&rsquo;en dire d&rsquo;avantage notamment sur les circonstances. Contact\u00e9e, la soci\u00e9t\u00e9 de BTP n&rsquo;a pas souhait\u00e9 faire de commentaire.\u00a0<\/p>\n<p>Peu apr\u00e8s la d\u00e9couverte des deux corps, quelque 160 gendarmes ont \u00e9t\u00e9 mobilis\u00e9s dans une vaste op\u00e9ration visant \u00e0 retrouver l&rsquo;auteur pr\u00e9sum\u00e9 du double homicide.<\/p>\n<p>Le suspect \u00ab semble s&rsquo;\u00eatre donn\u00e9 la mort\u00a0\u00bb<\/p>\n<p>Vendredi apr\u00e8s-midi, un troisi\u00e8me corps a \u00e9t\u00e9 retrouv\u00e9 dans la commune de Soirans, \u00e0 une quinzaine de minutes de Bressey-sur-Tille, qui serait celui d&rsquo;un \u00ab suspect \u00bb, a indiqu\u00e9 la mairie voisine de Tr\u00e9clun.<\/p>\n<p>\u00ab L&rsquo;individu semble s&rsquo;\u00eatre donn\u00e9 la mort aux alentours de 14h \u00bb, a d\u00e9clar\u00e9 la mairie dans un message sur son compte officiel. Selon cette m\u00eame source, ce \u00ab suspect \u00bb serait \u00ab un coll\u00e8gue des deux victimes \u00bb de l&rsquo;entreprise de BTP.<br \/>Interrog\u00e9, le parquet n&rsquo;a pas confirm\u00e9 ces informations.<\/p>\n<p>Selon la gendarmerie, 161 militaires ont \u00e9t\u00e9 mobilis\u00e9s pour cette vaste op\u00e9ration au sujet de laquelle les forces de l&rsquo;ordre ne veulent rien dire: de gendarmes du Peloton de surveillance et d&rsquo;intervention (PSIG), de la Cellule identification criminelle, ainsi que de la Section de recherches, avec des renforts du Groupe d&rsquo;intervention de la Gendarmerie nationale (GIGN), de gendarmes mobiles et de la section a\u00e9rienne.<\/p>\n","protected":false},"excerpt":{"rendered":"Deux hommes ont \u00e9t\u00e9 retrouv\u00e9s morts tu\u00e9s par balles dans les locaux d&rsquo;une entreprise, dans la nuit de&hellip;\n","protected":false},"author":2,"featured_media":289385,"comment_status":"","ping_status":"","sticky":false,"template":"","format":"standard","meta":{"footnotes":""},"categories":[2],"tags":[11,274,107,1011,27,329,12,11058,25],"class_list":{"0":"post-289384","1":"post","2":"type-post","3":"status-publish","4":"format-standard","5":"has-post-thumbnail","7":"category-actualites","8":"tag-actualites","9":"tag-faits-divers-justice","10":"tag-fil-info","11":"tag-fr","12":"tag-france","13":"tag-france-monde","14":"tag-news","15":"tag-region-franche-comte","16":"tag-republique-francaise"},"share_on_mastodon":{"url":"https:\/\/pubeurope.com\/@fr\/114954405427272903","error":""},"_links":{"self":[{"href":"https:\/\/www.europesays.com\/fr\/wp-json\/wp\/v2\/posts\/289384","targetHints":{"allow":["GET"]}}],"collection":[{"href":"https:\/\/www.europesays.com\/fr\/wp-json\/wp\/v2\/posts"}],"about":[{"href":"https:\/\/www.europesays.com\/fr\/wp-json\/wp\/v2\/types\/post"}],"author":[{"embeddable":true,"href":"https:\/\/www.europesays.com\/fr\/wp-json\/wp\/v2\/users\/2"}],"replies":[{"embeddable":true,"href":"https:\/\/www.europesays.com\/fr\/wp-json\/wp\/v2\/comments?post=289384"}],"version-history":[{"count":0,"href":"https:\/\/www.europesays.com\/fr\/wp-json\/wp\/v2\/posts\/289384\/revisions"}],"wp:featuredmedia":[{"embeddable":true,"href":"https:\/\/www.europesays.com\/fr\/wp-json\/wp\/v2\/media\/289385"}],"wp:attachment":[{"href":"https:\/\/www.europesays.com\/fr\/wp-json\/wp\/v2\/media?parent=289384"}],"wp:term":[{"taxonomy":"category","embeddable":true,"href":"https:\/\/www.europesays.com\/fr\/wp-json\/wp\/v2\/categories?post=289384"},{"taxonomy":"post_tag","embeddable":true,"href":"https:\/\/www.europesays.com\/fr\/wp-json\/wp\/v2\/tags?post=289384"}],"curies":[{"name":"wp","href":"https:\/\/api.w.org\/{rel}","templated":true}]}}