{"id":289388,"date":"2025-08-01T16:18:11","date_gmt":"2025-08-01T16:18:11","guid":{"rendered":"https:\/\/www.europesays.com\/fr\/289388\/"},"modified":"2025-08-01T16:18:11","modified_gmt":"2025-08-01T16:18:11","slug":"les-soeurs-verge-depre-renversees-en-quarts-de-finale-rts-ch","status":"publish","type":"post","link":"https:\/\/www.europesays.com\/fr\/289388\/","title":{"rendered":"Les soeurs Verg\u00e9-D\u00e9pr\u00e9 renvers\u00e9es en quarts de finale &#8211; rts.ch"},"content":{"rendered":"<p>Anouk et Zo\u00e9 Verg\u00e9-D\u00e9pr\u00e9 ont \u00e9t\u00e9 \u00e9limin\u00e9es en quarts de finale des Europ\u00e9ens de D\u00fcsseldorf vendredi. Les soeurs bernoises ont \u00e9t\u00e9 battues par les Espagnoles Alvarez\/Moreno 12-21 22-20 17-15.<\/p>\n<p>La \u00ab\u00a0Team Zouk\u00a0\u00bb, qui avait domin\u00e9 les N\u00e9erlandaises van Driel\/Bekhuis 23-21 21-16 en 8e de finale dans la matin\u00e9e, a pourtant fait tout juste en enlevant la premi\u00e8re manche avec autorit\u00e9. Sur un sable mouill\u00e9 par la pluie, elles sont ensuite pass\u00e9es \u00e0 deux points d&rsquo;une qualification en demi-finale dans la deuxi\u00e8me manche et dans le set d\u00e9cisif.<\/p>\n<p>Plus aucune chance de m\u00e9daille<\/p>\n<p>Mais Anouk et Zo\u00e9 Verg\u00e9-D\u00e9pr\u00e9, qui jouent ensemble depuis le d\u00e9but de la saison, ont p\u00each\u00e9 au moment de conclure et ont laiss\u00e9 les Ib\u00e9riques rallier le dernier carr\u00e9. Les deux soeurs ne f\u00eateront donc pas de deuxi\u00e8me m\u00e9daille continentale &#8211; Anouk s&rsquo;\u00e9tait par\u00e9e d&rsquo;or en 2020 avec Joana Heidrich, Zo\u00e9 de bronze en 2024 avec Esm\u00e9e B\u00f6bner.<\/p>\n<p>Second duo suisse encore en lice vendredi, Adrian Heidrich et Jonathan Jordan ont de leur c\u00f4t\u00e9 \u00e9chou\u00e9 au stade des 8es de finale dans le tableau masculin. Ils se sont inclin\u00e9s 21-15 28-26 devant les N\u00e9erlandais Alexander Brouwer et Steven van de Velde.<\/p>\n<p class=\"sources\">ats\/lper<\/p>\n","protected":false},"excerpt":{"rendered":"Anouk et Zo\u00e9 Verg\u00e9-D\u00e9pr\u00e9 ont \u00e9t\u00e9 \u00e9limin\u00e9es en quarts de finale des Europ\u00e9ens de D\u00fcsseldorf vendredi. Les soeurs&hellip;\n","protected":false},"author":2,"featured_media":289389,"comment_status":"","ping_status":"","sticky":false,"template":"","format":"standard","meta":{"footnotes":""},"categories":[1417],"tags":[672,3062,27306,42389,42830,674,1011,27,4480,27310,517,60,1470,1632,1469,42831,27315],"class_list":{"0":"post-289388","1":"post","2":"type-post","3":"status-publish","4":"format-standard","5":"has-post-thumbnail","7":"category-volley","8":"tag-allemagne","9":"tag-autres-sports","10":"tag-beach-volley","11":"tag-dusseldorf","12":"tag-emi-van-driel","13":"tag-europe","14":"tag-fr","15":"tag-france","16":"tag-quart-de-finale","17":"tag-rts-sport","18":"tag-sport","19":"tag-sports","20":"tag-volley","21":"tag-volley-ball","22":"tag-volleyball","23":"tag-wies-bekhuis","24":"tag-zoe-verge-depre"},"share_on_mastodon":{"url":"https:\/\/pubeurope.com\/@fr\/114954417250512699","error":""},"_links":{"self":[{"href":"https:\/\/www.europesays.com\/fr\/wp-json\/wp\/v2\/posts\/289388","targetHints":{"allow":["GET"]}}],"collection":[{"href":"https:\/\/www.europesays.com\/fr\/wp-json\/wp\/v2\/posts"}],"about":[{"href":"https:\/\/www.europesays.com\/fr\/wp-json\/wp\/v2\/types\/post"}],"author":[{"embeddable":true,"href":"https:\/\/www.europesays.com\/fr\/wp-json\/wp\/v2\/users\/2"}],"replies":[{"embeddable":true,"href":"https:\/\/www.europesays.com\/fr\/wp-json\/wp\/v2\/comments?post=289388"}],"version-history":[{"count":0,"href":"https:\/\/www.europesays.com\/fr\/wp-json\/wp\/v2\/posts\/289388\/revisions"}],"wp:featuredmedia":[{"embeddable":true,"href":"https:\/\/www.europesays.com\/fr\/wp-json\/wp\/v2\/media\/289389"}],"wp:attachment":[{"href":"https:\/\/www.europesays.com\/fr\/wp-json\/wp\/v2\/media?parent=289388"}],"wp:term":[{"taxonomy":"category","embeddable":true,"href":"https:\/\/www.europesays.com\/fr\/wp-json\/wp\/v2\/categories?post=289388"},{"taxonomy":"post_tag","embeddable":true,"href":"https:\/\/www.europesays.com\/fr\/wp-json\/wp\/v2\/tags?post=289388"}],"curies":[{"name":"wp","href":"https:\/\/api.w.org\/{rel}","templated":true}]}}