{"id":289390,"date":"2025-08-01T16:19:11","date_gmt":"2025-08-01T16:19:11","guid":{"rendered":"https:\/\/www.europesays.com\/fr\/289390\/"},"modified":"2025-08-01T16:19:11","modified_gmt":"2025-08-01T16:19:11","slug":"il-etait-en-train-de-crier-au-secours-le-recit-glacant-des-coequipiers","status":"publish","type":"post","link":"https:\/\/www.europesays.com\/fr\/289390\/","title":{"rendered":"\u00ab\u00a0Il \u00e9tait en train de crier au secours\u00a0\u00bb, le r\u00e9cit gla\u00e7ant des co\u00e9quipiers"},"content":{"rendered":"<p>Il est difficile de <a href=\"https:\/\/www.20minutes.fr\/sport\/rugby\/4166073-20250731-disparition-medhi-narjissi-an-apres-famille-victime-tient-florian-grill-poursuivi\" class=\"color-ultramarine c-link\" rel=\"nofollow noopener\" target=\"_blank\">ne pas partager la r\u00e9volte des parents de Medhi Narjissi<\/a> \u00e0 mesure que s\u2019\u00e9gr\u00e8nent les \u00e9l\u00e9ments sur la disparition du jeune rugbyman en Afrique du Sud, le 7\u00a0ao\u00fbt 2024. Le r\u00e9cit aux enqu\u00eateurs des co\u00e9quipiers pr\u00e9sents \u00e0 Dias beach, lieu de la disparition de l\u2019adolescent de 17 ans, <a href=\"https:\/\/www.lequipe.fr\/Rugby\/Article\/-j-ai-regarde-partout-je-ne-le-voyais-plus-le-recit-des-coequipiers-de-medhi-narjissi-face-aux-enqueteurs\/1582263\" rel=\"nofollow noopener\" target=\"_blank\" class=\"color-ultramarine c-link\">r\u00e9v\u00e9l\u00e9 par le quotidien L\u2019Equipe ce vendredi<\/a>, accable en tous points le staff de l\u2019\u00e9quipe de France U18.<\/p>\n<p>Au lendemain d\u2019un match contre une \u00e9quipe universitaire, <a href=\"https:\/\/www.20minutes.fr\/sport\/rugby\/4156614-20250603-disparition-medhi-narjissi-deux-encadrants-ffr-mis-examen\" class=\"color-ultramarine c-link\" rel=\"nofollow noopener\" target=\"_blank\">le pr\u00e9parateur physique Robin Ladauge<\/a> avait envoy\u00e9 un message dans une boucle Whatsapp cr\u00e9\u00e9e par les encadrants, en soulignant l\u2019obligation pour les joueurs d\u2019effectuer un bain froid pour favoriser la r\u00e9cup\u00e9ration des joueurs. Deux choix possibles\u00a0: un bain froid \u00e0 l\u2019h\u00f4tel en fin de journ\u00e9e ou un bain sur la plage du cap de Bonne Esp\u00e9rance.<\/p>\n<p>Une bou\u00e9e, des gamins heureux puis le drame<\/p>\n<p>Dias beach, en l\u2019occurrence, dont les locaux connaissent parfaitement la dangerosit\u00e9, par ailleurs signal\u00e9e par <a href=\"https:\/\/www.lequipe.fr\/_medias\/img-photo-jpg\/le-panneau-a-l-entree-de-la-plage-qui-indique-que-la-baignade-est-dangereuse-m-nkateko-l-equipe\/1500000002035854\/0:0,917:611-828-552-75\/c262e.jpg\" rel=\"nofollow noopener\" target=\"_blank\" class=\"color-ultramarine c-link\">des panneaux aux abords de la plage<\/a>. Un seul encadrant, un kin\u00e9 qui n\u2019est pas all\u00e9 jusqu\u2019\u00e0 la plage, a admis l\u2019avoir vu. On peut supposer que les joueurs n\u2019\u00e9taient pas conscients des risques encourus en allant \u00e0 l\u2019eau.<\/p>\n<p>En descendant sur la plage, Robin Ladauge aper\u00e7oit une bou\u00e9e. \u00ab\u00a0II m\u2019a dit \u00ab\u00a0je vais prendre la bou\u00e9e au cas o\u00f9 il arrive quelque chose\u00a0\u00bb\u00a0\u00bb, raconte L\u00e9o Michaux (17 ans). Il s\u2019agira de la seule pr\u00e9caution prise, le reste relevant de la surveillance au doigt mouill\u00e9. \u00ab\u00a0Robin \u00e9tait \u00e0 une dizaine de m\u00e8tres du bord. Il se chargeait, entre guillemets, de faire la police quand nous allions trop loin [dans l\u2019eau].\u00a0\u00bb<\/p>\n<p>Au bout d\u2019un quart d\u2019heure, le pr\u00e9parateur siffle la fin de la r\u00e9cr\u00e9, mais c\u00e8de devant les joueurs qui passent du bon temps au point de r\u00e9clamer du rab. Medhi Narjissi (1,68\u00a0m) propose \u00e0 son co\u00e9quipier Noa Tinnirello de rejoindre Baptiste Veschambre (2,02\u00a0m), 30 m\u00e8tres plus loin. Noa Tinnirello refusera, mais quand Robin Ladauge annonce la fin des cinq minutes suppl\u00e9mentaires, Medhi Narjissi manque \u00e0 l\u2019appel alors que Baptiste Veschambre \u00e9tait d\u00e9j\u00e0 de retour sur la plage. Aux enqu\u00eateurs, Antonio Ratavo (18 ans), dira qu\u2019il a vu Medhi partir. \u00ab\u00a0On pensait qu\u2019il faisait une petite blague pour qu\u2019il puisse prendre une derni\u00e8re vague. Connaissant Medhi, il aimait bien faire des choses dr\u00f4les.\u00a0\u00bb Sauf que \u00e7a n\u2019en \u00e9tait pas une. \u00ab\u00a0Les adultes ne savaient pas quoi faire\u00a0\u00bb, poursuit-il.<\/p>\n<p>La tentative de sauvetage h\u00e9ro\u00efque du jeune Oscar Boutez<\/p>\n<p>L\u2019analyste de performance Axel Dupont reste fig\u00e9, Robin Laudauge se heurte au courant en essayant de faire usage de sa bou\u00e9e. Leur impuissance pousse finalement un gamin de 16 ans, Oscar Boutez, \u00e0 se jeter \u00e0 l\u2019eau et \u00e0 risquer sa vie. Excellent nageur, il r\u00e9ussit \u00e0 rejoindre Medhi Narjissi. \u00ab\u00a0J\u2019arrive \u00e0 sa hauteur. Medhi est en train de crier \u00ab\u00a0au secours\u00a0\u00bb. II demande de l\u2019aide. J\u2019arrive \u00e0 le r\u00e9cup\u00e9rer, je le mets sur mon dos et je nage vers le bord.\u00a0\u00bb<\/p>\n<p><a href=\"https:\/\/www.20minutes.fr\/sport\/ffr\/\" class=\"c-link c-btn c-btn--primary\" rel=\"nofollow noopener\" target=\"_blank\">Notre dossier sur la FFR<\/a><\/p>\n<p>Oscar Boutez encaisse le courant, dit \u00e0 son co\u00e9quipier de s\u2019agripper et de respirer entre deux vagues, mais les deux jeunes rugbymen sont finalement pi\u00e9g\u00e9s par un mur d\u2019eau de plusieurs m\u00e8tres. \u00ab\u00a0Nous avons pris la vague de plein fouet. Medhi m\u2019a l\u00e2ch\u00e9. J\u2019ai \u00e9t\u00e9 emport\u00e9 un peu n\u2019importe comment. Il m\u2019a sembl\u00e9 \u00eatre rest\u00e9 sous l\u2019eau une vingtaine de secondes avant que je r\u00e9ussisse \u00e0 remonter \u00e0 la surface. Je me suis retourn\u00e9, j\u2019ai regard\u00e9 partout, je ne voyais plus Medhi.\u00a0\u00bb Il ne sera jamais retrouv\u00e9.<\/p>\n","protected":false},"excerpt":{"rendered":"Il est difficile de ne pas partager la r\u00e9volte des parents de Medhi Narjissi \u00e0 mesure que s\u2019\u00e9gr\u00e8nent&hellip;\n","protected":false},"author":2,"featured_media":289391,"comment_status":"","ping_status":"","sticky":false,"template":"","format":"standard","meta":{"footnotes":""},"categories":[1416],"tags":[5594,2715,12116,1011,27,479,1468,517,60,513],"class_list":{"0":"post-289390","1":"post","2":"type-post","3":"status-publish","4":"format-standard","5":"has-post-thumbnail","7":"category-rugby","8":"tag-afrique-du-sud","9":"tag-disparition","10":"tag-ffr","11":"tag-fr","12":"tag-france","13":"tag-rugby","14":"tag-rugby-football","15":"tag-sport","16":"tag-sports","17":"tag-xv-de-france"},"share_on_mastodon":{"url":"https:\/\/pubeurope.com\/@fr\/114954421166746910","error":""},"_links":{"self":[{"href":"https:\/\/www.europesays.com\/fr\/wp-json\/wp\/v2\/posts\/289390","targetHints":{"allow":["GET"]}}],"collection":[{"href":"https:\/\/www.europesays.com\/fr\/wp-json\/wp\/v2\/posts"}],"about":[{"href":"https:\/\/www.europesays.com\/fr\/wp-json\/wp\/v2\/types\/post"}],"author":[{"embeddable":true,"href":"https:\/\/www.europesays.com\/fr\/wp-json\/wp\/v2\/users\/2"}],"replies":[{"embeddable":true,"href":"https:\/\/www.europesays.com\/fr\/wp-json\/wp\/v2\/comments?post=289390"}],"version-history":[{"count":0,"href":"https:\/\/www.europesays.com\/fr\/wp-json\/wp\/v2\/posts\/289390\/revisions"}],"wp:featuredmedia":[{"embeddable":true,"href":"https:\/\/www.europesays.com\/fr\/wp-json\/wp\/v2\/media\/289391"}],"wp:attachment":[{"href":"https:\/\/www.europesays.com\/fr\/wp-json\/wp\/v2\/media?parent=289390"}],"wp:term":[{"taxonomy":"category","embeddable":true,"href":"https:\/\/www.europesays.com\/fr\/wp-json\/wp\/v2\/categories?post=289390"},{"taxonomy":"post_tag","embeddable":true,"href":"https:\/\/www.europesays.com\/fr\/wp-json\/wp\/v2\/tags?post=289390"}],"curies":[{"name":"wp","href":"https:\/\/api.w.org\/{rel}","templated":true}]}}