{"id":289392,"date":"2025-08-01T16:20:10","date_gmt":"2025-08-01T16:20:10","guid":{"rendered":"https:\/\/www.europesays.com\/fr\/289392\/"},"modified":"2025-08-01T16:20:10","modified_gmt":"2025-08-01T16:20:10","slug":"atp-toronto-taylor-fritz-prefere-en-rire-cest-plus-difficile-a-faire-quil-ny-parait-parfois","status":"publish","type":"post","link":"https:\/\/www.europesays.com\/fr\/289392\/","title":{"rendered":"ATP &#8211; Toronto > Taylor Fritz pr\u00e9f\u00e8re en rire : \u00ab C&rsquo;est plus difficile \u00e0 faire qu&rsquo;il n&rsquo;y para\u00eet parfois \u00bb"},"content":{"rendered":"<p>Vainqueur face \u00e0 Roberto Carballes Baena au premier tour \u00e0 Toronto (7\u20135,7\u20136(1)), Taylor Fritz n\u2019a pas montr\u00e9 son meilleur niveau, et a par la suite \u00e9crit un message signi\u00adfi\u00adcatif sur la cam\u00e9ra\u00a0: \u00ab\u202fMettre la balle dans le\u00a0court\u202f\u00bb.<\/p>\n<p>Auteur de pas moins de 45 fautes directes lors de ce match, l\u2019Am\u00e9ricain a ensuite r\u00e9agi sur <a href=\"https:\/\/x.com\/Taylor_Fritz97\/status\/1951037419681357963\" data-wpel-link=\"external\" target=\"_blank\" rel=\"nofollow external noopener\">X<\/a> avec un peu d\u2019humour.<\/p>\n<p><strong>\u00ab\u202fC\u2019est plus diffi\u00adcile \u00e0 faire qu\u2019il n\u2019y para\u00eet parfois\u202f! M\u00eame \u00e0 l\u2019en\u00adtra\u00ee\u00adne\u00adment, j\u2019ai du mal \u00e0 mettre la balle sur le terrain. Mais je suis content d\u2019avoir surmont\u00e9 cette \u00e9preuve.<\/strong> <strong>\u00bb<\/strong>, a rajout\u00e9 le num\u00e9ro 4 mondial en conf\u00e9\u00adrence de presse.<\/p>\n<blockquote class=\"twitter-tweet\">\n<p lang=\"en\" dir=\"ltr\">Harder to do than it seems some\u00adtimes \ud83d\ude02 <a href=\"https:\/\/t.co\/K9bxAlOlZ6\" data-wpel-link=\"external\" target=\"_blank\" rel=\"nofollow external noopener\">https:\/\/t.co\/K9bxAlOlZ6<\/a><\/p>\n<p>\u2014 Taylor Fritz (@Taylor_Fritz97) <a href=\"https:\/\/twitter.com\/Taylor_Fritz97\/status\/1951037419681357963?ref_src=twsrc%5Etfw\" data-wpel-link=\"external\" target=\"_blank\" rel=\"nofollow external noopener\">July 31,\u00a02025<\/a><\/p><\/blockquote>\n<p>Oppos\u00e9 \u00e0 Gabriel Diallo cette nuit, Fritz aura fort \u00e0 faire pour venir \u00e0 bout de la p\u00e9pite Canadienne.<\/p>\n<p class=\"post-published-date\" style=\"color: silver; font-size: 75%; text-align: left;\">Publi\u00e9 le vendredi 1 ao\u00fbt 2025 \u00e0 16:50<\/p>\n<p><script async src=\"https:\/\/platform.twitter.com\/widgets.js\" charset=\"utf-8\"><\/script><\/p>\n","protected":false},"excerpt":{"rendered":"Vainqueur face \u00e0 Roberto Carballes Baena au premier tour \u00e0 Toronto (7\u20135,7\u20136(1)), Taylor Fritz n\u2019a pas montr\u00e9 son&hellip;\n","protected":false},"author":2,"featured_media":289393,"comment_status":"","ping_status":"","sticky":false,"template":"","format":"standard","meta":{"footnotes":""},"categories":[1415],"tags":[19766,1011,27,42832,60,1467],"class_list":{"0":"post-289392","1":"post","2":"type-post","3":"status-publish","4":"format-standard","5":"has-post-thumbnail","7":"category-tennis","8":"tag-diallo","9":"tag-fr","10":"tag-france","11":"tag-fritz","12":"tag-sports","13":"tag-tennis"},"share_on_mastodon":{"url":"https:\/\/pubeurope.com\/@fr\/114954425003509795","error":""},"_links":{"self":[{"href":"https:\/\/www.europesays.com\/fr\/wp-json\/wp\/v2\/posts\/289392","targetHints":{"allow":["GET"]}}],"collection":[{"href":"https:\/\/www.europesays.com\/fr\/wp-json\/wp\/v2\/posts"}],"about":[{"href":"https:\/\/www.europesays.com\/fr\/wp-json\/wp\/v2\/types\/post"}],"author":[{"embeddable":true,"href":"https:\/\/www.europesays.com\/fr\/wp-json\/wp\/v2\/users\/2"}],"replies":[{"embeddable":true,"href":"https:\/\/www.europesays.com\/fr\/wp-json\/wp\/v2\/comments?post=289392"}],"version-history":[{"count":0,"href":"https:\/\/www.europesays.com\/fr\/wp-json\/wp\/v2\/posts\/289392\/revisions"}],"wp:featuredmedia":[{"embeddable":true,"href":"https:\/\/www.europesays.com\/fr\/wp-json\/wp\/v2\/media\/289393"}],"wp:attachment":[{"href":"https:\/\/www.europesays.com\/fr\/wp-json\/wp\/v2\/media?parent=289392"}],"wp:term":[{"taxonomy":"category","embeddable":true,"href":"https:\/\/www.europesays.com\/fr\/wp-json\/wp\/v2\/categories?post=289392"},{"taxonomy":"post_tag","embeddable":true,"href":"https:\/\/www.europesays.com\/fr\/wp-json\/wp\/v2\/tags?post=289392"}],"curies":[{"name":"wp","href":"https:\/\/api.w.org\/{rel}","templated":true}]}}