{"id":28940,"date":"2025-04-16T09:38:25","date_gmt":"2025-04-16T09:38:25","guid":{"rendered":"https:\/\/www.europesays.com\/fr\/28940\/"},"modified":"2025-04-16T09:38:25","modified_gmt":"2025-04-16T09:38:25","slug":"degradations-au-sein-dune-ecole-a-nantes-quatre-adolescents-interpelles-en-quittant-les-2","status":"publish","type":"post","link":"https:\/\/www.europesays.com\/fr\/28940\/","title":{"rendered":"D\u00e9gradations au sein d\u2019une \u00e9cole \u00e0 Nantes\u00a0: quatre adolescents interpell\u00e9s en quittant les"},"content":{"rendered":"<p>Ils \u00e9taient visiblement cinq. <a href=\"https:\/\/www.ouest-france.fr\/societe\/faits-divers\/\" target=\"_self\" rel=\"noopener\">Quatre jeunes hommes ont \u00e9t\u00e9 interpell\u00e9s<\/a> peu apr\u00e8s 20\u00a0h\u00a030, lundi 14\u00a0avril 2025, pour des d\u00e9gradations perp\u00e9tr\u00e9es au sein d\u2019un \u00e9tablissement scolaire, \u00e0 Nantes. Ils sont \u00e9galement pour le moment soup\u00e7onn\u00e9s de tentative de vol avec effraction.<\/p>\n<p>C\u2019est un riverain qui a appel\u00e9 la police. Durant cette p\u00e9riode de vacances scolaires, des intrus s\u2019\u00e9taient introduits \u00e0 l\u2019int\u00e9rieur de l\u2019\u00e9cole primaire Emile-Pehant, situ\u00e9e dans la rue du m\u00eame nom, entre le centre-ville et la Loire. Ils seraient entr\u00e9s apr\u00e8s avoir bris\u00e9 une fen\u00eatre. D\u2019apr\u00e8s les premi\u00e8res constatations faites sur place par les policiers, des portes ont \u00e9t\u00e9 d\u00e9fonc\u00e9es\u00a0; du mat\u00e9riel informatique et des instruments de musique, d\u00e9grad\u00e9es\u00a0; des extincteurs, vid\u00e9s.<\/p>\n<p>Les quatre jeunes gens, qui sont \u00e2g\u00e9s de 16 et 17\u00a0ans, ont \u00e9t\u00e9 plac\u00e9s en garde \u00e0 vue. D\u2019apr\u00e8s leurs premi\u00e8res explications, ils auraient agi ainsi pour r\u00e9cup\u00e9rer un ballon.<\/p>\n<p>\u00a0<\/p>\n","protected":false},"excerpt":{"rendered":"Ils \u00e9taient visiblement cinq. Quatre jeunes hommes ont \u00e9t\u00e9 interpell\u00e9s peu apr\u00e8s 20\u00a0h\u00a030, lundi 14\u00a0avril 2025, pour des&hellip;\n","protected":false},"author":2,"featured_media":27532,"comment_status":"","ping_status":"","sticky":false,"template":"","format":"standard","meta":{"footnotes":""},"categories":[2818],"tags":[1111,11,3959,1438,7229,1122,1777,674,1011,27,9690,9692,766,12,2636,9691,25,3865],"class_list":{"0":"post-28940","1":"post","2":"type-post","3":"status-publish","4":"format-standard","5":"has-post-thumbnail","7":"category-nantes","8":"tag-actu","9":"tag-actualites","10":"tag-adolescents","11":"tag-angers","12":"tag-degradations","13":"tag-ecole","14":"tag-eu","15":"tag-europe","16":"tag-fr","17":"tag-france","18":"tag-interpelles","19":"tag-lieux","20":"tag-nantes","21":"tag-news","22":"tag-pays-de-la-loire","23":"tag-quittant","24":"tag-republique-francaise","25":"tag-sein"},"share_on_mastodon":{"url":"https:\/\/pubeurope.com\/@fr\/114346977088469987","error":""},"_links":{"self":[{"href":"https:\/\/www.europesays.com\/fr\/wp-json\/wp\/v2\/posts\/28940","targetHints":{"allow":["GET"]}}],"collection":[{"href":"https:\/\/www.europesays.com\/fr\/wp-json\/wp\/v2\/posts"}],"about":[{"href":"https:\/\/www.europesays.com\/fr\/wp-json\/wp\/v2\/types\/post"}],"author":[{"embeddable":true,"href":"https:\/\/www.europesays.com\/fr\/wp-json\/wp\/v2\/users\/2"}],"replies":[{"embeddable":true,"href":"https:\/\/www.europesays.com\/fr\/wp-json\/wp\/v2\/comments?post=28940"}],"version-history":[{"count":0,"href":"https:\/\/www.europesays.com\/fr\/wp-json\/wp\/v2\/posts\/28940\/revisions"}],"wp:featuredmedia":[{"embeddable":true,"href":"https:\/\/www.europesays.com\/fr\/wp-json\/wp\/v2\/media\/27532"}],"wp:attachment":[{"href":"https:\/\/www.europesays.com\/fr\/wp-json\/wp\/v2\/media?parent=28940"}],"wp:term":[{"taxonomy":"category","embeddable":true,"href":"https:\/\/www.europesays.com\/fr\/wp-json\/wp\/v2\/categories?post=28940"},{"taxonomy":"post_tag","embeddable":true,"href":"https:\/\/www.europesays.com\/fr\/wp-json\/wp\/v2\/tags?post=28940"}],"curies":[{"name":"wp","href":"https:\/\/api.w.org\/{rel}","templated":true}]}}