{"id":289402,"date":"2025-08-01T16:26:10","date_gmt":"2025-08-01T16:26:10","guid":{"rendered":"https:\/\/www.europesays.com\/fr\/289402\/"},"modified":"2025-08-01T16:26:10","modified_gmt":"2025-08-01T16:26:10","slug":"paris-jackson-annonce-setre-separee-de-son-fiance-justin-long","status":"publish","type":"post","link":"https:\/\/www.europesays.com\/fr\/289402\/","title":{"rendered":"Paris Jackson annonce s\u2019\u00eatre s\u00e9par\u00e9e de son fianc\u00e9 Justin Long"},"content":{"rendered":"<p>Paris Jackson a l\u2019\u00e2me en peine. Le Daily Mail a post\u00e9 cette semaine des photos de la <a href=\"https:\/\/www.20minutes.fr\/arts-stars\/people\/4132412-20250107-paris-jackson-fete-5-ans-sobriete-video-retracant-parcours\" rel=\"nofollow noopener\" target=\"_blank\" class=\"color-ultramarine c-link\">jeune artiste<\/a> la mine d\u00e9faite qui ont cr\u00e9\u00e9 l\u2019\u00e9moi chez ses fans. Alors que l\u2019anniversaire de la mort de son p\u00e8re Michael Jackson venait de passer, Paris Jackson semblait en larmes lors d\u2019une promenade en solo, <a href=\"https:\/\/www.dailymail.co.uk\/tvshowbiz\/article-14961031\/Paris-Jackson-fiance-end-engagement-crying-public.html\" rel=\"nofollow noopener\" target=\"_blank\" class=\"color-ultramarine c-link\">d\u00e9crivait<\/a> la publication, cr\u00e9ant l\u2019\u00e9moi chez les fans. Et c\u2019est la fille du <a href=\"https:\/\/www.20minutes.fr\/arts-stars\/people\/4164322-20250720-paris-jackson-mecontente-gestion-patrimoine-pere-michael-jackson\" rel=\"nofollow noopener\" target=\"_blank\" class=\"color-ultramarine c-link\">roi de la pop<\/a> elle-m\u00eame qui a tenu \u00e0 \u00e9claircir les raisons de sa tristesse. \u00ab\u00a0Ce sont des larmes de rupture\u00a0\u00bb, a-t-elle ainsi comment\u00e9.<\/p>\n<p>La chanteuse et compositrice de 27 ans avait annonc\u00e9 ses fian\u00e7ailles avec le producteur de musique Justin Long en d\u00e9cembre, \u00e9crivant \u00e0 l\u2019\u00e9poque dans un post Instagram depuis effac\u00e9 qu\u2019elle \u00ab\u00a0ne pouvait r\u00eaver de quelqu\u2019un de plus parfait\u00a0\u00bb pour partager sa vie.<\/p>\n<p>Boule de cristal cass\u00e9e<\/p>\n<p>\u00ab\u00a0Faire ma vie avec toi ces derni\u00e8res ann\u00e9es a \u00e9t\u00e9 un tourbillon indescriptible. Merci de m\u2019avoir permis d\u2019\u00eatre \u00e0 toi. Je t\u2019aime\u00a0\u00bb, \u00e9crivait-elle. La fille que <a href=\"https:\/\/www.20minutes.fr\/arts-stars\/people\/3064083-20210617-paris-jackson-deballe-tout-pere-michael-famille-mere-debbie-rowe\" rel=\"nofollow noopener\" target=\"_blank\" class=\"color-ultramarine c-link\">Michael Jackson<\/a> a eue avec Debbie Rowe, avec qui il est rest\u00e9 mari\u00e9 quatre ans et qui lui a donn\u00e9 un autre enfant, Prince, \u00e9tait m\u00eame en pleins pr\u00e9paratifs de mariage au mois de juin, avant d\u2019embarquer en tourn\u00e9e avec le groupe de rock am\u00e9ricain Incubus.<\/p>\n<p>\u00ab\u00a0La robe est en cours de fabrication, le lieu a \u00e9t\u00e9 choisi et la date a \u00e9t\u00e9 choisie par un astrologue, parce que je viens de Los Angeles\u00a0\u00bb, <a href=\"https:\/\/www.youtube.com\/watch?v=0bKyWE-Osyw\" rel=\"nofollow noopener\" target=\"_blank\" class=\"color-ultramarine c-link\">d\u00e9clarait<\/a>-elle \u00e0 Access Hollywood. \u00ab\u00a0Les cristaux, l\u2019astrologie et tout le reste, c\u2019est mon truc.\u00a0\u00bb Il faudrait visiblement aussi se s\u00e9parer de l\u2019astrologue.<\/p>\n","protected":false},"excerpt":{"rendered":"Paris Jackson a l\u2019\u00e2me en peine. Le Daily Mail a post\u00e9 cette semaine des photos de la jeune&hellip;\n","protected":false},"author":2,"featured_media":289403,"comment_status":"","ping_status":"","sticky":false,"template":"","format":"standard","meta":{"footnotes":""},"categories":[1359],"tags":[58,59,1011,27,2440,35268,873,973,13559,133],"class_list":{"0":"post-289402","1":"post","2":"type-post","3":"status-publish","4":"format-standard","5":"has-post-thumbnail","7":"category-people","8":"tag-divertissement","9":"tag-entertainment","10":"tag-fr","11":"tag-france","12":"tag-instagram","13":"tag-michael-jackson","14":"tag-musique","15":"tag-people","16":"tag-rupture","17":"tag-video"},"share_on_mastodon":{"url":"https:\/\/pubeurope.com\/@fr\/114954448590716137","error":""},"_links":{"self":[{"href":"https:\/\/www.europesays.com\/fr\/wp-json\/wp\/v2\/posts\/289402","targetHints":{"allow":["GET"]}}],"collection":[{"href":"https:\/\/www.europesays.com\/fr\/wp-json\/wp\/v2\/posts"}],"about":[{"href":"https:\/\/www.europesays.com\/fr\/wp-json\/wp\/v2\/types\/post"}],"author":[{"embeddable":true,"href":"https:\/\/www.europesays.com\/fr\/wp-json\/wp\/v2\/users\/2"}],"replies":[{"embeddable":true,"href":"https:\/\/www.europesays.com\/fr\/wp-json\/wp\/v2\/comments?post=289402"}],"version-history":[{"count":0,"href":"https:\/\/www.europesays.com\/fr\/wp-json\/wp\/v2\/posts\/289402\/revisions"}],"wp:featuredmedia":[{"embeddable":true,"href":"https:\/\/www.europesays.com\/fr\/wp-json\/wp\/v2\/media\/289403"}],"wp:attachment":[{"href":"https:\/\/www.europesays.com\/fr\/wp-json\/wp\/v2\/media?parent=289402"}],"wp:term":[{"taxonomy":"category","embeddable":true,"href":"https:\/\/www.europesays.com\/fr\/wp-json\/wp\/v2\/categories?post=289402"},{"taxonomy":"post_tag","embeddable":true,"href":"https:\/\/www.europesays.com\/fr\/wp-json\/wp\/v2\/tags?post=289402"}],"curies":[{"name":"wp","href":"https:\/\/api.w.org\/{rel}","templated":true}]}}