{"id":289408,"date":"2025-08-01T16:29:15","date_gmt":"2025-08-01T16:29:15","guid":{"rendered":"https:\/\/www.europesays.com\/fr\/289408\/"},"modified":"2025-08-01T16:29:15","modified_gmt":"2025-08-01T16:29:15","slug":"dans-lamour-est-dans-le-pre-ces-deux-candidats-evinces-faute-de-pretendante","status":"publish","type":"post","link":"https:\/\/www.europesays.com\/fr\/289408\/","title":{"rendered":"Dans \u00ab\u00a0L\u2019Amour est dans le pr\u00e9\u00a0\u00bb, ces deux candidats \u00e9vinc\u00e9s faute de pr\u00e9tendante"},"content":{"rendered":"<p>        <img decoding=\"async\" loading=\"lazy\" src=\"https:\/\/www.europesays.com\/fr\/wp-content\/uploads\/2025\/08\/a540ab6_1734972961162-unnamed.jpg\"  width=\"728\" height=\"409\" alt=\"Le casting de la saison 20\u00a0de \u00abL\u2019Amour est dans le pr\u00e9.\u00bb\"\/>  <\/p>\n<p>Julien THEUIL \/ Philippe QUAISSE \/ PASCO &amp; CO \/ M6<\/p>\n<p>Le casting de la saison 20\u00a0de \u00abL\u2019Amour est dans le pr\u00e9.\u00bb<\/p>\n<p class=\"asset asset-text\">DIVERTISSEMENT- D\u00e9ception pour deux agriculteurs. Alors que la saison 20\u00a0de <a href=\"https:\/\/www.huffingtonpost.fr\/divertissement\/article\/dans-l-amour-est-dans-le-pre-cet-agriculteur-n-a-recu-aucun-courrier-m6-lance-un-appel_250285.html\" target=\"_blank\" rel=\"noopener\">L\u2019Amour est dans le pr\u00e9<\/a> doit \u00eatre diffus\u00e9 \u00e0 partir du lundi 11\u00a0ao\u00fbt sur <a href=\"https:\/\/www.huffingtonpost.fr\/divertissement\/video\/clarisse-dans-l-ombre-des-stars-l-agent-de-stars-nous-a-confie-les-demandes-les-plus-folles-de-ses-clients_252666.html\" target=\"_blank\" rel=\"noopener\">M6<\/a>, Karine Le\u00a0Marchand a d\u00e9j\u00e0 annonc\u00e9 que deux c\u00e9libataires, Samuel et Antoine, ont quitt\u00e9 l\u2019\u00e9mission de dating.<\/p>\n<p class=\"asset asset-text\">C\u2019est lors d\u2019un entretien <a href=\"https:\/\/www.diverto.tv\/actualites\/tele\/karine-le-marchand-revient-avec-lamour-est-dans-le-pre-nous-avons-sept-couples-formes-cette-annee\" target=\"_blank\" rel=\"noopener\" title=\"Nouvelle fen\u00eatre\">avec nos confr\u00e8res de Diverto<\/a>, le 30\u00a0juillet dernier, que la <a href=\"https:\/\/www.huffingtonpost.fr\/medias\/article\/thierry-ardisson-animateur-et-producteur-de-television-est-mort-a-l-age-de-76-ans_252564.html\" target=\"_blank\" rel=\"noopener\" title=\"Nouvelle fen\u00eatre\">pr\u00e9sentatrice historique<\/a> du programme a annonc\u00e9 la nouvelle. \u00ab\u00a0On a deux participants qui sont sortis. Ils n\u2019avaient pas du tout eu de courriers.\u00a0\u00bb Plus pr\u00e9cis\u00e9ment, \u00ab\u00a0une lettre est arriv\u00e9e deux jours avant la limite pour l\u2019un d\u2019eux, donc la personne est quand m\u00eame venue et ils se sont rencontr\u00e9s directement pendant le t\u00eate-\u00e0-t\u00eate. Mais \u00e7a ne l\u2019a pas fait\u2026\u00a0\u00bb a-t-elle indiqu\u00e9.<\/p>\n<p class=\"asset asset-text\">En mai, d\u00e9j\u00e0, la production, par l\u2019interm\u00e9diaire de son animatrice, avait lanc\u00e9 un appel sur les r\u00e9seaux sociaux concernant Antoine, un agriculteur originaire du Grand Est. \u00ab\u00a0Attention, situation exceptionnelle cette ann\u00e9e\u00a0: malheureusement, notre Antoine n\u2019a pas re\u00e7u de courrier. \u00c7a ne veut pas dire que l\u2019aventure s\u2019arr\u00eate ici, puisque nous avons d\u00e9cid\u00e9 de laisser la bo\u00eete aux lettres de \u00ab\u00a0L\u2019amour est dans le pr\u00e9\u00a0\u00bb ouverte\u00a0\u00bb, avait-elle alors promis.<\/p>\n<p class=\"asset asset-text\">Puis, le 25\u00a0juin, la cha\u00eene a annonc\u00e9 dans un communiqu\u00e9 que l\u2019exploitant de 46\u00a0ans n\u2019avait toujours pas \u00e9t\u00e9 contact\u00e9. Pour le cas de Samuel, qui lui a bien re\u00e7u une lettre, la rencontre qui en a d\u00e9coul\u00e9 n\u2019aura pas de lendemain.<\/p>\n<p> La lecture de ce contenu est susceptible d\u2019entra\u00eener un d\u00e9p\u00f4t de cookies de la part de l\u2019op\u00e9rateur tiers qui l\u2019h\u00e9berge. Compte-tenu des choix que vous avez exprim\u00e9s en mati\u00e8re de d\u00e9p\u00f4t de cookies, nous avons bloqu\u00e9 l\u2019affichage de ce contenu. Si vous souhaitez y acc\u00e9der, vous devez accepter la cat\u00e9gorie de cookies \u201cContenus tiers\u201d en cliquant sur le bouton ci-dessous. <\/p>\n<p> Lire la Vid\u00e9o        Des anciens participants victimes de cyberharc\u00e8lement    <\/p>\n<p class=\"asset asset-text\">Interrog\u00e9e par le <a href=\"https:\/\/www.programme-tv.net\/news\/tv\/383751-l-amour-est-dans-le-pre-la-production-explique-la-diminution-du-nombre-de-courriers-par-le-cas-d-une-ancienne-pretendante\/\" target=\"_blank\" rel=\"noopener\" title=\"Nouvelle fen\u00eatre\">magazine\u00a0T\u00e9l\u00e9 Loisirs<\/a> fin juillet, la productrice artistique du programme, Gabriella Mather est revenue sur le ph\u00e9nom\u00e8ne de ses <a href=\"https:\/\/www.huffingtonpost.fr\/faits-divers\/article\/en-bretagne-un-homme-gravement-blesse-par-une-bombe-artisanale-dans-sa-boite-aux-lettres_245552.html\" target=\"_blank\" rel=\"noopener\" title=\"Nouvelle fen\u00eatre\">bo\u00eetes aux lettres<\/a> qui restent vides. \u00ab\u00a0Il y a de plus en plus d\u2019agriculteurs qui re\u00e7oivent peu de lettres. Je pense que les r\u00e9seaux sociaux y sont pour beaucoup. Les gens appr\u00e9hendent. On sent qu\u2019il y a une crainte\u00a0\u00bb a-t-elle expliqu\u00e9.<\/p>\n<p class=\"asset asset-text\">Une exposition qui entra\u00eene parfois des d\u00e9rives, et rec\u00e8le des dangers pour les participants, comme le souligne la productrice\u00a0: \u00ab\u00a0On se rappelle tous de Patrice et Justine (saison 18, ndlr).\u00a0Elle s\u2019en est pris plein la gueule sur les r\u00e9seaux sociaux. Elle fait jurisprudence.\u00a0\u00bb<\/p>\n<p class=\"asset asset-text\">Une situation qui avait contraint les int\u00e9ress\u00e9s \u00e0 couper leurs r\u00e9seaux sociaux. \u00ab\u00a0C\u2019est quelque chose que l\u2019on n\u2019avait pas il y a quatre, cinq ans\u00a0\u00bb appuie Gabriella Mather, et autant de raisons qui peuvent justifier l\u2019absence de courriers pour les deux hommes et la r\u00e9ticence de certains. Rendez-vous d\u00e9sormais mi-ao\u00fbt pour suivre les aventures des 13\u00a0autres agriculteurs.<\/p>\n","protected":false},"excerpt":{"rendered":"Julien THEUIL \/ Philippe QUAISSE \/ PASCO &amp; CO \/ M6 Le casting de la saison 20\u00a0de \u00abL\u2019Amour&hellip;\n","protected":false},"author":2,"featured_media":289409,"comment_status":"","ping_status":"","sticky":false,"template":"","format":"standard","meta":{"footnotes":""},"categories":[1356],"tags":[58,59,1011,27,5413,42835,252,1364],"class_list":{"0":"post-289408","1":"post","2":"type-post","3":"status-publish","4":"format-standard","5":"has-post-thumbnail","7":"category-television","8":"tag-divertissement","9":"tag-entertainment","10":"tag-fr","11":"tag-france","12":"tag-karine-le-marchand","13":"tag-l-amour-est-dans-le-pre","14":"tag-television","15":"tag-tv"},"share_on_mastodon":{"url":"https:\/\/pubeurope.com\/@fr\/114954460506742796","error":""},"_links":{"self":[{"href":"https:\/\/www.europesays.com\/fr\/wp-json\/wp\/v2\/posts\/289408","targetHints":{"allow":["GET"]}}],"collection":[{"href":"https:\/\/www.europesays.com\/fr\/wp-json\/wp\/v2\/posts"}],"about":[{"href":"https:\/\/www.europesays.com\/fr\/wp-json\/wp\/v2\/types\/post"}],"author":[{"embeddable":true,"href":"https:\/\/www.europesays.com\/fr\/wp-json\/wp\/v2\/users\/2"}],"replies":[{"embeddable":true,"href":"https:\/\/www.europesays.com\/fr\/wp-json\/wp\/v2\/comments?post=289408"}],"version-history":[{"count":0,"href":"https:\/\/www.europesays.com\/fr\/wp-json\/wp\/v2\/posts\/289408\/revisions"}],"wp:featuredmedia":[{"embeddable":true,"href":"https:\/\/www.europesays.com\/fr\/wp-json\/wp\/v2\/media\/289409"}],"wp:attachment":[{"href":"https:\/\/www.europesays.com\/fr\/wp-json\/wp\/v2\/media?parent=289408"}],"wp:term":[{"taxonomy":"category","embeddable":true,"href":"https:\/\/www.europesays.com\/fr\/wp-json\/wp\/v2\/categories?post=289408"},{"taxonomy":"post_tag","embeddable":true,"href":"https:\/\/www.europesays.com\/fr\/wp-json\/wp\/v2\/tags?post=289408"}],"curies":[{"name":"wp","href":"https:\/\/api.w.org\/{rel}","templated":true}]}}