{"id":289410,"date":"2025-08-01T16:30:12","date_gmt":"2025-08-01T16:30:12","guid":{"rendered":"https:\/\/www.europesays.com\/fr\/289410\/"},"modified":"2025-08-01T16:30:12","modified_gmt":"2025-08-01T16:30:12","slug":"mi-vida-la-vraie-celle-ou-il-ny-a-pas-de-detour-kendji-girac-devoile-la-sortie-de-son-autobiographie-un-an-apres-setre-tire-dessus","status":"publish","type":"post","link":"https:\/\/www.europesays.com\/fr\/289410\/","title":{"rendered":"\u00ab\u00a0Mi vida, la vraie, celle o\u00f9 il n\u2019y a pas de d\u00e9tour\u00a0\u00bb\u00a0: Kendji Girac d\u00e9voile la sortie de son autobiographie, un an apr\u00e8s s\u2019\u00eatre tir\u00e9 dessus"},"content":{"rendered":"<p>\n                                                                    l&rsquo;essentiel<br \/>\n                                                                Kendji Girac a annonc\u00e9 la sortie d\u2019un livre sur son compte Instagram. Il s\u2019agit d\u2019une autobiographie dans laquelle le chanteur dit souhaiter raconter sa vie, \u00ab\u00a0la vraie, celle o\u00f9 il n\u2019y a pas de d\u00e9tour\u00a0\u00bb.\n                            <\/p>\n<p>\u00ab\u00a0Mi Vida\u00a0\u00bb. C\u2019est le titre du livre de <a href=\"https:\/\/www.ladepeche.fr\/2024\/09\/23\/kendji-girac-hate-de-vous-retrouver-son-grand-retour-sur-scene-avec-une-tournee-cinq-mois-apres-avoir-ete-blesse-par-balle-12215146.php\" target=\"_self\" rel=\"nofollow noopener\">Kendji Girac<\/a> que vous pourrez vous procurer d\u00e8s\u00a0le 1er\u00a0octobre prochain. L\u2019artiste r\u00e9v\u00e9l\u00e9 il y a 11 ans avec l\u2019\u00e9mission \u00ab\u00a0The Voice\u00a0\u00bb a r\u00e9v\u00e9l\u00e9 sur son compte Instagram la sortie de son autobiographie, qui para\u00eetra donc \u00e0 l\u2019automne aux \u00e9ditions Flammarion.<\/p>\n<p>L\u2019ouvrage est d\u2019ores et d\u00e9j\u00e0 disponible en pr\u00e9commande. Ses fans pourront ainsi bient\u00f4t d\u00e9vorer les 280 pages qui retracent le parcours de sa vie. Un moyen de garder le contact avec ses admirateurs, qui depuis 11 ans maintenant, <a href=\"https:\/\/www.ladepeche.fr\/2024\/09\/23\/kendji-girac-hate-de-vous-retrouver-son-grand-retour-sur-scene-avec-une-tournee-cinq-mois-apres-avoir-ete-blesse-par-balle-12215146.php\" target=\"_self\" rel=\"nofollow noopener\">lui sont tr\u00e8s fid\u00e8les<\/a>.<\/p>\n<blockquote data-instgrm-captioned=\"\" data-instgrm-permalink=\"https:\/\/www.instagram.com\/reel\/DMzj7CCtZMC\/?utm_source=ig_embed&amp;utm_campaign=loading\" data-instgrm-version=\"14\" style=\" background:#FFF; border:0; border-radius:3px; box-shadow:0 0 1px 0 rgba(0,0,0,0.5),0 1px 10px 0 rgba(0,0,0,0.15); margin: 1px; max-width:540px; min-width:326px; padding:0; width:99.375%; width:-webkit-calc(100% - 2px); width:calc(100% - 2px);\" data-class=\"instagram-media\"\/>\n<p>\u00ab\u00a0Mi vida, la vraie\u00a0: celle o\u00f9 il n\u2019y a pas de d\u00e9tour\u00a0\u00bb<\/p>\n<p>\u00ab\u00a0Ces derni\u00e8res ann\u00e9es, beaucoup de choses ont chang\u00e9 dans ma vie et \u00e0 l\u2019int\u00e9rieur de moi\u00a0\u00bb, se confie l\u2019artiste dans une publication. Au fil de cette autobiographie, il promet de raconter sa vie\u00a0: \u00ab\u00a0mi vida, la vraie, celle o\u00f9 il n\u2019y a pas de d\u00e9tour\u00a0\u00bb. Une immersion donc, dans son quotidien loin des cam\u00e9ras, pour permettre \u00e0 son public de\u00a0\u00ab\u00a0mieux le conna\u00eetre\u00a0\u00bb, de \u00ab\u00a0mieux le comprendre\u00a0\u00bb, poursuit-il.<\/p>\n<p class=\"std-elt__inline\">\n        <strong>\u00c0 lire aussi :<\/strong><br \/>\n        <a href=\"https:\/\/www.ladepeche.fr\/2025\/04\/18\/kendji-girac-pres-dun-an-apres-setre-tire-dessus-le-chanteur-et-sa-femme-soraya-attendent-un-nouvel-enfant-12645274.php\" rel=\"nofollow noopener\" target=\"_blank\">Kendji Girac\u00a0: pr\u00e8s d\u2019un an apr\u00e8s s\u2019\u00eatre tir\u00e9 dessus, le chanteur et sa femme Soraya attendent un nouvel enfant<\/a>\n    <\/p>\n<p>L\u2019ann\u00e9e derni\u00e8re, le chanteur avait \u00e9t\u00e9 dans une tourmente m\u00e9diatique et judiciaire apr\u00e8s avoir \u00e9t\u00e9 <a href=\"https:\/\/www.ladepeche.fr\/2024\/06\/24\/kendji-girac-le-chanteur-sest-blesse-par-balle-volontairement-selon-les-conclusions-de-lenquete-12037750.php\" target=\"_self\" rel=\"nofollow noopener\">bless\u00e9 par balle<\/a>.\u00a0L\u2019enqu\u00eate avait r\u00e9v\u00e9l\u00e9 que le chanteur s\u2019\u00e9tait volontairement tir\u00e9 dessus et avait \u00e9t\u00e9 class\u00e9e sans suite. On ne sait pas si l\u2019artiste va aborder cet \u00e9v\u00e8nement\u00a0mais selon ses mots, cette autobiographie, \u00ab\u00a0c\u2019est toute [sa] v\u00e9rit\u00e9\u00a0\u00bb.<\/p>\n<p>                                                                                                                                                                                                        <script async src=\"\/\/www.instagram.com\/embed.js\"><\/script><\/p>\n","protected":false},"excerpt":{"rendered":"l&rsquo;essentiel Kendji Girac a annonc\u00e9 la sortie d\u2019un livre sur son compte Instagram. Il s\u2019agit d\u2019une autobiographie dans&hellip;\n","protected":false},"author":2,"featured_media":289411,"comment_status":"","ping_status":"","sticky":false,"template":"","format":"standard","meta":{"footnotes":""},"categories":[1355],"tags":[58,59,1011,27,1361,873],"class_list":{"0":"post-289410","1":"post","2":"type-post","3":"status-publish","4":"format-standard","5":"has-post-thumbnail","7":"category-musique","8":"tag-divertissement","9":"tag-entertainment","10":"tag-fr","11":"tag-france","12":"tag-music","13":"tag-musique"},"share_on_mastodon":{"url":"https:\/\/pubeurope.com\/@fr\/114954464388197530","error":""},"_links":{"self":[{"href":"https:\/\/www.europesays.com\/fr\/wp-json\/wp\/v2\/posts\/289410","targetHints":{"allow":["GET"]}}],"collection":[{"href":"https:\/\/www.europesays.com\/fr\/wp-json\/wp\/v2\/posts"}],"about":[{"href":"https:\/\/www.europesays.com\/fr\/wp-json\/wp\/v2\/types\/post"}],"author":[{"embeddable":true,"href":"https:\/\/www.europesays.com\/fr\/wp-json\/wp\/v2\/users\/2"}],"replies":[{"embeddable":true,"href":"https:\/\/www.europesays.com\/fr\/wp-json\/wp\/v2\/comments?post=289410"}],"version-history":[{"count":0,"href":"https:\/\/www.europesays.com\/fr\/wp-json\/wp\/v2\/posts\/289410\/revisions"}],"wp:featuredmedia":[{"embeddable":true,"href":"https:\/\/www.europesays.com\/fr\/wp-json\/wp\/v2\/media\/289411"}],"wp:attachment":[{"href":"https:\/\/www.europesays.com\/fr\/wp-json\/wp\/v2\/media?parent=289410"}],"wp:term":[{"taxonomy":"category","embeddable":true,"href":"https:\/\/www.europesays.com\/fr\/wp-json\/wp\/v2\/categories?post=289410"},{"taxonomy":"post_tag","embeddable":true,"href":"https:\/\/www.europesays.com\/fr\/wp-json\/wp\/v2\/tags?post=289410"}],"curies":[{"name":"wp","href":"https:\/\/api.w.org\/{rel}","templated":true}]}}